{"id":36795,"date":"2026-01-27T08:21:54","date_gmt":"2026-01-27T11:21:54","guid":{"rendered":"https:\/\/sgvaimudar.com.br\/?p=36795"},"modified":"2026-01-27T08:42:42","modified_gmt":"2026-01-27T11:42:42","slug":"policia-civil-prende-homem-que-agrediu-e-manteve-ex-namorada-em-carcere-privado-em-niteroi","status":"publish","type":"post","link":"https:\/\/sgvaimudar.com.br\/index.php\/2026\/01\/27\/policia-civil-prende-homem-que-agrediu-e-manteve-ex-namorada-em-carcere-privado-em-niteroi\/","title":{"rendered":"Pol\u00edcia Civil prende homem que agrediu e manteve ex-namorada em c\u00e1rcere privado em Niter\u00f3i"},"content":{"rendered":"\n<p><em>As investiga\u00e7\u00f5es tiveram in\u00edcio ap\u00f3s a m\u00e3e da v\u00edtima registrar ocorr\u00eancia de desaparecimento da filha<\/em><\/p>\n\n\n\n<p>Os policiais civis da Delegacia de Atendimento \u00e0 Mulher (Deam) de S\u00e3o Gon\u00e7alo prenderam, nesta segunda-feira (26\/01), um homem que manteve a ex-namorada em c\u00e1rcere privado, al\u00e9m de persegui-la e agredi-la. Ele foi capturado no Centro de Niter\u00f3i, na Regi\u00e3o Metropolitana do Rio.<\/p>\n\n\n\n<p>De forma imediata, agentes iniciaram a\u00e7\u00f5es de intelig\u00eancia e apuraram que o ex-companheiro da mulher havia ido ao trabalho dela e a obrigado a acompanh\u00e1-lo. Na \u00faltima quarta-feira (21\/01), os policiais civis identificaram o endere\u00e7o onde eles estariam e, ap\u00f3s dilig\u00eancias, a resgataram. Na ocasi\u00e3o, o criminoso fugiu do local ao perceber a chegada dos agentes.<\/p>\n\n\n\n<p>Na \u00faltima sexta-feira (23\/01), mesmo procurado, o criminoso voltou a amea\u00e7ar a v\u00edtima. Ela solicitou um carro de aplicativo e, durante o trajeto, percebeu que estava sendo seguida pelo ex-companheiro, que utilizava uma moto. <\/p>\n\n\n\n<p>A mulher alertou o motorista, que tentou despistar o homem, contudo, o ve\u00edculo precisou parar atr\u00e1s de um \u00f4nibus, ocasi\u00e3o em que o criminoso desceu da moto, retirou a v\u00edtima do carro \u00e0 for\u00e7a e passou a agredi-la violentamente com socos, chutes e golpes com o capacete. As agress\u00f5es s\u00f3 cessaram ap\u00f3s a interven\u00e7\u00e3o de populares.<\/p>\n\n\n\n<p>Ap\u00f3s intensas dilig\u00eancias e trabalho de monitoramento, os policiais localizaram e prenderam o agressor, nesta segunda. Contra ele, foi cumprido mandado de pris\u00e3o preventiva pelos crimes de persegui\u00e7\u00e3o, descumprimento de medida protetiva e les\u00e3o corporal.<\/p>\n\n\n\n<p><strong><em>Passe sua informa\u00e7\u00e3o pelo nosso WhatsApp: (21) <\/em><\/strong><strong><em>99744 5345<\/em><\/strong><strong><em><\/em><\/strong><\/p>\n\n\n\n<p><strong><em>S\u00e3o Gon\u00e7alo Vai Mudar: Not\u00edcias de S\u00e3o Gon\u00e7alo e toda regi\u00e3o.<\/em><\/strong><\/p>\n\n\n\n<figure class=\"wp-block-video\"><video height=\"1280\" style=\"aspect-ratio: 720 \/ 1280;\" width=\"720\" controls src=\"https:\/\/sgvaimudar.com.br\/wp-content\/uploads\/2026\/01\/logo2026.mp4\"><\/video><\/figure>\n","protected":false},"excerpt":{"rendered":"<p>As investiga\u00e7\u00f5es tiveram in\u00edcio ap\u00f3s a m\u00e3e da v\u00edtima registrar ocorr\u00eancia de desaparecimento da filha Os policiais civis da Delegacia&hellip;<\/p>\n","protected":false},"author":5,"featured_media":36799,"comment_status":"closed","ping_status":"open","sticky":false,"template":"","format":"standard","meta":{"fifu_image_url":"https:\/\/sgvaimudar.com.br\/wp-content\/uploads\/2025\/01\/DEAM.jpg","fifu_image_alt":"","footnotes":""},"categories":[32],"tags":[39,41,166,47,75],"class_list":["post-36795","post","type-post","status-publish","format-standard","has-post-thumbnail","hentry","category-casos-de-policia","tag-ataque","tag-conflito","tag-deam","tag-rj","tag-sao-goncalo"],"_links":{"self":[{"href":"https:\/\/sgvaimudar.com.br\/index.php\/wp-json\/wp\/v2\/posts\/36795","targetHints":{"allow":["GET"]}}],"collection":[{"href":"https:\/\/sgvaimudar.com.br\/index.php\/wp-json\/wp\/v2\/posts"}],"about":[{"href":"https:\/\/sgvaimudar.com.br\/index.php\/wp-json\/wp\/v2\/types\/post"}],"author":[{"embeddable":true,"href":"https:\/\/sgvaimudar.com.br\/index.php\/wp-json\/wp\/v2\/users\/5"}],"replies":[{"embeddable":true,"href":"https:\/\/sgvaimudar.com.br\/index.php\/wp-json\/wp\/v2\/comments?post=36795"}],"version-history":[{"count":1,"href":"https:\/\/sgvaimudar.com.br\/index.php\/wp-json\/wp\/v2\/posts\/36795\/revisions"}],"predecessor-version":[{"id":36796,"href":"https:\/\/sgvaimudar.com.br\/index.php\/wp-json\/wp\/v2\/posts\/36795\/revisions\/36796"}],"wp:featuredmedia":[{"embeddable":true,"href":"https:\/\/sgvaimudar.com.br\/index.php\/wp-json\/wp\/v2\/media\/36799"}],"wp:attachment":[{"href":"https:\/\/sgvaimudar.com.br\/index.php\/wp-json\/wp\/v2\/media?parent=36795"}],"wp:term":[{"taxonomy":"category","embeddable":true,"href":"https:\/\/sgvaimudar.com.br\/index.php\/wp-json\/wp\/v2\/categories?post=36795"},{"taxonomy":"post_tag","embeddable":true,"href":"https:\/\/sgvaimudar.com.br\/index.php\/wp-json\/wp\/v2\/tags?post=36795"}],"curies":[{"name":"wp","href":"https:\/\/api.w.org\/{rel}","templated":true}]}}