{"id":36785,"date":"2026-01-26T11:34:23","date_gmt":"2026-01-26T14:34:23","guid":{"rendered":"https:\/\/sgvaimudar.com.br\/?p=36785"},"modified":"2026-01-26T11:34:24","modified_gmt":"2026-01-26T14:34:24","slug":"justica-obtem-decisao-que-mantem-mandados-contra-ex-secretario-de-urbanismo-de-niteroi-em-caso-de-superfaturamento","status":"publish","type":"post","link":"https:\/\/sgvaimudar.com.br\/index.php\/2026\/01\/26\/justica-obtem-decisao-que-mantem-mandados-contra-ex-secretario-de-urbanismo-de-niteroi-em-caso-de-superfaturamento\/","title":{"rendered":"Justi\u00e7a obt\u00e9m decis\u00e3o que mant\u00e9m mandados contra ex-secret\u00e1rio de Urbanismo de Niter\u00f3i em caso de superfaturamento"},"content":{"rendered":"\n<p><em>O prefeito Niter\u00f3i, Rodrigo Neves, escolheu Renato Barandier para assumir a Secretaria de Mobilidade, Transporte e Infraestrutura, que foi implementada em 2025 com a fus\u00e3o de outras Secretarias<\/em><\/p>\n\n\n\n<p>O Grupo de Atua\u00e7\u00e3o Especial no Combate ao Crime Organizado do Minist\u00e9rio P\u00fablico do Estado do Rio de Janeiro (GAECO\/MPRJ) obteve decis\u00e3o favor\u00e1vel da Oitava C\u00e2mara Criminal do Tribunal de Justi\u00e7a do Estado do Rio de Janeiro (TJRJ), que confirmou a validade de duas decis\u00f5es da 1\u00aa Vara Criminal de Niter\u00f3i. <\/p>\n\n\n\n<p>Essas decis\u00f5es autorizam os mandados de busca e apreens\u00e3o cumpridos em novembro de 2025, a quebra de sigilo de dados telef\u00f4nicos e telem\u00e1ticos, o sequestro de bens e o bloqueio de valores do ex-secret\u00e1rio municipal de Urbanismo e Mobilidade de Niter\u00f3i, Jos\u00e9 Renato da Gama Barandier Junior. <\/p>\n\n\n\n<p>Ele foi denunciado pelo GAECO\/MPRJ por participar de um esquema de superfaturamento em uma desapropria\u00e7\u00e3o feita pela Prefeitura.\u00a0<\/p>\n\n\n\n<p>Al\u00e9m de Jos\u00e9 Renato, o GAECO\/MPRJ denunciou mais seis pessoas: tr\u00eas servidores p\u00fablicos municipais integrantes da Comiss\u00e3o de Avalia\u00e7\u00e3o da Prefeitura; o subprocurador-geral do munic\u00edpio; e dois empres\u00e1rios, pelo crime de peculato. <\/p>\n\n\n\n<p>Segundo as investiga\u00e7\u00f5es, o grupo se articulou para que a Prefeitura de Niter\u00f3i desapropriasse, de forma superfaturada, um im\u00f3vel no bairro de Jurujuba, que serviria para a implanta\u00e7\u00e3o do Parque Natural do Morro do Morcego. <\/p>\n\n\n\n<p>O valor do im\u00f3vel foi arbitrado em R$ 36.254.000,00. A 1\u00aa Vara Criminal de Niter\u00f3i recebeu a den\u00fancia do GAECO\/MPRJ e determinou o cumprimento de nove mandados de busca e apreens\u00e3o contra os denunciados, al\u00e9m do bloqueio de R$ 20 milh\u00f5es, valor do superfaturamento detectado por relat\u00f3rio do Grupo de Apoio T\u00e9cnico Especializado (GATE\/MPRJ).<\/p>\n\n\n\n<p>Os desembargadores seguiram, por unanimidade, o voto do relator, desembargador Gilmar Augusto Teixeira. Em seu voto, o desembargador-relator destacou que a den\u00fancia do MPRJ demonstrou estarem presentes ind\u00edcios de autoria e materialidade, ressaltando a necessidade da apreens\u00e3o de bens e valores advindos da suposta pr\u00e1tica criminosa, assim como de outros documentos que eventualmente confirmem fraudes e estabele\u00e7am eventual v\u00ednculo entre os envolvidos.<\/p>\n\n\n\n<p>O desembargador-relator tamb\u00e9m afastou poss\u00edvel ilegalidade das decis\u00f5es de primeira inst\u00e2ncia, por suposta afronta a direitos fundamentais do ex-secret\u00e1rio. De acordo com o magistrado, o interesse p\u00fablico pode prevalecer sobre direitos individuais, de forma tempor\u00e1ria, para permitir a investiga\u00e7\u00e3o.<\/p>\n\n\n\n<p><strong><em>Passe sua informa\u00e7\u00e3o pelo nosso WhatsApp: (21) <\/em><\/strong><strong><em>99744 5345<\/em><\/strong><strong><em><\/em><\/strong><\/p>\n\n\n\n<p><strong><em>S\u00e3o Gon\u00e7alo Vai Mudar: Not\u00edcias de S\u00e3o Gon\u00e7alo e toda regi\u00e3o.<\/em><\/strong><\/p>\n\n\n\n<figure class=\"wp-block-video\"><video height=\"1280\" style=\"aspect-ratio: 720 \/ 1280;\" width=\"720\" controls src=\"https:\/\/sgvaimudar.com.br\/wp-content\/uploads\/2026\/01\/logo2026.mp4\"><\/video><\/figure>\n","protected":false},"excerpt":{"rendered":"<p>O prefeito Niter\u00f3i, Rodrigo Neves, escolheu Renato Barandier para assumir a Secretaria de Mobilidade, Transporte e Infraestrutura, que foi implementada&hellip;<\/p>\n","protected":false},"author":5,"featured_media":36788,"comment_status":"closed","ping_status":"open","sticky":false,"template":"","format":"standard","meta":{"fifu_image_url":"https:\/\/sgvaimudar.com.br\/wp-content\/uploads\/2026\/01\/1000150439-1024x683-1.jpg","fifu_image_alt":"","footnotes":""},"categories":[32],"tags":[1348,105,47,1349,1350],"class_list":["post-36785","post","type-post","status-publish","format-standard","has-post-thumbnail","hentry","category-casos-de-policia","tag-mandados","tag-niteroi","tag-rj","tag-superfaturamento","tag-urbanismo"],"_links":{"self":[{"href":"https:\/\/sgvaimudar.com.br\/index.php\/wp-json\/wp\/v2\/posts\/36785","targetHints":{"allow":["GET"]}}],"collection":[{"href":"https:\/\/sgvaimudar.com.br\/index.php\/wp-json\/wp\/v2\/posts"}],"about":[{"href":"https:\/\/sgvaimudar.com.br\/index.php\/wp-json\/wp\/v2\/types\/post"}],"author":[{"embeddable":true,"href":"https:\/\/sgvaimudar.com.br\/index.php\/wp-json\/wp\/v2\/users\/5"}],"replies":[{"embeddable":true,"href":"https:\/\/sgvaimudar.com.br\/index.php\/wp-json\/wp\/v2\/comments?post=36785"}],"version-history":[{"count":1,"href":"https:\/\/sgvaimudar.com.br\/index.php\/wp-json\/wp\/v2\/posts\/36785\/revisions"}],"predecessor-version":[{"id":36787,"href":"https:\/\/sgvaimudar.com.br\/index.php\/wp-json\/wp\/v2\/posts\/36785\/revisions\/36787"}],"wp:featuredmedia":[{"embeddable":true,"href":"https:\/\/sgvaimudar.com.br\/index.php\/wp-json\/wp\/v2\/media\/36788"}],"wp:attachment":[{"href":"https:\/\/sgvaimudar.com.br\/index.php\/wp-json\/wp\/v2\/media?parent=36785"}],"wp:term":[{"taxonomy":"category","embeddable":true,"href":"https:\/\/sgvaimudar.com.br\/index.php\/wp-json\/wp\/v2\/categories?post=36785"},{"taxonomy":"post_tag","embeddable":true,"href":"https:\/\/sgvaimudar.com.br\/index.php\/wp-json\/wp\/v2\/tags?post=36785"}],"curies":[{"name":"wp","href":"https:\/\/api.w.org\/{rel}","templated":true}]}}