{"id":36781,"date":"2026-01-26T11:23:59","date_gmt":"2026-01-26T14:23:59","guid":{"rendered":"https:\/\/sgvaimudar.com.br\/?p=36781"},"modified":"2026-01-26T11:24:10","modified_gmt":"2026-01-26T14:24:10","slug":"tre-rj-preve-cadastrar-biometria-de-mais-de-25-milhoes-de-eleitores-ate-6-de-maio","status":"publish","type":"post","link":"https:\/\/sgvaimudar.com.br\/index.php\/2026\/01\/26\/tre-rj-preve-cadastrar-biometria-de-mais-de-25-milhoes-de-eleitores-ate-6-de-maio\/","title":{"rendered":"TRE-RJ prev\u00ea cadastrar biometria de mais de 2,5 milh\u00f5es de eleitores at\u00e9 6 de maio"},"content":{"rendered":"\n<p><em>Coleta das impress\u00f5es digitais e demais altera\u00e7\u00f5es no cadastro eleitoral s\u00f3 podem ser realizados at\u00e9 6 de maio<\/em><\/p>\n\n\n\n<p>O Tribunal Regional Eleitoral do Rio de Janeiro (TRE-RJ) refor\u00e7a o alerta aos cerca de 2,5 milh\u00f5es de eleitoras e eleitores fluminenses que ainda n\u00e3o fizeram o cadastramento biom\u00e9trico a comparecerem aos cart\u00f3rios para a coleta das digitais at\u00e9 o dia 6 de maio. <\/p>\n\n\n\n<p>O prazo tamb\u00e9m \u00e9 o limite para outras provid\u00eancias, como solicita\u00e7\u00e3o da primeira via do t\u00edtulo, transfer\u00eancia do domic\u00edlio, atualiza\u00e7\u00e3o de informa\u00e7\u00f5es cadastrais e regulariza\u00e7\u00e3o da situa\u00e7\u00e3o eleitoral em caso de pend\u00eancias.<\/p>\n\n\n\n<p>O presidente do TRE-RJ, desembargador Claudio de Mello Tavares, ressalta que a coleta biom\u00e9trica representa muito mais que um procedimento administrativo. &#8220;O cadastramento biom\u00e9trico \u00e9 uma responsabilidade de cada cidad\u00e3o com a seguran\u00e7a do processo democr\u00e1tico. As digitais coletadas garantem que cada pessoa seja \u00fanica no cadastro eleitoral, assegurando que o voto de cada eleitor fluminense seja leg\u00edtimo&#8221;, afirma o magistrado.<\/p>\n\n\n\n<p>A coleta da biometria garante ao cidad\u00e3o uma s\u00e9rie de facilidades no acesso a servi\u00e7os p\u00fablicos, por meio da conquista do selo ouro da plataforma Gov.Br, liberando todos os servi\u00e7os digitais oferecidos pelo Governo Federal. Um deles \u00e9 o acesso \u00e0 declara\u00e7\u00e3o pr\u00e9-preenchida do Imposto de Renda de Pessoa F\u00edsica.&nbsp;<\/p>\n\n\n\n<p>O presidente do TRE-RJ tamb\u00e9m pede que os eleitores n\u00e3o deixem a busca pelos servi\u00e7os para a \u00faltima hora. &#8220;Evitem as filas, evitem contratempos. A regulariza\u00e7\u00e3o da situa\u00e7\u00e3o eleitoral, incluindo a coleta da biometria, deve ser feita agora&#8221;, completa o desembargador Claudio Mello.<\/p>\n\n\n\n<p>De acordo com a legisla\u00e7\u00e3o eleitoral, o cadastro eleitoral deve ser fechado 150 dias antes do pleito, marcado para o dia 4 de outubro. Ap\u00f3s esse marco legal, em 6 de maio, o sistema entra em um per\u00edodo de suspens\u00e3o para processamento, impossibilitando qualquer altera\u00e7\u00e3o nos dados do eleitorado at\u00e9 a conclus\u00e3o das elei\u00e7\u00f5es. Para saber se tem ou n\u00e3o a biometria coletada pela Justi\u00e7a Eleitoral, o eleitor ou a eleitora deve fazer a consulta no site do TRE-RJ.<\/p>\n\n\n\n<p><strong>JOVENS ELEITORES&nbsp;<\/strong><\/p>\n\n\n\n<p>O Tribunal tamb\u00e9m incentiva a participa\u00e7\u00e3o de adolescentes no processo eleitoral. Jovens que j\u00e1 completaram 15 anos podem solicitar a emiss\u00e3o do t\u00edtulo. Contudo, para estarem aptos a votar no primeiro turno de 2026, \u00e9 necess\u00e1rio que tenham completado 16 anos at\u00e9 o dia do primeiro turno da elei\u00e7\u00e3o, em 4 de outubro.<\/p>\n\n\n\n<p><strong>CANAIS E HOR\u00c1RIOS DE ATENDIMENTO<\/strong><\/p>\n\n\n\n<p>Atualmente, durante o m\u00eas de janeiro, o TRE-RJ opera em hor\u00e1rio especial, com atendimento ao p\u00fablico das 12h \u00e0s 17h. Nos demais meses o atendimento \u00e9 das 11h \u00e0s 19h.&nbsp;<\/p>\n\n\n\n<p>A coleta da biometria deve ser feita presencialmente em qualquer uma das\u00a0165 zonas eleitorais (cart\u00f3rios) e 18 Centrais de Atendimento ao Eleitor (CAEs)\u00a0do estado. N\u00e3o h\u00e1 necessidade de agendamento pr\u00e9vio. Os demais servi\u00e7os podem ser feitos de forma 100% digital, pelo site do TRE-RJ. Para mais informa\u00e7\u00f5es ou d\u00favidas, o Tribunal disponibiliza o Disque TRE-RJ pelo telefone (21) 3436-9000.<\/p>\n\n\n\n<p><strong><em>S\u00e3o Gon\u00e7alo Vai Mudar: Not\u00edcias de S\u00e3o Gon\u00e7alo e toda regi\u00e3o.<\/em><\/strong><\/p>\n\n\n\n<figure class=\"wp-block-video\"><video height=\"1280\" style=\"aspect-ratio: 720 \/ 1280;\" width=\"720\" controls src=\"https:\/\/sgvaimudar.com.br\/wp-content\/uploads\/2026\/01\/logo2026.mp4\"><\/video><\/figure>\n","protected":false},"excerpt":{"rendered":"<p>Coleta das impress\u00f5es digitais e demais altera\u00e7\u00f5es no cadastro eleitoral s\u00f3 podem ser realizados at\u00e9 6 de maio O Tribunal&hellip;<\/p>\n","protected":false},"author":5,"featured_media":36783,"comment_status":"closed","ping_status":"open","sticky":false,"template":"","format":"standard","meta":{"fifu_image_url":"https:\/\/sgvaimudar.com.br\/wp-content\/uploads\/2024\/11\/LancamentoCampanhaBiometria_PLONE.jpg","fifu_image_alt":"","footnotes":""},"categories":[4],"tags":[1347,74,892,47,86,73],"class_list":["post-36781","post","type-post","status-publish","format-standard","has-post-thumbnail","hentry","category-brasil","tag-biometria","tag-eleicao","tag-pais","tag-rj","tag-urnas","tag-votacao"],"_links":{"self":[{"href":"https:\/\/sgvaimudar.com.br\/index.php\/wp-json\/wp\/v2\/posts\/36781","targetHints":{"allow":["GET"]}}],"collection":[{"href":"https:\/\/sgvaimudar.com.br\/index.php\/wp-json\/wp\/v2\/posts"}],"about":[{"href":"https:\/\/sgvaimudar.com.br\/index.php\/wp-json\/wp\/v2\/types\/post"}],"author":[{"embeddable":true,"href":"https:\/\/sgvaimudar.com.br\/index.php\/wp-json\/wp\/v2\/users\/5"}],"replies":[{"embeddable":true,"href":"https:\/\/sgvaimudar.com.br\/index.php\/wp-json\/wp\/v2\/comments?post=36781"}],"version-history":[{"count":2,"href":"https:\/\/sgvaimudar.com.br\/index.php\/wp-json\/wp\/v2\/posts\/36781\/revisions"}],"predecessor-version":[{"id":36784,"href":"https:\/\/sgvaimudar.com.br\/index.php\/wp-json\/wp\/v2\/posts\/36781\/revisions\/36784"}],"wp:featuredmedia":[{"embeddable":true,"href":"https:\/\/sgvaimudar.com.br\/index.php\/wp-json\/wp\/v2\/media\/36783"}],"wp:attachment":[{"href":"https:\/\/sgvaimudar.com.br\/index.php\/wp-json\/wp\/v2\/media?parent=36781"}],"wp:term":[{"taxonomy":"category","embeddable":true,"href":"https:\/\/sgvaimudar.com.br\/index.php\/wp-json\/wp\/v2\/categories?post=36781"},{"taxonomy":"post_tag","embeddable":true,"href":"https:\/\/sgvaimudar.com.br\/index.php\/wp-json\/wp\/v2\/tags?post=36781"}],"curies":[{"name":"wp","href":"https:\/\/api.w.org\/{rel}","templated":true}]}}