{"id":36776,"date":"2026-01-26T11:10:40","date_gmt":"2026-01-26T14:10:40","guid":{"rendered":"https:\/\/sgvaimudar.com.br\/?p=36776"},"modified":"2026-01-26T11:10:40","modified_gmt":"2026-01-26T14:10:40","slug":"homem-e-preso-por-carcere-privado-em-marica","status":"publish","type":"post","link":"https:\/\/sgvaimudar.com.br\/index.php\/2026\/01\/26\/homem-e-preso-por-carcere-privado-em-marica\/","title":{"rendered":"Homem \u00e9 preso por c\u00e1rcere privado em Maric\u00e1"},"content":{"rendered":"\n<p><em>Segundo os agentes, ele confessou que teve rela\u00e7\u00f5es sexuais com a enteada de 14 anos<\/em><\/p>\n\n\n\n<p>Um homem de 37 anos foi preso em flagrante neste domingo (25), em\u00a0Maric\u00e1, por c\u00e1rcere privado. Segundo a Pol\u00edcia Militar, uma viatura da R\u00e1dio Patrulha Setor L estava em patrulhamento quando foi acionada pelo 190 para verificar um poss\u00edvel estupro na  altura do n\u00famero 6 da Rua Chile, em Jacaro\u00e1. <\/p>\n\n\n\n<p>De acordo com os militares, ao chegarem \u00e0 resid\u00eancia os agentes fizeram contato com a solicitante de 52 anos, que relatou que seu c\u00f4njuge h\u00e1 algum tempo vinha abusando sexualmente de sua filha de 14 anos.<\/p>\n\n\n\n<p>Ap\u00f3s ouvir as partes, a guarni\u00e7\u00e3o fez uso de algemas no autor, em raz\u00e3o de sua mudan\u00e7a de comportamento, visando preservar a integridade f\u00edsica da v\u00edtima, da guarni\u00e7\u00e3o e do pr\u00f3prio acusado. <\/p>\n\n\n\n<figure class=\"wp-block-video\"><video height=\"850\" style=\"aspect-ratio: 474 \/ 850;\" width=\"474\" controls src=\"https:\/\/sgvaimudar.com.br\/wp-content\/uploads\/2026\/01\/WhatsApp-Video-2026-01-26-at-09.38.54.mp4\"><\/video><\/figure>\n\n\n\n<p>Ainda no local de ocorr\u00eancia, ele confessou ao policiais ter praticado atos sexuais com a menor uma vez, por\u00e9m, n\u00e3o na presente data. A guarni\u00e7\u00e3o procedeu com as partes \u00e0 82\u00aa DP, posteriormente \u00e0 76\u00aa DP (Centro-Niter\u00f3i), onde a genitora declarou que esteve impedida de realizar o registro de ocorr\u00eancia em raz\u00e3o da restri\u00e7\u00e3o de sua liberdade por parte do acusado. <\/p>\n\n\n\n<p>Diante da aus\u00eancia de flagr\u00e2ncia de estupro e dos fatos narrados em sede policial, o acusado foi autuado e preso em flagrante pelo crime de c\u00e1rcere privado (art. 148 \u2013 CP) da genitora, tendo sua filha testemunhado o ocorrido.\u00a0<\/p>\n\n\n\n<p><strong><em>Passe sua informa\u00e7\u00e3o pelo nosso WhatsApp: (21) <\/em><\/strong><strong><em>99744 5345<\/em><\/strong><strong><em><\/em><\/strong><\/p>\n\n\n\n<p><strong><em>S\u00e3o Gon\u00e7alo Vai Mudar: Not\u00edcias de S\u00e3o Gon\u00e7alo e toda regi\u00e3o.<\/em><\/strong><\/p>\n\n\n\n<figure class=\"wp-block-image size-large is-resized\"><img fetchpriority=\"high\" decoding=\"async\" width=\"577\" height=\"1024\" src=\"https:\/\/sgvaimudar.com.br\/wp-content\/uploads\/2026\/01\/vceoreporter.SGVM_-577x1024.jpg\" alt=\"\" class=\"wp-image-36417\" style=\"width:711px;height:auto\" srcset=\"https:\/\/sgvaimudar.com.br\/wp-content\/uploads\/2026\/01\/vceoreporter.SGVM_-577x1024.jpg 577w, https:\/\/sgvaimudar.com.br\/wp-content\/uploads\/2026\/01\/vceoreporter.SGVM_-169x300.jpg 169w, https:\/\/sgvaimudar.com.br\/wp-content\/uploads\/2026\/01\/vceoreporter.SGVM_.jpg 640w\" sizes=\"(max-width: 577px) 100vw, 577px\" \/><\/figure>\n","protected":false},"excerpt":{"rendered":"<p>Segundo os agentes, ele confessou que teve rela\u00e7\u00f5es sexuais com a enteada de 14 anos Um homem de 37 anos&hellip;<\/p>\n","protected":false},"author":5,"featured_media":36780,"comment_status":"closed","ping_status":"open","sticky":false,"template":"","format":"standard","meta":{"fifu_image_url":"https:\/\/sgvaimudar.com.br\/wp-content\/uploads\/2026\/01\/marica.jpg","fifu_image_alt":"","footnotes":""},"categories":[32],"tags":[39,41,895,459,1225,47],"class_list":["post-36776","post","type-post","status-publish","format-standard","has-post-thumbnail","hentry","category-casos-de-policia","tag-ataque","tag-conflito","tag-estupro","tag-marica","tag-polica","tag-rj"],"_links":{"self":[{"href":"https:\/\/sgvaimudar.com.br\/index.php\/wp-json\/wp\/v2\/posts\/36776","targetHints":{"allow":["GET"]}}],"collection":[{"href":"https:\/\/sgvaimudar.com.br\/index.php\/wp-json\/wp\/v2\/posts"}],"about":[{"href":"https:\/\/sgvaimudar.com.br\/index.php\/wp-json\/wp\/v2\/types\/post"}],"author":[{"embeddable":true,"href":"https:\/\/sgvaimudar.com.br\/index.php\/wp-json\/wp\/v2\/users\/5"}],"replies":[{"embeddable":true,"href":"https:\/\/sgvaimudar.com.br\/index.php\/wp-json\/wp\/v2\/comments?post=36776"}],"version-history":[{"count":1,"href":"https:\/\/sgvaimudar.com.br\/index.php\/wp-json\/wp\/v2\/posts\/36776\/revisions"}],"predecessor-version":[{"id":36779,"href":"https:\/\/sgvaimudar.com.br\/index.php\/wp-json\/wp\/v2\/posts\/36776\/revisions\/36779"}],"wp:featuredmedia":[{"embeddable":true,"href":"https:\/\/sgvaimudar.com.br\/index.php\/wp-json\/wp\/v2\/media\/36780"}],"wp:attachment":[{"href":"https:\/\/sgvaimudar.com.br\/index.php\/wp-json\/wp\/v2\/media?parent=36776"}],"wp:term":[{"taxonomy":"category","embeddable":true,"href":"https:\/\/sgvaimudar.com.br\/index.php\/wp-json\/wp\/v2\/categories?post=36776"},{"taxonomy":"post_tag","embeddable":true,"href":"https:\/\/sgvaimudar.com.br\/index.php\/wp-json\/wp\/v2\/tags?post=36776"}],"curies":[{"name":"wp","href":"https:\/\/api.w.org\/{rel}","templated":true}]}}