{"id":36754,"date":"2026-01-26T10:14:00","date_gmt":"2026-01-26T13:14:00","guid":{"rendered":"https:\/\/sgvaimudar.com.br\/?p=36754"},"modified":"2026-01-26T10:19:11","modified_gmt":"2026-01-26T13:19:11","slug":"juliana-paes-exibe-decote-ousado-em-ensaio-de-rua-da-viradouro","status":"publish","type":"post","link":"https:\/\/sgvaimudar.com.br\/index.php\/2026\/01\/26\/juliana-paes-exibe-decote-ousado-em-ensaio-de-rua-da-viradouro\/","title":{"rendered":"Juliana Paes exibe decote ousado em ensaio de rua da Viradouro"},"content":{"rendered":"\n<p><em>Atriz \u00e9 rainha de bateria da agremia\u00e7\u00e3o<\/em><\/p>\n\n\n\n<p>A atriz Juliana Paes, de 46 anos, est\u00e1 com tudo e est\u00e1 por cima. Ela apostou em um vestido decotado nas cores vermelho e preto para o ensaio de rua deste domingo (25) da Unidos do Viradouro. A atriz \u00e9 rainha de bateria da escola de samba de Niter\u00f3i.\u00a0<\/p>\n\n\n\n<p>Amigos do Portal do Samba registraram a presen\u00e7a de Juliana Paes no desfile da Viradouro, no Centro de Niter\u00f3i e o <strong>Portal Niter\u00f3i Vai Mudar<\/strong> divulgou a beleza da musa.<\/p>\n\n\n\n<figure class=\"wp-block-video\"><video height=\"900\" style=\"aspect-ratio: 720 \/ 900;\" width=\"720\" controls src=\"https:\/\/sgvaimudar.com.br\/wp-content\/uploads\/2026\/01\/Nossos-amigos-do-Portal-do-Samba-registraram-a-presenca-de-Juliana-Paes-no-desfile-da-Viradouro.mp4\"><\/video><\/figure>\n\n\n\n<p>Neste ano, a agremia\u00e7\u00e3o levar\u00e1 para Marqu\u00eas de Sapuca\u00ed o enredo &#8220;Pra Cima, Ci\u00e7a&#8221;, em homenagem a Moacyr da Silva Pinto, o mestre de bateria Ci\u00e7a, que completa 70 anos de vida e 55 de samba em 2026. A Viradouro ser\u00e1 a terceira a desfilar na segunda-feira de Carnaval.<\/p>\n\n\n\n<p><strong><em>S\u00e3o Gon\u00e7alo Vai Mudar: Not\u00edcias de S\u00e3o Gon\u00e7alo e toda regi\u00e3o.<\/em><\/strong><\/p>\n\n\n\n<figure class=\"wp-block-video\"><video height=\"1280\" style=\"aspect-ratio: 720 \/ 1280;\" width=\"720\" controls src=\"https:\/\/sgvaimudar.com.br\/wp-content\/uploads\/2026\/01\/logo2026.mp4\"><\/video><\/figure>\n","protected":false},"excerpt":{"rendered":"<p>Atriz \u00e9 rainha de bateria da agremia\u00e7\u00e3o A atriz Juliana Paes, de 46 anos, est\u00e1 com tudo e est\u00e1 por&hellip;<\/p>\n","protected":false},"author":5,"featured_media":36763,"comment_status":"closed","ping_status":"open","sticky":false,"template":"","format":"standard","meta":{"fifu_image_url":"https:\/\/sgvaimudar.com.br\/wp-content\/uploads\/2026\/01\/SnapInsta.to_582418226_18546013024043450_3246777465736254335_n.jpg","fifu_image_alt":"","footnotes":""},"categories":[6],"tags":[1345,668,479,47,88,75],"class_list":["post-36754","post","type-post","status-publish","format-standard","has-post-thumbnail","hentry","category-entretenimento","tag-paes","tag-portal","tag-rainha","tag-rj","tag-samba","tag-sao-goncalo"],"_links":{"self":[{"href":"https:\/\/sgvaimudar.com.br\/index.php\/wp-json\/wp\/v2\/posts\/36754","targetHints":{"allow":["GET"]}}],"collection":[{"href":"https:\/\/sgvaimudar.com.br\/index.php\/wp-json\/wp\/v2\/posts"}],"about":[{"href":"https:\/\/sgvaimudar.com.br\/index.php\/wp-json\/wp\/v2\/types\/post"}],"author":[{"embeddable":true,"href":"https:\/\/sgvaimudar.com.br\/index.php\/wp-json\/wp\/v2\/users\/5"}],"replies":[{"embeddable":true,"href":"https:\/\/sgvaimudar.com.br\/index.php\/wp-json\/wp\/v2\/comments?post=36754"}],"version-history":[{"count":1,"href":"https:\/\/sgvaimudar.com.br\/index.php\/wp-json\/wp\/v2\/posts\/36754\/revisions"}],"predecessor-version":[{"id":36756,"href":"https:\/\/sgvaimudar.com.br\/index.php\/wp-json\/wp\/v2\/posts\/36754\/revisions\/36756"}],"wp:featuredmedia":[{"embeddable":true,"href":"https:\/\/sgvaimudar.com.br\/index.php\/wp-json\/wp\/v2\/media\/36763"}],"wp:attachment":[{"href":"https:\/\/sgvaimudar.com.br\/index.php\/wp-json\/wp\/v2\/media?parent=36754"}],"wp:term":[{"taxonomy":"category","embeddable":true,"href":"https:\/\/sgvaimudar.com.br\/index.php\/wp-json\/wp\/v2\/categories?post=36754"},{"taxonomy":"post_tag","embeddable":true,"href":"https:\/\/sgvaimudar.com.br\/index.php\/wp-json\/wp\/v2\/tags?post=36754"}],"curies":[{"name":"wp","href":"https:\/\/api.w.org\/{rel}","templated":true}]}}