{"id":36744,"date":"2026-01-25T10:02:05","date_gmt":"2026-01-25T13:02:05","guid":{"rendered":"https:\/\/sgvaimudar.com.br\/?p=36744"},"modified":"2026-01-25T10:02:05","modified_gmt":"2026-01-25T13:02:05","slug":"espaco-lidera-mulher-pronto-para-o-carnaval","status":"publish","type":"post","link":"https:\/\/sgvaimudar.com.br\/index.php\/2026\/01\/25\/espaco-lidera-mulher-pronto-para-o-carnaval\/","title":{"rendered":"Espa\u00e7o Lidera Mulher pronto para o Carnaval"},"content":{"rendered":"\n<p><em>Loja no Partage Shopping conta com diversos itens para curtir a folia<\/em><\/p>\n\n\n\n<p>O Espa\u00e7o Lidera Mulher j\u00e1 est\u00e1 em clima de folia. Os gon\u00e7alenses que pretendem comprar adere\u00e7os e decora\u00e7\u00f5es de Carnaval podem conferir os itens na loja, que fica no 3\u00ba piso do Partage Shopping, no Centro.<\/p>\n\n\n\n<p>O local \u00e9 ligado \u00e0 Subsecretaria de Pol\u00edticas P\u00fablicas para as Mulheres da Secretaria de Assist\u00eancia Social da Prefeitura de S\u00e3o Gon\u00e7alo e tem produtos feitos por artes\u00e3s da cidade que participaram do Lidera Mulher. O projeto da subsecretaria promove um curso gratuito voltado ao empreendedorismo feminino, em parceria com o Sebrae.<\/p>\n\n\n\n<figure class=\"wp-block-image size-large\"><img fetchpriority=\"high\" decoding=\"async\" width=\"1024\" height=\"684\" src=\"https:\/\/sgvaimudar.com.br\/wp-content\/uploads\/2026\/01\/unnamed-9-5-1024x684.jpg\" alt=\"\" class=\"wp-image-36745\" srcset=\"https:\/\/sgvaimudar.com.br\/wp-content\/uploads\/2026\/01\/unnamed-9-5-1024x684.jpg 1024w, https:\/\/sgvaimudar.com.br\/wp-content\/uploads\/2026\/01\/unnamed-9-5-300x200.jpg 300w, https:\/\/sgvaimudar.com.br\/wp-content\/uploads\/2026\/01\/unnamed-9-5-768x513.jpg 768w, https:\/\/sgvaimudar.com.br\/wp-content\/uploads\/2026\/01\/unnamed-9-5-1536x1027.jpg 1536w, https:\/\/sgvaimudar.com.br\/wp-content\/uploads\/2026\/01\/unnamed-9-5.jpg 1616w\" sizes=\"(max-width: 1024px) 100vw, 1024px\" \/><\/figure>\n\n\n\n<p>A equipe do espa\u00e7o sempre decora e p\u00f5e em destaque itens especiais para cada \u00e9poca do ano. Com o Carnaval se aproximando, \u00e9 poss\u00edvel encontrar \u00e0 venda tops customizados com paet\u00ea, brincos de fitas, arcos decorados e roupas carnavalescas.<\/p>\n\n\n\n<p>Uma das expositoras da loja \u00e9 Cleide Medeiros, de 57 anos. A gon\u00e7alense \u00e9 costureira e participou da capacita\u00e7\u00e3o do projeto. Depois do curso de empreendedorismo, ela ampliou os seus neg\u00f3cios e exp\u00f5e diversas roupas no Espa\u00e7o Lidera Mulher.<\/p>\n\n\n\n<p>\u201cSoube das aulas do projeto quando entrei aqui no Espa\u00e7o pela primeira vez. Eu costurava roupas e n\u00e3o colocava para venda, foi a galera do Lidera que me incentivou a come\u00e7ar. Elas gostaram da roupa que eu estava vestindo, falei que tinha sido feita por mim e ficaram encantadas. Desde ent\u00e3o, eu aprendi muito no curso. Hoje produzo n\u00e3o s\u00f3 roupas para o dia a dia, mas tamb\u00e9m para o Carnaval, minha neta \u00e9 porta-bandeira mirim e eu aprendi a elaborar essas pe\u00e7as,\u201d contou a empreendedora.<\/p>\n\n\n\n<p>O Espa\u00e7o Lidera Mulher funciona de ter\u00e7a a domingo, das 13h \u00e0s 20h.<\/p>\n\n\n\n<p><em>Foto: Renan Otto<\/em><\/p>\n\n\n\n<figure class=\"wp-block-image size-large\"><img decoding=\"async\" width=\"1024\" height=\"46\" src=\"https:\/\/sgvaimudar.com.br\/wp-content\/uploads\/2026\/01\/Anuncie-Aqui-Sao-Goncalo-vai-mudar-1024x46.webp\" alt=\"\" class=\"wp-image-36580\" srcset=\"https:\/\/sgvaimudar.com.br\/wp-content\/uploads\/2026\/01\/Anuncie-Aqui-Sao-Goncalo-vai-mudar-1024x46.webp 1024w, https:\/\/sgvaimudar.com.br\/wp-content\/uploads\/2026\/01\/Anuncie-Aqui-Sao-Goncalo-vai-mudar-300x14.webp 300w, https:\/\/sgvaimudar.com.br\/wp-content\/uploads\/2026\/01\/Anuncie-Aqui-Sao-Goncalo-vai-mudar-768x35.webp 768w, https:\/\/sgvaimudar.com.br\/wp-content\/uploads\/2026\/01\/Anuncie-Aqui-Sao-Goncalo-vai-mudar-1536x69.webp 1536w, https:\/\/sgvaimudar.com.br\/wp-content\/uploads\/2026\/01\/Anuncie-Aqui-Sao-Goncalo-vai-mudar.webp 1600w\" sizes=\"(max-width: 1024px) 100vw, 1024px\" \/><\/figure>\n","protected":false},"excerpt":{"rendered":"<p>Loja no Partage Shopping conta com diversos itens para curtir a folia O Espa\u00e7o Lidera Mulher j\u00e1 est\u00e1 em clima&hellip;<\/p>\n","protected":false},"author":5,"featured_media":36746,"comment_status":"closed","ping_status":"open","sticky":false,"template":"","format":"standard","meta":{"fifu_image_url":"","fifu_image_alt":"","footnotes":""},"categories":[3],"tags":[],"class_list":["post-36744","post","type-post","status-publish","format-standard","has-post-thumbnail","hentry","category-sao-goncalo"],"_links":{"self":[{"href":"https:\/\/sgvaimudar.com.br\/index.php\/wp-json\/wp\/v2\/posts\/36744","targetHints":{"allow":["GET"]}}],"collection":[{"href":"https:\/\/sgvaimudar.com.br\/index.php\/wp-json\/wp\/v2\/posts"}],"about":[{"href":"https:\/\/sgvaimudar.com.br\/index.php\/wp-json\/wp\/v2\/types\/post"}],"author":[{"embeddable":true,"href":"https:\/\/sgvaimudar.com.br\/index.php\/wp-json\/wp\/v2\/users\/5"}],"replies":[{"embeddable":true,"href":"https:\/\/sgvaimudar.com.br\/index.php\/wp-json\/wp\/v2\/comments?post=36744"}],"version-history":[{"count":1,"href":"https:\/\/sgvaimudar.com.br\/index.php\/wp-json\/wp\/v2\/posts\/36744\/revisions"}],"predecessor-version":[{"id":36747,"href":"https:\/\/sgvaimudar.com.br\/index.php\/wp-json\/wp\/v2\/posts\/36744\/revisions\/36747"}],"wp:featuredmedia":[{"embeddable":true,"href":"https:\/\/sgvaimudar.com.br\/index.php\/wp-json\/wp\/v2\/media\/36746"}],"wp:attachment":[{"href":"https:\/\/sgvaimudar.com.br\/index.php\/wp-json\/wp\/v2\/media?parent=36744"}],"wp:term":[{"taxonomy":"category","embeddable":true,"href":"https:\/\/sgvaimudar.com.br\/index.php\/wp-json\/wp\/v2\/categories?post=36744"},{"taxonomy":"post_tag","embeddable":true,"href":"https:\/\/sgvaimudar.com.br\/index.php\/wp-json\/wp\/v2\/tags?post=36744"}],"curies":[{"name":"wp","href":"https:\/\/api.w.org\/{rel}","templated":true}]}}