{"id":3671,"date":"2023-10-16T18:10:59","date_gmt":"2023-10-16T21:10:59","guid":{"rendered":"https:\/\/sgvaimudar.com.br\/?p=3671"},"modified":"2023-10-16T18:10:59","modified_gmt":"2023-10-16T21:10:59","slug":"sao-goncalo-convoca-populacao-para-se-vacinar","status":"publish","type":"post","link":"https:\/\/sgvaimudar.com.br\/index.php\/2023\/10\/16\/sao-goncalo-convoca-populacao-para-se-vacinar\/","title":{"rendered":"S\u00e3o Gon\u00e7alo convoca popula\u00e7\u00e3o para se vacinar"},"content":{"rendered":"\n<p>A Coordena\u00e7\u00e3o de Imuniza\u00e7\u00e3o da Secretaria de Sa\u00fade e Defesa Civil da Prefeitura de S\u00e3o Gon\u00e7alo convoca a popula\u00e7\u00e3o para colocar o esquema vacinal em dia, aproveitando a comemora\u00e7\u00e3o do Dia Nacional da Vacina\u00e7\u00e3o, lembrado em 17 de outubro. A cidade est\u00e1 com todos os \u00edndices de vacina\u00e7\u00e3o abaixo do esperado pelo Minist\u00e9rio da Sa\u00fade, que \u00e9 de 90% do p\u00fablico-alvo.<\/p>\n\n\n\n<p>Crian\u00e7as e adultos devem procurar as unidades de sa\u00fade com salas de imuniza\u00e7\u00e3o para realizar a avalia\u00e7\u00e3o da caderneta de vacina\u00e7\u00e3o. Elas funcionam de segunda a sexta-feira, exceto feriados, das 8h \u00e0s 17h. A atualiza\u00e7\u00e3o \u00e9 feita de acordo com a situa\u00e7\u00e3o de cada pessoa. Quem perdeu a caderneta de vacina\u00e7\u00e3o ter\u00e1 a indica\u00e7\u00e3o das vacinas que podem ser aplicadas conforme a idade e um novo comprovante ser\u00e1 emitido.<\/p>\n\n\n\n<p>\u201cTodas as vacinas est\u00e3o dispon\u00edveis e podem ser administradas em um mesmo dia. A exce\u00e7\u00e3o \u00e9 para a vacina da febre amarela, que n\u00e3o pode ser realizada, simultaneamente, com a vacina tr\u00edplice viral ou tetra viral para crian\u00e7as com menos de dois anos. Nesses casos, deve-se respeitar o intervalo de, no m\u00ednimo, 15 dias entre as doses\u201d, disse Thain\u00e1 Fratane, coordenadora de Imuniza\u00e7\u00e3o da Secretaria.<\/p>\n\n\n\n<p>A contraindica\u00e7\u00e3o da aplica\u00e7\u00e3o das vacinas s\u00f3 acontece nos casos de evolu\u00e7\u00e3o de doen\u00e7as agudas febris. O uso de antibi\u00f3ticos n\u00e3o interfere na aplica\u00e7\u00e3o das vacinas, que s\u00e3o seguras e recomendadas pelo Minist\u00e9rio da Sa\u00fade. \u201cManter a situa\u00e7\u00e3o vacinal em dia \u00e9 importante para a prote\u00e7\u00e3o individual e coletiva, j\u00e1 que evita o retorno de doen\u00e7as j\u00e1 erradicadas\u201d, finalizou Thain\u00e1.<\/p>\n\n\n\n<h1 class=\"wp-block-heading\">sgvaimudar<\/h1>\n","protected":false},"excerpt":{"rendered":"<p>A Coordena\u00e7\u00e3o de Imuniza\u00e7\u00e3o da Secretaria de Sa\u00fade e Defesa Civil da Prefeitura de S\u00e3o Gon\u00e7alo convoca a popula\u00e7\u00e3o para&hellip;<\/p>\n","protected":false},"author":2,"featured_media":3672,"comment_status":"open","ping_status":"open","sticky":false,"template":"","format":"standard","meta":{"fifu_image_url":"","fifu_image_alt":"","footnotes":""},"categories":[3],"tags":[],"class_list":["post-3671","post","type-post","status-publish","format-standard","has-post-thumbnail","hentry","category-sao-goncalo"],"_links":{"self":[{"href":"https:\/\/sgvaimudar.com.br\/index.php\/wp-json\/wp\/v2\/posts\/3671","targetHints":{"allow":["GET"]}}],"collection":[{"href":"https:\/\/sgvaimudar.com.br\/index.php\/wp-json\/wp\/v2\/posts"}],"about":[{"href":"https:\/\/sgvaimudar.com.br\/index.php\/wp-json\/wp\/v2\/types\/post"}],"author":[{"embeddable":true,"href":"https:\/\/sgvaimudar.com.br\/index.php\/wp-json\/wp\/v2\/users\/2"}],"replies":[{"embeddable":true,"href":"https:\/\/sgvaimudar.com.br\/index.php\/wp-json\/wp\/v2\/comments?post=3671"}],"version-history":[{"count":1,"href":"https:\/\/sgvaimudar.com.br\/index.php\/wp-json\/wp\/v2\/posts\/3671\/revisions"}],"predecessor-version":[{"id":3673,"href":"https:\/\/sgvaimudar.com.br\/index.php\/wp-json\/wp\/v2\/posts\/3671\/revisions\/3673"}],"wp:featuredmedia":[{"embeddable":true,"href":"https:\/\/sgvaimudar.com.br\/index.php\/wp-json\/wp\/v2\/media\/3672"}],"wp:attachment":[{"href":"https:\/\/sgvaimudar.com.br\/index.php\/wp-json\/wp\/v2\/media?parent=3671"}],"wp:term":[{"taxonomy":"category","embeddable":true,"href":"https:\/\/sgvaimudar.com.br\/index.php\/wp-json\/wp\/v2\/categories?post=3671"},{"taxonomy":"post_tag","embeddable":true,"href":"https:\/\/sgvaimudar.com.br\/index.php\/wp-json\/wp\/v2\/tags?post=3671"}],"curies":[{"name":"wp","href":"https:\/\/api.w.org\/{rel}","templated":true}]}}