{"id":36681,"date":"2026-01-23T08:12:15","date_gmt":"2026-01-23T11:12:15","guid":{"rendered":"https:\/\/sgvaimudar.com.br\/?p=36681"},"modified":"2026-01-23T08:12:15","modified_gmt":"2026-01-23T11:12:15","slug":"governador-do-rio-lanca-maior-programa-de-tecnologia-aplicada-a-seguranca-publica-da-america-latina","status":"publish","type":"post","link":"https:\/\/sgvaimudar.com.br\/index.php\/2026\/01\/23\/governador-do-rio-lanca-maior-programa-de-tecnologia-aplicada-a-seguranca-publica-da-america-latina\/","title":{"rendered":"Governador do Rio lan\u00e7a maior programa de tecnologia aplicada \u00e0 seguran\u00e7a p\u00fablica da Am\u00e9rica Latina"},"content":{"rendered":"\n<p><em>Programa Sentinela vai contar com mais de 200 mil c\u00e2meras de intelig\u00eancia artificial<\/em><\/p>\n\n\n\n<p>O governador Cl\u00e1udio Castro lan\u00e7ou, nesta quinta-feira (22\/01), o programa Sentinela, com foco no fortalecimento da seguran\u00e7a p\u00fablica, da governan\u00e7a e da qualidade de vida nos munic\u00edpios fluminenses. \u00c9 o maior programa de tecnologia aplicada \u00e0 seguran\u00e7a publica \u00a0da Am\u00e9rica Latina e vai contar com equipamentos tecnol\u00f3gicos de alta qualidade.<\/p>\n\n\n\n<p>A iniciativa ser\u00e1 estruturada em cinco eixos: Cidades Inteligentes, Inova\u00e7\u00e3o, Privacidade, Conectividade e Di\u00e1logo, e vai oferecer um conjunto de a\u00e7\u00f5es voltadas ao desenvolvimento urbano sustent\u00e1vel e humano, al\u00e9m da preven\u00e7\u00e3o da viol\u00eancia.<\/p>\n\n\n\n<figure class=\"wp-block-image size-large\"><img fetchpriority=\"high\" decoding=\"async\" width=\"1024\" height=\"683\" src=\"https:\/\/sgvaimudar.com.br\/wp-content\/uploads\/2026\/01\/IMGL9365-1024x683.jpg\" alt=\"\" class=\"wp-image-36682\" srcset=\"https:\/\/sgvaimudar.com.br\/wp-content\/uploads\/2026\/01\/IMGL9365-1024x683.jpg 1024w, https:\/\/sgvaimudar.com.br\/wp-content\/uploads\/2026\/01\/IMGL9365-300x200.jpg 300w, https:\/\/sgvaimudar.com.br\/wp-content\/uploads\/2026\/01\/IMGL9365-768x512.jpg 768w, https:\/\/sgvaimudar.com.br\/wp-content\/uploads\/2026\/01\/IMGL9365-1536x1024.jpg 1536w, https:\/\/sgvaimudar.com.br\/wp-content\/uploads\/2026\/01\/IMGL9365-2048x1365.jpg 2048w\" sizes=\"(max-width: 1024px) 100vw, 1024px\" \/><\/figure>\n\n\n\n<p>\u2014 A tecnologia \u00e9 o DNA do nosso governo. Seguimos investindo em equipamentos de ponta para garantir melhores condi\u00e7\u00f5es de trabalho, especialmente na \u00e1rea da seguran\u00e7a p\u00fablica e hoje apresentamos \u00e0 sociedade uma ferramenta que ter\u00e1 um papel fundamental. O programa Sentinela vai unir o estado aos munic\u00edpios com um novo conceito de seguran\u00e7a \u2014 destacou o governador Cl\u00e1udio Castro.<\/p>\n\n\n\n<p>O Sentinela contar\u00e1 com um moderno sistema de monitoramento, que inclui c\u00e2meras com reconhecimento facial, leitura automatizada de placas de ve\u00edculos e an\u00e1lise inteligente e tecnol\u00f3gica de imagens. Tamb\u00e9m est\u00e1 prevista a instala\u00e7\u00e3o de balan\u00e7as digitais para controle de peso em rodovias, scanners para inspe\u00e7\u00e3o de cargas e ve\u00edculos, al\u00e9m de softwares espec\u00edficos.<\/p>\n\n\n\n<p>A iniciativa prev\u00ea a instala\u00e7\u00e3o de mais de 200 mil c\u00e2meras em locais estrat\u00e9gicos, definidos a partir de estudos t\u00e9cnicos e an\u00e1lises criteriosas. Al\u00e9m da seguran\u00e7a p\u00fablica, o projeto tamb\u00e9m atender\u00e1 outras \u00e1reas, como meio ambiente e urbanismo.<\/p>\n\n\n\n<p>Para a elabora\u00e7\u00e3o do programa, equipes t\u00e9cnicas do estado realizaram estudos ao longo de tr\u00eas anos, visitando grandes centros de videomonitoramento na China, no Reino Unido, no M\u00e9xico e nos Estados Unidos. Tamb\u00e9m conheceram centros tecnol\u00f3gicos em cidades brasileiras. como S\u00e3o Paulo, Esp\u00edrito Santo e Bahia.<\/p>\n\n\n\n<p>O Governo do Estado j\u00e1 iniciou o projeto de licita\u00e7\u00e3o para a execu\u00e7\u00e3o do servi\u00e7o. A previs\u00e3o \u00e9 de que os primeiros equipamentos sejam instalados em at\u00e9 seis meses. O bairro de Copacabana, ma zona sul do Rio, e o munic\u00edpio de Belford Roxo, na Baixada Fluminense, v\u00e3o receber os primeiros equipamentos, funcionando como projetos-piloto.<\/p>\n\n\n\n<p><em>Fotos: Eliane Carvalho<\/em><\/p>\n\n\n\n<p><strong><em>Passe sua &nbsp;informa\u00e7\u00e3o pelo nosso WhatsApp: (21) <\/em><\/strong><strong><em>99744 5345<\/em><\/strong><strong><em><\/em><\/strong><\/p>\n\n\n\n<p><strong><em>S\u00e3o Gon\u00e7alo Vai Mudar: Not\u00edcias de S\u00e3o Gon\u00e7alo e toda regi\u00e3o.<\/em><\/strong><\/p>\n\n\n\n<figure class=\"wp-block-video\"><video height=\"1280\" style=\"aspect-ratio: 720 \/ 1280;\" width=\"720\" controls src=\"https:\/\/sgvaimudar.com.br\/wp-content\/uploads\/2026\/01\/logo2026.mp4\"><\/video><\/figure>\n","protected":false},"excerpt":{"rendered":"<p>Programa Sentinela vai contar com mais de 200 mil c\u00e2meras de intelig\u00eancia artificial O governador Cl\u00e1udio Castro lan\u00e7ou, nesta quinta-feira&hellip;<\/p>\n","protected":false},"author":5,"featured_media":36685,"comment_status":"closed","ping_status":"open","sticky":false,"template":"","format":"standard","meta":{"fifu_image_url":"https:\/\/sgvaimudar.com.br\/wp-content\/uploads\/2026\/01\/IMGL9547-scaled.jpg","fifu_image_alt":"","footnotes":""},"categories":[32],"tags":[39,41,40,890,47,498],"class_list":["post-36681","post","type-post","status-publish","format-standard","has-post-thumbnail","hentry","category-casos-de-policia","tag-ataque","tag-conflito","tag-guerra","tag-publica","tag-rj","tag-seguranca-2"],"_links":{"self":[{"href":"https:\/\/sgvaimudar.com.br\/index.php\/wp-json\/wp\/v2\/posts\/36681","targetHints":{"allow":["GET"]}}],"collection":[{"href":"https:\/\/sgvaimudar.com.br\/index.php\/wp-json\/wp\/v2\/posts"}],"about":[{"href":"https:\/\/sgvaimudar.com.br\/index.php\/wp-json\/wp\/v2\/types\/post"}],"author":[{"embeddable":true,"href":"https:\/\/sgvaimudar.com.br\/index.php\/wp-json\/wp\/v2\/users\/5"}],"replies":[{"embeddable":true,"href":"https:\/\/sgvaimudar.com.br\/index.php\/wp-json\/wp\/v2\/comments?post=36681"}],"version-history":[{"count":1,"href":"https:\/\/sgvaimudar.com.br\/index.php\/wp-json\/wp\/v2\/posts\/36681\/revisions"}],"predecessor-version":[{"id":36684,"href":"https:\/\/sgvaimudar.com.br\/index.php\/wp-json\/wp\/v2\/posts\/36681\/revisions\/36684"}],"wp:featuredmedia":[{"embeddable":true,"href":"https:\/\/sgvaimudar.com.br\/index.php\/wp-json\/wp\/v2\/media\/36685"}],"wp:attachment":[{"href":"https:\/\/sgvaimudar.com.br\/index.php\/wp-json\/wp\/v2\/media?parent=36681"}],"wp:term":[{"taxonomy":"category","embeddable":true,"href":"https:\/\/sgvaimudar.com.br\/index.php\/wp-json\/wp\/v2\/categories?post=36681"},{"taxonomy":"post_tag","embeddable":true,"href":"https:\/\/sgvaimudar.com.br\/index.php\/wp-json\/wp\/v2\/tags?post=36681"}],"curies":[{"name":"wp","href":"https:\/\/api.w.org\/{rel}","templated":true}]}}