{"id":36677,"date":"2026-01-23T08:00:07","date_gmt":"2026-01-23T11:00:07","guid":{"rendered":"https:\/\/sgvaimudar.com.br\/?p=36677"},"modified":"2026-01-23T08:00:07","modified_gmt":"2026-01-23T11:00:07","slug":"sao-goncalo-promove-inclusao-em-evento-do-janeiro-branco","status":"publish","type":"post","link":"https:\/\/sgvaimudar.com.br\/index.php\/2026\/01\/23\/sao-goncalo-promove-inclusao-em-evento-do-janeiro-branco\/","title":{"rendered":"S\u00e3o Gon\u00e7alo promove inclus\u00e3o em evento do Janeiro Branco"},"content":{"rendered":"\n<p><em>Usu\u00e1rios e colaboradores de unidades de sa\u00fade participam de atividades culturais<\/em><\/p>\n\n\n\n<p>A Pra\u00e7a de Alimenta\u00e7\u00e3o do Shopping S\u00e3o Gon\u00e7alo foi o palco para a inclus\u00e3o na tarde desta quinta-feira (22). Em a\u00e7\u00e3o integrante da Campanha Janeiro Branco, usu\u00e1rios e colaboradores dos equipamentos de sa\u00fade mental da Secretaria de Sa\u00fade da Prefeitura de S\u00e3o Gon\u00e7alo realizaram uma tarde de atividades com reflex\u00f5es sobre os cuidados com a sa\u00fade mental e emocional.\u00a0<\/p>\n\n\n\n<p>Este m\u00eas \u00e9 marcado pela Campanha Janeiro Branco \u2013 idealizada para que as pessoas fa\u00e7am uma autoan\u00e1lise de como est\u00e1 a sua sa\u00fade mental e, caso necess\u00e1rio, procurem ajuda. O evento foi marcado por apresenta\u00e7\u00f5es musicais, dan\u00e7a, poesias e atividades culturais.<\/p>\n\n\n\n<p>Miriam Costa da Silva, escritora de 28 anos, \u00e9 m\u00e3e do autista Bernardo Xavier, de 8 anos, e passou por uma depress\u00e3o quando recebeu o diagn\u00f3stico do filho. Ela encontrou na leitura e na escrita a sua terapia. Presente no evento divulgando o seu livro \u201cUm Amor Al\u00e9m da Vida\u201d, ela contou a sua hist\u00f3ria para mostrar para as pessoas que passam pelo mesmo problema que a depress\u00e3o tem solu\u00e7\u00e3o.&nbsp;&nbsp;<\/p>\n\n\n\n<p>\u201cA forma que eu arrumei de me ajudar foi ler e escrever, passei a me sentir melhor, completa, plena. A tristeza foi embora. A escrita \u00e9 minha terapia. Esse evento \u00e9 muito importante porque incentiva outras pessoas a se cuidarem atrav\u00e9s dos depoimentos. Elas escutam a hist\u00f3ria e veem que todos os problemas podem ter uma sa\u00edda\u201d, disse Miriam, que vai lan\u00e7ar o segundo livro \u2013 intitulado de \u201cRoteiro de um Amor Perdido\u201d \u2013 no pr\u00f3ximo m\u00eas.&nbsp;&nbsp;<\/p>\n\n\n\n<p>A atividade teve o prop\u00f3sito de conscientizar e incentivar a discuss\u00e3o sobre o cuidado com a sa\u00fade mental, dando \u00eanfase ao tratamento e apoio oferecidos nas unidades de sa\u00fade mental com a divulga\u00e7\u00e3o das mesmas. E, para os pacientes, foi um momento de descontra\u00e7\u00e3o e socializa\u00e7\u00e3o fora do ambiente de tratamento.&nbsp;<\/p>\n\n\n\n<p>Usu\u00e1rio do Centro de Aten\u00e7\u00e3o Psicossocial (Caps) Paulo Marcos Costa, no Mutondo, o m\u00fasico Raphael Ladeira, de 36 anos, tocou duas m\u00fasicas na flauta. Ele faz musicoterapia e tem consultas com o psiquiatra desde agosto do ano passado. \u201cEu j\u00e1 fiz apresenta\u00e7\u00f5es em conservat\u00f3rios, gosto muito desse envolvimento com a m\u00fasica. Ela me faz melhor. A m\u00fasica cura, \u00e9 uma terapia\u201d, descreveu o flautista.&nbsp;&nbsp;&nbsp;<\/p>\n\n\n\n<p>Para a coordenadora do Programa de Sa\u00fade Mental, Elaine Xavier, a iniciativa \u00e9 um momento de inclus\u00e3o e de chamar aten\u00e7\u00e3o da sociedade para os problemas mentais, que devem ser tratados e acompanhados o quanto antes. \u201cQuem tiver algum problema ou conhecer algu\u00e9m, pode nos procurar. Temos unidades de sa\u00fade mental espalhadas pela cidade e os profissionais v\u00e3o saber dar a melhor orienta\u00e7\u00e3o e suporte para aqueles que precisam de ajuda\u201d, finalizou.&nbsp;<\/p>\n\n\n\n<p><em>Fotos: Renan Otto<\/em><\/p>\n\n\n\n<p><strong><em>S\u00e3o Gon\u00e7alo Vai Mudar: Not\u00edcias de S\u00e3o Gon\u00e7alo e toda regi\u00e3o.<\/em><\/strong><\/p>\n\n\n\n<figure class=\"wp-block-video\"><video height=\"1280\" style=\"aspect-ratio: 720 \/ 1280;\" width=\"720\" controls src=\"https:\/\/sgvaimudar.com.br\/wp-content\/uploads\/2026\/01\/logo2026.mp4\"><\/video><\/figure>\n","protected":false},"excerpt":{"rendered":"<p>Usu\u00e1rios e colaboradores de unidades de sa\u00fade participam de atividades culturais A Pra\u00e7a de Alimenta\u00e7\u00e3o do Shopping S\u00e3o Gon\u00e7alo foi&hellip;<\/p>\n","protected":false},"author":5,"featured_media":36680,"comment_status":"closed","ping_status":"open","sticky":false,"template":"","format":"standard","meta":{"fifu_image_url":"https:\/\/sgvaimudar.com.br\/wp-content\/uploads\/2026\/01\/unnamed-21.jpg","fifu_image_alt":"","footnotes":""},"categories":[7],"tags":[1287,547,1286,47,75,51],"class_list":["post-36677","post","type-post","status-publish","format-standard","has-post-thumbnail","hentry","category-saude","tag-branco","tag-inclusao","tag-janeiro","tag-rj","tag-sao-goncalo","tag-saude"],"_links":{"self":[{"href":"https:\/\/sgvaimudar.com.br\/index.php\/wp-json\/wp\/v2\/posts\/36677","targetHints":{"allow":["GET"]}}],"collection":[{"href":"https:\/\/sgvaimudar.com.br\/index.php\/wp-json\/wp\/v2\/posts"}],"about":[{"href":"https:\/\/sgvaimudar.com.br\/index.php\/wp-json\/wp\/v2\/types\/post"}],"author":[{"embeddable":true,"href":"https:\/\/sgvaimudar.com.br\/index.php\/wp-json\/wp\/v2\/users\/5"}],"replies":[{"embeddable":true,"href":"https:\/\/sgvaimudar.com.br\/index.php\/wp-json\/wp\/v2\/comments?post=36677"}],"version-history":[{"count":1,"href":"https:\/\/sgvaimudar.com.br\/index.php\/wp-json\/wp\/v2\/posts\/36677\/revisions"}],"predecessor-version":[{"id":36679,"href":"https:\/\/sgvaimudar.com.br\/index.php\/wp-json\/wp\/v2\/posts\/36677\/revisions\/36679"}],"wp:featuredmedia":[{"embeddable":true,"href":"https:\/\/sgvaimudar.com.br\/index.php\/wp-json\/wp\/v2\/media\/36680"}],"wp:attachment":[{"href":"https:\/\/sgvaimudar.com.br\/index.php\/wp-json\/wp\/v2\/media?parent=36677"}],"wp:term":[{"taxonomy":"category","embeddable":true,"href":"https:\/\/sgvaimudar.com.br\/index.php\/wp-json\/wp\/v2\/categories?post=36677"},{"taxonomy":"post_tag","embeddable":true,"href":"https:\/\/sgvaimudar.com.br\/index.php\/wp-json\/wp\/v2\/tags?post=36677"}],"curies":[{"name":"wp","href":"https:\/\/api.w.org\/{rel}","templated":true}]}}