{"id":36660,"date":"2026-01-22T11:36:54","date_gmt":"2026-01-22T14:36:54","guid":{"rendered":"https:\/\/sgvaimudar.com.br\/?p=36660"},"modified":"2026-01-22T11:36:54","modified_gmt":"2026-01-22T14:36:54","slug":"escola-municipal-de-sao-goncalo-fica-entre-as-20-melhores-do-pais-por-atividade-ligada-a-alimentacao","status":"publish","type":"post","link":"https:\/\/sgvaimudar.com.br\/index.php\/2026\/01\/22\/escola-municipal-de-sao-goncalo-fica-entre-as-20-melhores-do-pais-por-atividade-ligada-a-alimentacao\/","title":{"rendered":"Escola Municipal de S\u00e3o Gon\u00e7alo fica entre as 20 melhores do Pa\u00eds por atividade ligada \u00e0 alimenta\u00e7\u00e3o"},"content":{"rendered":"\n<p><em>Unidade de ensino de Itaitindiba ganha destaque em evento do Fundo Nacional de Desenvolvimento da Educa\u00e7\u00e3o<\/em><\/p>\n\n\n\n<p>A Alimenta\u00e7\u00e3o Escolar da Secretaria de Educa\u00e7\u00e3o da Prefeitura de S\u00e3o Gon\u00e7alo e da Escola Estadual Municipalizada Itaitindiba, em Santa Izabel, ganharam destaque na 7\u00aa Jornada de Educa\u00e7\u00e3o Alimentar e Nutricional, do Fundo Nacional de Desenvolvimento da Educa\u00e7\u00e3o (FNDE). <\/p>\n\n\n\n<figure class=\"wp-block-image size-full\"><img fetchpriority=\"high\" decoding=\"async\" width=\"1024\" height=\"681\" src=\"https:\/\/sgvaimudar.com.br\/wp-content\/uploads\/2026\/01\/unnamed-9-4.jpg\" alt=\"\" class=\"wp-image-36661\" srcset=\"https:\/\/sgvaimudar.com.br\/wp-content\/uploads\/2026\/01\/unnamed-9-4.jpg 1024w, https:\/\/sgvaimudar.com.br\/wp-content\/uploads\/2026\/01\/unnamed-9-4-300x200.jpg 300w, https:\/\/sgvaimudar.com.br\/wp-content\/uploads\/2026\/01\/unnamed-9-4-768x511.jpg 768w\" sizes=\"(max-width: 1024px) 100vw, 1024px\" \/><\/figure>\n\n\n\n<p>O resultado foi divulgado nesta semana. A escola foi uma das ganhadoras do pr\u00eamio de R$10 mil pelo desenvolvimento de uma feira da Agricultura Familiar, realizada na unidade. As experi\u00eancias escolhidas ir\u00e3o compor um livro onde ser\u00e3o descritas as pr\u00e1ticas exitosas desenvolvidas no \u00e2mbito do Programa Nacional de Alimenta\u00e7\u00e3o Escolar (PNAE).<\/p>\n\n\n\n<p>A 7\u00aa edi\u00e7\u00e3o da jornada contou com 2800 escolas inscritas de todo o pa\u00eds. Foram selecionadas 20 escolas com os melhores relatos de atividades realizadas. A Escola Estadual Municipalizada Itaitindiba foi a \u00fanica escola do Rio de Janeiro dentre as selecionadas, com a atividade \u201cFeirinha na escola: sabores da agricultura\u201d, voltada para o incentivo a agricultura familiar do munic\u00edpio.<\/p>\n\n\n\n<p>\u201cO projeto contou com a ajuda de toda a comunidade escolar, foram quatro atividades realizadas durante todo o ano de 2025, onde os alunos, comunidade e funcion\u00e1rios da unidade participaram. \u00c9 muito gratificante saber que nosso trabalho est\u00e1 entre os 20 selecionados do Brasil inteiro\u201d, afirmou a nutricionista, Bruna Messias.<\/p>\n\n\n\n<p>O projeto foi pensado pela nutricionista Bruna Messias, da Subsecretaria de Alimenta\u00e7\u00e3o Escolar, que atuou na elabora\u00e7\u00e3o e suporte da execu\u00e7\u00e3o das atividades e da diretora da escola, Adriana Gon\u00e7alves, que atuou como coordenadora do projeto.<\/p>\n\n\n\n<p>\u201cReceber o pr\u00eamio do FNDE, em uma Jornada de n\u00edvel nacional, pelo nosso trabalho com alimenta\u00e7\u00e3o saud\u00e1vel, \u00e9 uma conquista que nos enche de gratid\u00e3o e responsabilidade. Para al\u00e9m da premia\u00e7\u00e3o em dinheiro, este pr\u00eamio representa, acima de tudo, o reconhecimento de um trabalho em equipe e refor\u00e7a a import\u00e2ncia de desenvolver projetos nas escolas. Ele evidencia o quanto a\u00e7\u00f5es bem planejadas e executadas podem impactar de forma positiva n\u00e3o apenas nossos alunos, mas a sociedade como um todo, promovendo h\u00e1bitos mais saud\u00e1veis, consci\u00eancia alimentar e qualidade de vida\u201d, disse a diretora.<\/p>\n\n\n\n<p><em>Fotos: Luiz Carvalho (Arquivo)<\/em><\/p>\n\n\n\n<p><strong><em>S\u00e3o Gon\u00e7alo Vai Mudar: Not\u00edcias de S\u00e3o Gon\u00e7alo e toda regi\u00e3o.<\/em><\/strong><\/p>\n\n\n\n<figure class=\"wp-block-video\"><video height=\"1280\" style=\"aspect-ratio: 720 \/ 1280;\" width=\"720\" controls src=\"https:\/\/sgvaimudar.com.br\/wp-content\/uploads\/2026\/01\/logo2026.mp4\"><\/video><\/figure>\n","protected":false},"excerpt":{"rendered":"<p>Unidade de ensino de Itaitindiba ganha destaque em evento do Fundo Nacional de Desenvolvimento da Educa\u00e7\u00e3o A Alimenta\u00e7\u00e3o Escolar da&hellip;<\/p>\n","protected":false},"author":5,"featured_media":36664,"comment_status":"closed","ping_status":"open","sticky":false,"template":"","format":"standard","meta":{"fifu_image_url":"https:\/\/sgvaimudar.com.br\/wp-content\/uploads\/2026\/01\/unnamed-8-4.jpg","fifu_image_alt":"","footnotes":""},"categories":[4],"tags":[1044,1318,496,892,47,75],"class_list":["post-36660","post","type-post","status-publish","format-standard","has-post-thumbnail","hentry","category-brasil","tag-alimentacao","tag-escola","tag-melhor","tag-pais","tag-rj","tag-sao-goncalo"],"_links":{"self":[{"href":"https:\/\/sgvaimudar.com.br\/index.php\/wp-json\/wp\/v2\/posts\/36660","targetHints":{"allow":["GET"]}}],"collection":[{"href":"https:\/\/sgvaimudar.com.br\/index.php\/wp-json\/wp\/v2\/posts"}],"about":[{"href":"https:\/\/sgvaimudar.com.br\/index.php\/wp-json\/wp\/v2\/types\/post"}],"author":[{"embeddable":true,"href":"https:\/\/sgvaimudar.com.br\/index.php\/wp-json\/wp\/v2\/users\/5"}],"replies":[{"embeddable":true,"href":"https:\/\/sgvaimudar.com.br\/index.php\/wp-json\/wp\/v2\/comments?post=36660"}],"version-history":[{"count":1,"href":"https:\/\/sgvaimudar.com.br\/index.php\/wp-json\/wp\/v2\/posts\/36660\/revisions"}],"predecessor-version":[{"id":36663,"href":"https:\/\/sgvaimudar.com.br\/index.php\/wp-json\/wp\/v2\/posts\/36660\/revisions\/36663"}],"wp:featuredmedia":[{"embeddable":true,"href":"https:\/\/sgvaimudar.com.br\/index.php\/wp-json\/wp\/v2\/media\/36664"}],"wp:attachment":[{"href":"https:\/\/sgvaimudar.com.br\/index.php\/wp-json\/wp\/v2\/media?parent=36660"}],"wp:term":[{"taxonomy":"category","embeddable":true,"href":"https:\/\/sgvaimudar.com.br\/index.php\/wp-json\/wp\/v2\/categories?post=36660"},{"taxonomy":"post_tag","embeddable":true,"href":"https:\/\/sgvaimudar.com.br\/index.php\/wp-json\/wp\/v2\/tags?post=36660"}],"curies":[{"name":"wp","href":"https:\/\/api.w.org\/{rel}","templated":true}]}}