{"id":36652,"date":"2026-01-22T15:00:00","date_gmt":"2026-01-22T18:00:00","guid":{"rendered":"https:\/\/sgvaimudar.com.br\/?p=36652"},"modified":"2026-01-22T11:31:38","modified_gmt":"2026-01-22T14:31:38","slug":"arrecadacao-do-rio-ja-comecou-o-pagamento-da-primeira-parcela-ou-cota-unica-do-ipva-2026","status":"publish","type":"post","link":"https:\/\/sgvaimudar.com.br\/index.php\/2026\/01\/22\/arrecadacao-do-rio-ja-comecou-o-pagamento-da-primeira-parcela-ou-cota-unica-do-ipva-2026\/","title":{"rendered":"Arrecada\u00e7\u00e3o do Rio: J\u00e1 teve in\u00edcio o pagamento da primeira parcela ou cota \u00fanica do IPVA 2026"},"content":{"rendered":"\n<p><em>Datas desta semana contemplam placas terminadas em 0, 1 e 2<\/em><\/p>\n\n\n\n<p>O vencimento da primeira parcela, ou da cota \u00fanica, do Imposto sobre a Propriedades de Ve\u00edculos Automotores (IPVA) de 2026 come\u00e7ou nesta quarta-feira (21\/01). Nesta semana, vencem os pagamentos referentes aos ve\u00edculos com os finais de placa 0, 1 e 2. O pagamento pode ser feito \u00e0 vista, com 3% de desconto, ou em tr\u00eas vezes, sem abatimento.<\/p>\n\n\n\n<p>Para quitar o imposto, o contribuinte deve emitir o Documento de Arrecada\u00e7\u00e3o do Rio de Janeiro (DARJ) exclusivamente no hotsite do IPVA da Secretaria de Estado de Fazenda (<a href=\"https:\/\/ipva2026.fazenda.rj.gov.br\/\" target=\"_blank\" rel=\"noreferrer noopener\">https:\/\/ipva2026.fazenda.rj.gov.br\/<\/a>). Na plataforma, o contribuinte deve clicar em \u201cEmiss\u00e3o\u00a0DARJ\u00a0IPVA\u201d e informar o n\u00famero do Registro Nacional de Ve\u00edculos Automotores (Renavam). A recomenda\u00e7\u00e3o \u00e9 digitar o endere\u00e7o diretamente no navegador, evitando sites de busca que podem direcionar a endere\u00e7os criados por golpistas.<\/p>\n\n\n\n<figure class=\"wp-block-image size-large\"><img fetchpriority=\"high\" decoding=\"async\" width=\"819\" height=\"1024\" src=\"https:\/\/sgvaimudar.com.br\/wp-content\/uploads\/2026\/01\/WhatsApp-Image-2026-01-21-at-12.34.25-819x1024.jpeg\" alt=\"\" class=\"wp-image-36653\" srcset=\"https:\/\/sgvaimudar.com.br\/wp-content\/uploads\/2026\/01\/WhatsApp-Image-2026-01-21-at-12.34.25-819x1024.jpeg 819w, https:\/\/sgvaimudar.com.br\/wp-content\/uploads\/2026\/01\/WhatsApp-Image-2026-01-21-at-12.34.25-240x300.jpeg 240w, https:\/\/sgvaimudar.com.br\/wp-content\/uploads\/2026\/01\/WhatsApp-Image-2026-01-21-at-12.34.25-768x960.jpeg 768w, https:\/\/sgvaimudar.com.br\/wp-content\/uploads\/2026\/01\/WhatsApp-Image-2026-01-21-at-12.34.25.jpeg 1080w\" sizes=\"(max-width: 819px) 100vw, 819px\" \/><\/figure>\n\n\n\n<p>O pagamento poder\u00e1 ser feito via Pix, em qualquer institui\u00e7\u00e3o financeira, ou por c\u00f3digo de barras, em bancos parceiros da Fazenda estadual (Bradesco, Ita\u00fa, Santander e SICOOB). Caso a modalidade de pagamento escolhida seja Pix, o contribuinte deve se atentar \u00e0s seguintes informa\u00e7\u00f5es no aplicativo do banco antes confirmar a transa\u00e7\u00e3o: o CNPJ 42.498.675\/0001-52 e o nome do favorecido \u201cSEFAZ RJ \u2013 SECRETARIA DE ESTADO DE FAZENDA DO RJ\u201d.<br>Desde a libera\u00e7\u00e3o para emiss\u00e3o, no dia 08\/01, at\u00e9 esta segunda-feira, dia 19, j\u00e1 foram gerados pouco mais de 2 milh\u00f5es de&nbsp;DARJs&nbsp;e pagos quase 430 mil, sendo 68% por Pix (mais de 290 mil).<\/p>\n\n\n\n<p>O valor do imposto \u00e9 calculado por meio da aplica\u00e7\u00e3o das al\u00edquotas estabelecidas em lei (4% para carros flex, 2% para motos, 1,5% para carros movidos a GNV e 0,5% para ve\u00edculos movidos exclusivamente a energia el\u00e9trica) sobre os valores venais (pre\u00e7os de mercado) dos ve\u00edculos, calculados pela Funda\u00e7\u00e3o Instituto de Pesquisas Econ\u00f4micas (Fipe).<\/p>\n\n\n\n<figure class=\"wp-block-video\"><video height=\"1280\" style=\"aspect-ratio: 720 \/ 1280;\" width=\"720\" controls src=\"https:\/\/sgvaimudar.com.br\/wp-content\/uploads\/2026\/01\/NoticiaUrgete.logoSGVM.mp4\"><\/video><\/figure>\n","protected":false},"excerpt":{"rendered":"<p>Datas desta semana contemplam placas terminadas em 0, 1 e 2 O vencimento da primeira parcela, ou da cota \u00fanica,&hellip;<\/p>\n","protected":false},"author":5,"featured_media":36655,"comment_status":"closed","ping_status":"open","sticky":false,"template":"","format":"standard","meta":{"fifu_image_url":"https:\/\/sgvaimudar.com.br\/wp-content\/uploads\/2025\/02\/ponte.jpg","fifu_image_alt":"","footnotes":""},"categories":[4],"tags":[1316,1313,1315,1314,116,47,1317],"class_list":["post-36652","post","type-post","status-publish","format-standard","has-post-thumbnail","hentry","category-brasil","tag-cota","tag-ipva","tag-parcela","tag-primeira","tag-rio","tag-rj","tag-unica"],"_links":{"self":[{"href":"https:\/\/sgvaimudar.com.br\/index.php\/wp-json\/wp\/v2\/posts\/36652","targetHints":{"allow":["GET"]}}],"collection":[{"href":"https:\/\/sgvaimudar.com.br\/index.php\/wp-json\/wp\/v2\/posts"}],"about":[{"href":"https:\/\/sgvaimudar.com.br\/index.php\/wp-json\/wp\/v2\/types\/post"}],"author":[{"embeddable":true,"href":"https:\/\/sgvaimudar.com.br\/index.php\/wp-json\/wp\/v2\/users\/5"}],"replies":[{"embeddable":true,"href":"https:\/\/sgvaimudar.com.br\/index.php\/wp-json\/wp\/v2\/comments?post=36652"}],"version-history":[{"count":3,"href":"https:\/\/sgvaimudar.com.br\/index.php\/wp-json\/wp\/v2\/posts\/36652\/revisions"}],"predecessor-version":[{"id":36659,"href":"https:\/\/sgvaimudar.com.br\/index.php\/wp-json\/wp\/v2\/posts\/36652\/revisions\/36659"}],"wp:featuredmedia":[{"embeddable":true,"href":"https:\/\/sgvaimudar.com.br\/index.php\/wp-json\/wp\/v2\/media\/36655"}],"wp:attachment":[{"href":"https:\/\/sgvaimudar.com.br\/index.php\/wp-json\/wp\/v2\/media?parent=36652"}],"wp:term":[{"taxonomy":"category","embeddable":true,"href":"https:\/\/sgvaimudar.com.br\/index.php\/wp-json\/wp\/v2\/categories?post=36652"},{"taxonomy":"post_tag","embeddable":true,"href":"https:\/\/sgvaimudar.com.br\/index.php\/wp-json\/wp\/v2\/tags?post=36652"}],"curies":[{"name":"wp","href":"https:\/\/api.w.org\/{rel}","templated":true}]}}