{"id":36637,"date":"2026-01-22T13:00:00","date_gmt":"2026-01-22T16:00:00","guid":{"rendered":"https:\/\/sgvaimudar.com.br\/?p=36637"},"modified":"2026-01-22T11:00:10","modified_gmt":"2026-01-22T14:00:10","slug":"itaborai-intensifica-debates-sobre-a-implantacao-da-linha-3-do-metro-rio","status":"publish","type":"post","link":"https:\/\/sgvaimudar.com.br\/index.php\/2026\/01\/22\/itaborai-intensifica-debates-sobre-a-implantacao-da-linha-3-do-metro-rio\/","title":{"rendered":"Itabora\u00ed intensifica debates sobre a implanta\u00e7\u00e3o da Linha 3 do Metr\u00f4 Rio"},"content":{"rendered":"\n<p><em>Reuni\u00e3o t\u00e9cnica apresenta estudos e refor\u00e7a potencial do munic\u00edpio como ponto final do tra\u00e7ado<\/em><\/p>\n\n\n\n<p>A Prefeitura de Itabora\u00ed sediou, nesta quarta-feira (21\/01), uma importante reuni\u00e3o t\u00e9cnica sobre a Linha 3 do Metr\u00f4, projeto estrat\u00e9gico para a mobilidade urbana da Regi\u00e3o Metropolitana Leste Fluminense. O encontro aconteceu na sala de reuni\u00f5es do&nbsp;Enterprise City Center&nbsp;e contou com a presen\u00e7a de autoridades municipais e da equipe respons\u00e1vel pelos estudos de viabilidade do projeto.<\/p>\n\n\n\n<p>Participaram da reuni\u00e3o os secret\u00e1rios municipais de Transporte, Marcelo Figueiredo; de Meio Ambiente e Urbanismo, Alyne Saldanha; de Fazenda e Tecnologia, Roberto Santiago; al\u00e9m do chefe de Gabinete, Uiltinho Delaroli, do procurador-geral do munic\u00edpio, Dr. Edson Xavier, e representantes das pastas envolvidas. O estudo t\u00e9cnico \u00e9 conduzido por uma equipe multidisciplinar da Universidade Federal do Rio de Janeiro (UFRJ).<\/p>\n\n\n\n<figure class=\"wp-block-image size-large\"><img fetchpriority=\"high\" decoding=\"async\" width=\"1024\" height=\"682\" src=\"https:\/\/sgvaimudar.com.br\/wp-content\/uploads\/2026\/01\/Itaborai-avanca-nas-discussoes-sobre-a-Linha-3-do-Metro-1024x682.jpeg\" alt=\"\" class=\"wp-image-36638\" srcset=\"https:\/\/sgvaimudar.com.br\/wp-content\/uploads\/2026\/01\/Itaborai-avanca-nas-discussoes-sobre-a-Linha-3-do-Metro-1024x682.jpeg 1024w, https:\/\/sgvaimudar.com.br\/wp-content\/uploads\/2026\/01\/Itaborai-avanca-nas-discussoes-sobre-a-Linha-3-do-Metro-300x200.jpeg 300w, https:\/\/sgvaimudar.com.br\/wp-content\/uploads\/2026\/01\/Itaborai-avanca-nas-discussoes-sobre-a-Linha-3-do-Metro-768x512.jpeg 768w, https:\/\/sgvaimudar.com.br\/wp-content\/uploads\/2026\/01\/Itaborai-avanca-nas-discussoes-sobre-a-Linha-3-do-Metro-1536x1023.jpeg 1536w, https:\/\/sgvaimudar.com.br\/wp-content\/uploads\/2026\/01\/Itaborai-avanca-nas-discussoes-sobre-a-Linha-3-do-Metro.jpeg 1600w\" sizes=\"(max-width: 1024px) 100vw, 1024px\" \/><\/figure>\n\n\n\n<p>Durante o encontro, foi destacado que o projeto da Linha 3 do Metr\u00f4 est\u00e1 em fase avan\u00e7ada de estudos e envolve diversas etapas t\u00e9cnicas, urban\u00edsticas, ambientais, jur\u00eddicas e financeiras. Ao que tudo indica, Itabora\u00ed desponta como poss\u00edvel ponto final da linha, o que refor\u00e7a o potencial do munic\u00edpio como cidade em expans\u00e3o e polo de desenvolvimento regional.<\/p>\n\n\n\n<p>O secret\u00e1rio municipal de Transporte, Marcelo Figueiredo, ressaltou a import\u00e2ncia do projeto para a popula\u00e7\u00e3o e para o futuro da cidade.<\/p>\n\n\n\n<p>\u201cEssa \u00e9 uma not\u00edcia muito importante para o povo de Itabora\u00ed. A Linha 3 do Metr\u00f4&nbsp; representa mais qualidade de vida, mais tempo com a fam\u00edlia e uma mobilidade urbana mais eficiente. Itabora\u00ed passou por um momento muito dif\u00edcil, mas hoje vive um novo cen\u00e1rio de crescimento, planejamento e oportunidades\u201d, afirmou o secret\u00e1rio.<\/p>\n\n\n\n<figure class=\"wp-block-image size-large\"><img decoding=\"async\" width=\"1024\" height=\"682\" src=\"https:\/\/sgvaimudar.com.br\/wp-content\/uploads\/2026\/01\/Itaborai-avanca-nas-discussoes-sobre-a-Linha-3-do-Metro-2-1024x682.jpeg\" alt=\"\" class=\"wp-image-36640\" srcset=\"https:\/\/sgvaimudar.com.br\/wp-content\/uploads\/2026\/01\/Itaborai-avanca-nas-discussoes-sobre-a-Linha-3-do-Metro-2-1024x682.jpeg 1024w, https:\/\/sgvaimudar.com.br\/wp-content\/uploads\/2026\/01\/Itaborai-avanca-nas-discussoes-sobre-a-Linha-3-do-Metro-2-300x200.jpeg 300w, https:\/\/sgvaimudar.com.br\/wp-content\/uploads\/2026\/01\/Itaborai-avanca-nas-discussoes-sobre-a-Linha-3-do-Metro-2-768x512.jpeg 768w, https:\/\/sgvaimudar.com.br\/wp-content\/uploads\/2026\/01\/Itaborai-avanca-nas-discussoes-sobre-a-Linha-3-do-Metro-2-1536x1023.jpeg 1536w, https:\/\/sgvaimudar.com.br\/wp-content\/uploads\/2026\/01\/Itaborai-avanca-nas-discussoes-sobre-a-Linha-3-do-Metro-2.jpeg 1600w\" sizes=\"(max-width: 1024px) 100vw, 1024px\" \/><\/figure>\n\n\n\n<p>De acordo com as primeiras an\u00e1lises, h\u00e1 estudos iniciais que apontam para a implanta\u00e7\u00e3o de cinco esta\u00e7\u00f5es em Itabora\u00ed, em regi\u00f5es estrat\u00e9gicas como os bairros Apollo II, Manilha, Centro, entre outros pontos que favorecem a concentra\u00e7\u00e3o social, o acesso a servi\u00e7os e a integra\u00e7\u00e3o urbana. O projeto prev\u00ea n\u00e3o apenas o transporte de passageiros, mas tamb\u00e9m a requalifica\u00e7\u00e3o do espa\u00e7o urbano no entorno das esta\u00e7\u00f5es, com foco em desenvolvimento social e econ\u00f4mico.<\/p>\n\n\n\n<p>O professor R\u00f4mulo Orrico, do Programa de Engenharia de Transportes da COPPE\/UFRJ e respons\u00e1vel pelo estudo, explicou que o trabalho envolve uma equipe de mais de 45 profissionais e segue uma metodologia complexa e integrada.<\/p>\n\n\n\n<p>\u201cEstamos em um est\u00e1gio bastante avan\u00e7ado dos estudos. O pr\u00f3ximo passo \u00e9 aprofundar o conceito das esta\u00e7\u00f5es e suas prov\u00e1veis localiza\u00e7\u00f5es, para que elas estejam associadas ao projeto de desenvolvimento da cidade. A ideia \u00e9 que o metr\u00f4 ajude a cidade a se desenvolver e que a cidade tamb\u00e9m contribua para a implanta\u00e7\u00e3o do sistema\u201d, destacou o professor.<\/p>\n\n\n\n<p>Segundo o professor, o projeto analisa desde a din\u00e2mica do transporte regional at\u00e9 aspectos urbanos, sociais, ambientais, geol\u00f3gicos e legais, garantindo que a Linha 3 n\u00e3o seja apenas um eixo de deslocamento, mas um instrumento de transforma\u00e7\u00e3o urbana. O prazo final para a execu\u00e7\u00e3o do projeto depender\u00e1 da defini\u00e7\u00e3o de estrat\u00e9gias financeiras e dos encaminhamentos institucionais nas pr\u00f3ximas fases.<\/p>\n\n\n\n<p>A reuni\u00e3o refor\u00e7ou ainda o interesse social e de desenvolvimento da Linha 3 do Metr\u00f4. A implanta\u00e7\u00e3o do sistema \u00e9 vista como uma forte motiva\u00e7\u00e3o para quem percorre longas dist\u00e2ncias diariamente, ampliando o acesso a oportunidades de trabalho, lazer e servi\u00e7os, beneficiando n\u00e3o apenas Itabora\u00ed, mas toda a regi\u00e3o.<\/p>\n\n\n\n<p><strong><em>S\u00e3o Gon\u00e7alo Vai Mudar: Not\u00edcias de S\u00e3o Gon\u00e7alo e toda regi\u00e3o.<\/em><\/strong><\/p>\n\n\n\n<figure class=\"wp-block-video\"><video height=\"1280\" style=\"aspect-ratio: 720 \/ 1280;\" width=\"720\" controls src=\"https:\/\/sgvaimudar.com.br\/wp-content\/uploads\/2026\/01\/logo2026.mp4\"><\/video><\/figure>\n\n\n\n<p><\/p>\n","protected":false},"excerpt":{"rendered":"<p>Reuni\u00e3o t\u00e9cnica apresenta estudos e refor\u00e7a potencial do munic\u00edpio como ponto final do tra\u00e7ado A Prefeitura de Itabora\u00ed sediou, nesta&hellip;<\/p>\n","protected":false},"author":5,"featured_media":36639,"comment_status":"closed","ping_status":"open","sticky":false,"template":"","format":"standard","meta":{"fifu_image_url":"","fifu_image_alt":"","footnotes":""},"categories":[36],"tags":[150,1310,1311,47,323],"class_list":["post-36637","post","type-post","status-publish","format-standard","has-post-thumbnail","hentry","category-bem-estar","tag-itaborai","tag-politica","tag-reuniao","tag-rj","tag-transportes"],"_links":{"self":[{"href":"https:\/\/sgvaimudar.com.br\/index.php\/wp-json\/wp\/v2\/posts\/36637","targetHints":{"allow":["GET"]}}],"collection":[{"href":"https:\/\/sgvaimudar.com.br\/index.php\/wp-json\/wp\/v2\/posts"}],"about":[{"href":"https:\/\/sgvaimudar.com.br\/index.php\/wp-json\/wp\/v2\/types\/post"}],"author":[{"embeddable":true,"href":"https:\/\/sgvaimudar.com.br\/index.php\/wp-json\/wp\/v2\/users\/5"}],"replies":[{"embeddable":true,"href":"https:\/\/sgvaimudar.com.br\/index.php\/wp-json\/wp\/v2\/comments?post=36637"}],"version-history":[{"count":2,"href":"https:\/\/sgvaimudar.com.br\/index.php\/wp-json\/wp\/v2\/posts\/36637\/revisions"}],"predecessor-version":[{"id":36643,"href":"https:\/\/sgvaimudar.com.br\/index.php\/wp-json\/wp\/v2\/posts\/36637\/revisions\/36643"}],"wp:featuredmedia":[{"embeddable":true,"href":"https:\/\/sgvaimudar.com.br\/index.php\/wp-json\/wp\/v2\/media\/36639"}],"wp:attachment":[{"href":"https:\/\/sgvaimudar.com.br\/index.php\/wp-json\/wp\/v2\/media?parent=36637"}],"wp:term":[{"taxonomy":"category","embeddable":true,"href":"https:\/\/sgvaimudar.com.br\/index.php\/wp-json\/wp\/v2\/categories?post=36637"},{"taxonomy":"post_tag","embeddable":true,"href":"https:\/\/sgvaimudar.com.br\/index.php\/wp-json\/wp\/v2\/tags?post=36637"}],"curies":[{"name":"wp","href":"https:\/\/api.w.org\/{rel}","templated":true}]}}