{"id":36630,"date":"2026-01-22T10:43:53","date_gmt":"2026-01-22T13:43:53","guid":{"rendered":"https:\/\/sgvaimudar.com.br\/?p=36630"},"modified":"2026-01-22T10:43:53","modified_gmt":"2026-01-22T13:43:53","slug":"sempad-alerta-sobre-uso-de-alcool-e-drogas-no-carnaval","status":"publish","type":"post","link":"https:\/\/sgvaimudar.com.br\/index.php\/2026\/01\/22\/sempad-alerta-sobre-uso-de-alcool-e-drogas-no-carnaval\/","title":{"rendered":"Sempad alerta sobre uso de \u00e1lcool e drogas no Carnaval"},"content":{"rendered":"\n<p><em>A\u00e7\u00e3o de conscientiza\u00e7\u00e3o foi realizada em Alc\u00e2ntara nesta quarta-feira<\/em><\/p>\n\n\n\n<p>Com o Carnaval se aproximando, a Secretaria de Pol\u00edticas sobre \u00c1lcool e Drogas (Sempad) da Prefeitura de S\u00e3o Gon\u00e7alo realizou uma a\u00e7\u00e3o de conscientiza\u00e7\u00e3o na manh\u00e3 desta quarta-feira (21), em frente ao Trade Center (pr\u00e9dio do rel\u00f3gio), em Alc\u00e2ntara.&nbsp;<\/p>\n\n\n\n<p>Na a\u00e7\u00e3o, os gon\u00e7alenses que passavam pelo local puderam receber informa\u00e7\u00f5es sobre as diferentes drogas atrav\u00e9s de um totem interativo. Al\u00e9m disso, a equipe da secretaria orientou pedestres e motoristas da regi\u00e3o sobre o uso indevido das drogas e suas consequ\u00eancias, principalmente, durante as celebra\u00e7\u00f5es do Carnaval.<\/p>\n\n\n\n<figure class=\"wp-block-image size-large\"><img fetchpriority=\"high\" decoding=\"async\" width=\"1024\" height=\"684\" src=\"https:\/\/sgvaimudar.com.br\/wp-content\/uploads\/2026\/01\/unnamed-6-9-1024x684.jpg\" alt=\"\" class=\"wp-image-36631\" srcset=\"https:\/\/sgvaimudar.com.br\/wp-content\/uploads\/2026\/01\/unnamed-6-9-1024x684.jpg 1024w, https:\/\/sgvaimudar.com.br\/wp-content\/uploads\/2026\/01\/unnamed-6-9-300x200.jpg 300w, https:\/\/sgvaimudar.com.br\/wp-content\/uploads\/2026\/01\/unnamed-6-9-768x513.jpg 768w, https:\/\/sgvaimudar.com.br\/wp-content\/uploads\/2026\/01\/unnamed-6-9-1536x1027.jpg 1536w, https:\/\/sgvaimudar.com.br\/wp-content\/uploads\/2026\/01\/unnamed-6-9.jpg 1616w\" sizes=\"(max-width: 1024px) 100vw, 1024px\" \/><\/figure>\n\n\n\n<p>\u201cDurante a festividade, muitas pessoas viajam e v\u00e3o para rua com muita alegria e podem passar do limite no uso de \u00e1lcool e outras drogas. Ent\u00e3o, estamos refor\u00e7ando que o uso abusivo pode levar a acidentes de tr\u00e2nsito, entre diversos outros problemas,\u201d destacou a diretora de eventos da Sempad, Sabrina Rosa.<\/p>\n\n\n\n<p>A equipe distribuiu panfletos informativos, com o n\u00famero e endere\u00e7o da secretaria, para quem desejar buscar ajuda. Na pr\u00f3xima quarta-feira (28), a a\u00e7\u00e3o ser\u00e1 realizada na Pra\u00e7a Dr. Luiz Palmier, no Centro.&nbsp;<\/p>\n\n\n\n<figure class=\"wp-block-image size-large\"><img decoding=\"async\" width=\"1024\" height=\"684\" src=\"https:\/\/sgvaimudar.com.br\/wp-content\/uploads\/2026\/01\/unnamed-3-12-1024x684.jpg\" alt=\"\" class=\"wp-image-36633\" srcset=\"https:\/\/sgvaimudar.com.br\/wp-content\/uploads\/2026\/01\/unnamed-3-12-1024x684.jpg 1024w, https:\/\/sgvaimudar.com.br\/wp-content\/uploads\/2026\/01\/unnamed-3-12-300x200.jpg 300w, https:\/\/sgvaimudar.com.br\/wp-content\/uploads\/2026\/01\/unnamed-3-12-768x513.jpg 768w, https:\/\/sgvaimudar.com.br\/wp-content\/uploads\/2026\/01\/unnamed-3-12-1536x1027.jpg 1536w, https:\/\/sgvaimudar.com.br\/wp-content\/uploads\/2026\/01\/unnamed-3-12.jpg 1616w\" sizes=\"(max-width: 1024px) 100vw, 1024px\" \/><\/figure>\n\n\n\n<p>O morador de Alc\u00e2ntara, Alexandre Diniz, de 26 anos, conta que a\u00e7\u00f5es como essa s\u00e3o muito importantes para quem passa por depend\u00eancia qu\u00edmica.&nbsp;<\/p>\n\n\n\n<p>\u201cNessa regi\u00e3o, tem muitos moradores de rua que s\u00e3o dependentes qu\u00edmicos. Eu j\u00e1 fui um deles e vejo que, atualmente, as pessoas est\u00e3o mais dispostas a procurar ajuda. \u00c9 muito importante ter sempre essas abordagens para orientar a popula\u00e7\u00e3o,\u201d afirmou.<\/p>\n\n\n\n<figure class=\"wp-block-image size-large\"><img decoding=\"async\" width=\"1024\" height=\"684\" src=\"https:\/\/sgvaimudar.com.br\/wp-content\/uploads\/2026\/01\/unnamed-7-8-1024x684.jpg\" alt=\"\" class=\"wp-image-36634\" srcset=\"https:\/\/sgvaimudar.com.br\/wp-content\/uploads\/2026\/01\/unnamed-7-8-1024x684.jpg 1024w, https:\/\/sgvaimudar.com.br\/wp-content\/uploads\/2026\/01\/unnamed-7-8-300x200.jpg 300w, https:\/\/sgvaimudar.com.br\/wp-content\/uploads\/2026\/01\/unnamed-7-8-768x513.jpg 768w, https:\/\/sgvaimudar.com.br\/wp-content\/uploads\/2026\/01\/unnamed-7-8-1536x1027.jpg 1536w, https:\/\/sgvaimudar.com.br\/wp-content\/uploads\/2026\/01\/unnamed-7-8.jpg 1616w\" sizes=\"(max-width: 1024px) 100vw, 1024px\" \/><\/figure>\n\n\n\n<p><strong>Servi\u00e7o:<\/strong><\/p>\n\n\n\n<p>A sede da Sempad fica na Rua Doutor Porci\u00fancula, n\u00ba 395 \u2013 2\u00ba andar, na Venda da Cruz e funciona das 9h \u00e0s 17h. O n\u00famero para contato \u00e9 (21) 2303-2351.<\/p>\n\n\n\n<p><em>Fotos: Renan Otto<\/em><\/p>\n\n\n\n<p><strong><em>S\u00e3o Gon\u00e7alo Vai Mudar: Not\u00edcias de S\u00e3o Gon\u00e7alo e toda regi\u00e3o<\/em><\/strong>.<\/p>\n\n\n\n<figure class=\"wp-block-video\"><video height=\"1280\" style=\"aspect-ratio: 720 \/ 1280;\" width=\"720\" controls src=\"https:\/\/sgvaimudar.com.br\/wp-content\/uploads\/2026\/01\/logo2026.mp4\"><\/video><\/figure>\n","protected":false},"excerpt":{"rendered":"<p>A\u00e7\u00e3o de conscientiza\u00e7\u00e3o foi realizada em Alc\u00e2ntara nesta quarta-feira Com o Carnaval se aproximando, a Secretaria de Pol\u00edticas sobre \u00c1lcool&hellip;<\/p>\n","protected":false},"author":5,"featured_media":36636,"comment_status":"closed","ping_status":"open","sticky":false,"template":"","format":"standard","meta":{"fifu_image_url":"https:\/\/sgvaimudar.com.br\/wp-content\/uploads\/2026\/01\/unnamed-5-9.jpg","fifu_image_alt":"","footnotes":""},"categories":[3],"tags":[684,963,1309,41,152,47,75,1308],"class_list":["post-36630","post","type-post","status-publish","format-standard","has-post-thumbnail","hentry","category-sao-goncalo","tag-abuso","tag-alcoolizados","tag-alerta","tag-conflito","tag-drogas-2","tag-rj","tag-sao-goncalo","tag-sempad"],"_links":{"self":[{"href":"https:\/\/sgvaimudar.com.br\/index.php\/wp-json\/wp\/v2\/posts\/36630","targetHints":{"allow":["GET"]}}],"collection":[{"href":"https:\/\/sgvaimudar.com.br\/index.php\/wp-json\/wp\/v2\/posts"}],"about":[{"href":"https:\/\/sgvaimudar.com.br\/index.php\/wp-json\/wp\/v2\/types\/post"}],"author":[{"embeddable":true,"href":"https:\/\/sgvaimudar.com.br\/index.php\/wp-json\/wp\/v2\/users\/5"}],"replies":[{"embeddable":true,"href":"https:\/\/sgvaimudar.com.br\/index.php\/wp-json\/wp\/v2\/comments?post=36630"}],"version-history":[{"count":1,"href":"https:\/\/sgvaimudar.com.br\/index.php\/wp-json\/wp\/v2\/posts\/36630\/revisions"}],"predecessor-version":[{"id":36635,"href":"https:\/\/sgvaimudar.com.br\/index.php\/wp-json\/wp\/v2\/posts\/36630\/revisions\/36635"}],"wp:featuredmedia":[{"embeddable":true,"href":"https:\/\/sgvaimudar.com.br\/index.php\/wp-json\/wp\/v2\/media\/36636"}],"wp:attachment":[{"href":"https:\/\/sgvaimudar.com.br\/index.php\/wp-json\/wp\/v2\/media?parent=36630"}],"wp:term":[{"taxonomy":"category","embeddable":true,"href":"https:\/\/sgvaimudar.com.br\/index.php\/wp-json\/wp\/v2\/categories?post=36630"},{"taxonomy":"post_tag","embeddable":true,"href":"https:\/\/sgvaimudar.com.br\/index.php\/wp-json\/wp\/v2\/tags?post=36630"}],"curies":[{"name":"wp","href":"https:\/\/api.w.org\/{rel}","templated":true}]}}