{"id":36615,"date":"2026-01-22T09:32:00","date_gmt":"2026-01-22T12:32:00","guid":{"rendered":"https:\/\/sgvaimudar.com.br\/?p=36615"},"modified":"2026-01-22T09:33:48","modified_gmt":"2026-01-22T12:33:48","slug":"goncalenses-agora-pagam-um-novo-valor-de-bandeirada-nos-taxis-da-cidade","status":"publish","type":"post","link":"https:\/\/sgvaimudar.com.br\/index.php\/2026\/01\/22\/goncalenses-agora-pagam-um-novo-valor-de-bandeirada-nos-taxis-da-cidade\/","title":{"rendered":"Gon\u00e7alenses agora pagam um novo valor de bandeirada nos t\u00e1xis da cidade"},"content":{"rendered":"\n<p><em>Mudan\u00e7a teve in\u00edcio a partir desta quarta-feira (21)<\/em><\/p>\n\n\n\n<p>A Secretaria de Meio Ambiente e Transportes da Prefeitura de S\u00e3o Gon\u00e7alo realizou uma revis\u00e3o da tarifa do servi\u00e7o de t\u00e1xi no munic\u00edpio. A partir desta quarta-feira (21), a tarifa da bandeirada (valor inicial vis\u00edvel no tax\u00edmetro no in\u00edcio da viagem) passar\u00e1 a ser de R$ 5,95.<\/p>\n\n\n\n<p>A mudan\u00e7a foi publicada no Di\u00e1rio Oficial desta quarta-feira (21) e foi realizada ap\u00f3s um estudo da secretaria, que evidenciou a defasagem dos valores atualmente praticados para o servi\u00e7o de t\u00e1xi no munic\u00edpio em rela\u00e7\u00e3o aos custos operacionais. A mudan\u00e7a tamb\u00e9m tem como objetivo assegurar o equil\u00edbrio econ\u00f4mico do servi\u00e7o e a melhoria na qualidade para a popula\u00e7\u00e3o.<\/p>\n\n\n\n<p>Em 2023, quando o prefeito Capit\u00e3o Nelson aprovou a regulamenta\u00e7\u00e3o para o servi\u00e7o no munic\u00edpio, a tarifa da bandeirada era de R$ 4,80.<\/p>\n\n\n\n<p>Uma outra mudan\u00e7a foi o valor da Unidade Taxim\u00e9trica (UT), utilizada como padr\u00e3o fixador de valores das tarifas do servi\u00e7o de t\u00e1xi, equivalente ao valor pago por um quil\u00f4metro rodado. Agora, o novo valor \u00e9 de R$ 3,75. Com isso, a hora parada ou de espera passa a valer 11 UTs, o que equivale a R$ 41,25. Em 2023, o valor da UT era de R$ 2,97.<\/p>\n\n\n\n<p><em>Fotos: Julio Diniz\/Arquivo<\/em><\/p>\n\n\n\n<p><strong><em>S\u00e3o Gon\u00e7alo vai mudar: Not\u00edcias de S\u00e3o Gon\u00e7alo e toda regi\u00e3o.<\/em><\/strong><\/p>\n\n\n\n<figure class=\"wp-block-video\"><video height=\"1280\" style=\"aspect-ratio: 720 \/ 1280;\" width=\"720\" controls src=\"https:\/\/sgvaimudar.com.br\/wp-content\/uploads\/2026\/01\/logo2026.mp4\"><\/video><\/figure>\n","protected":false},"excerpt":{"rendered":"<p>Mudan\u00e7a teve in\u00edcio a partir desta quarta-feira (21) A Secretaria de Meio Ambiente e Transportes da Prefeitura de S\u00e3o Gon\u00e7alo&hellip;<\/p>\n","protected":false},"author":5,"featured_media":36622,"comment_status":"closed","ping_status":"open","sticky":false,"template":"","format":"standard","meta":{"fifu_image_url":"https:\/\/sgvaimudar.com.br\/wp-content\/uploads\/2026\/01\/unnamed-2-12.jpg","fifu_image_alt":"","footnotes":""},"categories":[3],"tags":[],"class_list":["post-36615","post","type-post","status-publish","format-standard","has-post-thumbnail","hentry","category-sao-goncalo"],"_links":{"self":[{"href":"https:\/\/sgvaimudar.com.br\/index.php\/wp-json\/wp\/v2\/posts\/36615","targetHints":{"allow":["GET"]}}],"collection":[{"href":"https:\/\/sgvaimudar.com.br\/index.php\/wp-json\/wp\/v2\/posts"}],"about":[{"href":"https:\/\/sgvaimudar.com.br\/index.php\/wp-json\/wp\/v2\/types\/post"}],"author":[{"embeddable":true,"href":"https:\/\/sgvaimudar.com.br\/index.php\/wp-json\/wp\/v2\/users\/5"}],"replies":[{"embeddable":true,"href":"https:\/\/sgvaimudar.com.br\/index.php\/wp-json\/wp\/v2\/comments?post=36615"}],"version-history":[{"count":1,"href":"https:\/\/sgvaimudar.com.br\/index.php\/wp-json\/wp\/v2\/posts\/36615\/revisions"}],"predecessor-version":[{"id":36617,"href":"https:\/\/sgvaimudar.com.br\/index.php\/wp-json\/wp\/v2\/posts\/36615\/revisions\/36617"}],"wp:featuredmedia":[{"embeddable":true,"href":"https:\/\/sgvaimudar.com.br\/index.php\/wp-json\/wp\/v2\/media\/36622"}],"wp:attachment":[{"href":"https:\/\/sgvaimudar.com.br\/index.php\/wp-json\/wp\/v2\/media?parent=36615"}],"wp:term":[{"taxonomy":"category","embeddable":true,"href":"https:\/\/sgvaimudar.com.br\/index.php\/wp-json\/wp\/v2\/categories?post=36615"},{"taxonomy":"post_tag","embeddable":true,"href":"https:\/\/sgvaimudar.com.br\/index.php\/wp-json\/wp\/v2\/tags?post=36615"}],"curies":[{"name":"wp","href":"https:\/\/api.w.org\/{rel}","templated":true}]}}