{"id":36563,"date":"2026-01-21T12:59:00","date_gmt":"2026-01-21T15:59:00","guid":{"rendered":"https:\/\/sgvaimudar.com.br\/?p=36563"},"modified":"2026-01-21T10:03:04","modified_gmt":"2026-01-21T13:03:04","slug":"cdl-de-niteroi-cobra-medidas-urgentes-diante-do-avanco-da-criminalidade-no-comercio","status":"publish","type":"post","link":"https:\/\/sgvaimudar.com.br\/index.php\/2026\/01\/21\/cdl-de-niteroi-cobra-medidas-urgentes-diante-do-avanco-da-criminalidade-no-comercio\/","title":{"rendered":"CDL de Niter\u00f3i cobra medidas urgentes diante do avan\u00e7o da criminalidade no com\u00e9rcio"},"content":{"rendered":"\n<p><em>Segundo o presidente, Luiz Vieira, a entidade tem recebido in\u00fameras den\u00fancias de associados<\/em><\/p>\n\n\n\n<p>O aumento expressivo de arrombamentos, furtos e roubos no com\u00e9rcio de Niter\u00f3i tem gerado preocupa\u00e7\u00e3o entre empres\u00e1rios e lojistas da cidade. Diante desse cen\u00e1rio, a C\u00e2mara de Dirigentes Lojistas (CDL) de Niter\u00f3i alerta para a gravidade da situa\u00e7\u00e3o e cobra medidas urgentes do poder p\u00fablico para refor\u00e7ar a seguran\u00e7a.<\/p>\n\n\n\n<p>De acordo com o presidente da CDL Niter\u00f3i, Luiz Vieira, s\u00e3o muito preju\u00edzos recorrentes. Um dos casos mais alarmantes envolve um lojista que teve sua loja arrombada quatro vezes em um intervalo de apenas dez dias, inclusive em uma unidade localizada em frente \u00e0 77\u00aa Delegacia de Pol\u00edcia (Icara\u00ed), o que evidencia a ousadia dos criminosos.<\/p>\n\n\n\n<figure class=\"wp-block-image size-large\"><img fetchpriority=\"high\" decoding=\"async\" width=\"1024\" height=\"768\" src=\"https:\/\/sgvaimudar.com.br\/wp-content\/uploads\/2026\/01\/WhatsApp-Image-2026-01-21-at-09.58.02-1024x768.jpeg\" alt=\"\" class=\"wp-image-36565\" srcset=\"https:\/\/sgvaimudar.com.br\/wp-content\/uploads\/2026\/01\/WhatsApp-Image-2026-01-21-at-09.58.02-1024x768.jpeg 1024w, https:\/\/sgvaimudar.com.br\/wp-content\/uploads\/2026\/01\/WhatsApp-Image-2026-01-21-at-09.58.02-300x225.jpeg 300w, https:\/\/sgvaimudar.com.br\/wp-content\/uploads\/2026\/01\/WhatsApp-Image-2026-01-21-at-09.58.02-768x576.jpeg 768w, https:\/\/sgvaimudar.com.br\/wp-content\/uploads\/2026\/01\/WhatsApp-Image-2026-01-21-at-09.58.02.jpeg 1280w\" sizes=\"(max-width: 1024px) 100vw, 1024px\" \/><\/figure>\n\n\n\n<p>Segundo Vieira, parte do problema est\u00e1 relacionada ao crescimento do n\u00famero de pessoas em situa\u00e7\u00e3o de rua, especialmente na regi\u00e3o central da cidade. Ele destacou a necessidade de reavaliar a localiza\u00e7\u00e3o do Programa Recome\u00e7o, atualmente instalado no Centro, por seu impacto direto na seguran\u00e7a e nos esfor\u00e7os de revitaliza\u00e7\u00e3o da \u00e1rea.<\/p>\n\n\n\n<p>\u201cO projeto tem uma proposta social importante, mas \u00e9 preciso repensar o local onde funciona. O Centro, principalmente \u00e0 noite, tornou-se uma \u00e1rea insegura, com presen\u00e7a de usu\u00e1rios de drogas, criminosos, pessoas com transtornos ps\u00edquicos e egressos do sistema prisional, al\u00e9m de cidad\u00e3os de bem sem moradia digna. N\u00e3o se trata de generalizar, mas o cen\u00e1rio atual afasta consumidores, trabalhadores e investidores\u201d, afirmou.<\/p>\n\n\n\n<p>A CDL Niter\u00f3i reconhece iniciativas da Prefeitura, como o uso de c\u00e2meras de monitoramento integradas \u00e0 Pol\u00edcia Militar e \u00e0 Guarda Municipal. No entanto, a entidade avalia que as a\u00e7\u00f5es ainda s\u00e3o insuficientes diante da escalada da criminalidade. Por isso, ir\u00e1 solicitar, nos pr\u00f3ximos dias, uma reuni\u00e3o com representantes do poder p\u00fablico para discutir novas estrat\u00e9gias de seguran\u00e7a.<\/p>\n\n\n\n<p>Outro ponto destacado pela entidade \u00e9 o alto \u00edndice de subnotifica\u00e7\u00e3o dos crimes. \u201cMuitos comerciantes deixaram de registrar ocorr\u00eancia por descren\u00e7a na efetividade do sistema, o que dificulta o mapeamento das \u00e1reas mais afetadas e a intensifica\u00e7\u00e3o do policiamento\u201d, ressaltou Vieira.<\/p>\n\n\n\n<p>A CDL Niter\u00f3i refor\u00e7a que seguran\u00e7a p\u00fablica \u00e9 um direito b\u00e1sico e uma obriga\u00e7\u00e3o do Estado, e defende a\u00e7\u00f5es imediatas para garantir a prote\u00e7\u00e3o de comerciantes, trabalhadores e consumidores.<\/p>\n\n\n\n<figure class=\"wp-block-video\"><video height=\"1280\" style=\"aspect-ratio: 720 \/ 1280;\" width=\"720\" controls src=\"https:\/\/sgvaimudar.com.br\/wp-content\/uploads\/2026\/01\/logo2026.mp4\"><\/video><\/figure>\n","protected":false},"excerpt":{"rendered":"<p>Segundo o presidente, Luiz Vieira, a entidade tem recebido in\u00fameras den\u00fancias de associados O aumento expressivo de arrombamentos, furtos e&hellip;<\/p>\n","protected":false},"author":5,"featured_media":36567,"comment_status":"closed","ping_status":"open","sticky":false,"template":"","format":"standard","meta":{"fifu_image_url":"https:\/\/sgvaimudar.com.br\/wp-content\/uploads\/2026\/01\/WhatsApp-Image-2026-01-21-at-09.58.01.jpeg","fifu_image_alt":"","footnotes":""},"categories":[32],"tags":[165,1097,394,1291,105,1293,47,1292],"class_list":["post-36563","post","type-post","status-publish","format-standard","has-post-thumbnail","hentry","category-casos-de-policia","tag-cdl","tag-comercio","tag-crime","tag-luiz","tag-niteroi","tag-presiden-te","tag-rj","tag-vieira"],"_links":{"self":[{"href":"https:\/\/sgvaimudar.com.br\/index.php\/wp-json\/wp\/v2\/posts\/36563","targetHints":{"allow":["GET"]}}],"collection":[{"href":"https:\/\/sgvaimudar.com.br\/index.php\/wp-json\/wp\/v2\/posts"}],"about":[{"href":"https:\/\/sgvaimudar.com.br\/index.php\/wp-json\/wp\/v2\/types\/post"}],"author":[{"embeddable":true,"href":"https:\/\/sgvaimudar.com.br\/index.php\/wp-json\/wp\/v2\/users\/5"}],"replies":[{"embeddable":true,"href":"https:\/\/sgvaimudar.com.br\/index.php\/wp-json\/wp\/v2\/comments?post=36563"}],"version-history":[{"count":1,"href":"https:\/\/sgvaimudar.com.br\/index.php\/wp-json\/wp\/v2\/posts\/36563\/revisions"}],"predecessor-version":[{"id":36566,"href":"https:\/\/sgvaimudar.com.br\/index.php\/wp-json\/wp\/v2\/posts\/36563\/revisions\/36566"}],"wp:featuredmedia":[{"embeddable":true,"href":"https:\/\/sgvaimudar.com.br\/index.php\/wp-json\/wp\/v2\/media\/36567"}],"wp:attachment":[{"href":"https:\/\/sgvaimudar.com.br\/index.php\/wp-json\/wp\/v2\/media?parent=36563"}],"wp:term":[{"taxonomy":"category","embeddable":true,"href":"https:\/\/sgvaimudar.com.br\/index.php\/wp-json\/wp\/v2\/categories?post=36563"},{"taxonomy":"post_tag","embeddable":true,"href":"https:\/\/sgvaimudar.com.br\/index.php\/wp-json\/wp\/v2\/tags?post=36563"}],"curies":[{"name":"wp","href":"https:\/\/api.w.org\/{rel}","templated":true}]}}