{"id":36557,"date":"2026-01-21T11:01:00","date_gmt":"2026-01-21T14:01:00","guid":{"rendered":"https:\/\/sgvaimudar.com.br\/?p=36557"},"modified":"2026-01-21T09:23:05","modified_gmt":"2026-01-21T12:23:05","slug":"programa-acredita-forma-500-alunos-em-parceria-com-a-uff","status":"publish","type":"post","link":"https:\/\/sgvaimudar.com.br\/index.php\/2026\/01\/21\/programa-acredita-forma-500-alunos-em-parceria-com-a-uff\/","title":{"rendered":"Programa Acredita forma 500 alunos em parceria com a UFF"},"content":{"rendered":"\n<p><em>Iniciativa \u00e9 voltada para pessoas inscritas no Cadastro \u00danico e amplia acesso \u00e0 qualifica\u00e7\u00e3o profissional e ao empreendedorismo<\/em><\/p>\n\n\n\n<p>Inscrita no Cadastro \u00danico, Cleidimar dos Santos, 57 anos, \u00e9 moradora de S\u00e3o Jo\u00e3o do Meriti (RJ). Por cerca de dois meses, ela encarou o longo trajeto at\u00e9 Niter\u00f3i (RJ) para assistir as aulas do curso de Cosm\u00e9ticos Naturais, oferecido pelo projeto F\u00e1brica de Futuro. <\/p>\n\n\n\n<figure class=\"wp-block-image size-full\"><img fetchpriority=\"high\" decoding=\"async\" width=\"768\" height=\"512\" src=\"https:\/\/sgvaimudar.com.br\/wp-content\/uploads\/2026\/01\/99a22054-49bc-41c2-831d-51f9084bc5e3.jpeg\" alt=\"\" class=\"wp-image-36558\" srcset=\"https:\/\/sgvaimudar.com.br\/wp-content\/uploads\/2026\/01\/99a22054-49bc-41c2-831d-51f9084bc5e3.jpeg 768w, https:\/\/sgvaimudar.com.br\/wp-content\/uploads\/2026\/01\/99a22054-49bc-41c2-831d-51f9084bc5e3-300x200.jpeg 300w\" sizes=\"(max-width: 768px) 100vw, 768px\" \/><\/figure>\n\n\n\n<p>A iniciativa de forma\u00e7\u00e3o profissional e inclus\u00e3o produtiva \u00e9 realizada pela Universidade Federal Fluminense (UFF) em parceria com o Minist\u00e9rio do Desenvolvimento e Assist\u00eancia Social, Fam\u00edlia e Combate \u00e0 Fome (MDS), no \u00e2mbito do Programa Acredita no Primeiro Passo, e tamb\u00e9m envolve institui\u00e7\u00f5es locais.<\/p>\n\n\n\n<p>Os cursos unem teoria e pr\u00e1tica para pessoas inscritas no Cad\u00danico e atendem diferentes comunidades e territ\u00f3rios do estado do Rio de Janeiro. Cleidimar j\u00e1 trabalhava na \u00e1rea, como t\u00e9cnica em farm\u00e1cia, mas encontrou na iniciativa uma oportunidade de aperfei\u00e7oar o que j\u00e1 sabia. \u201cAgora que eu me aperfei\u00e7oei um pouco mais, posso entrar nesse universo, eu posso produzir, posso empreender\u201d, comemorou.<\/p>\n\n\n\n<p>Ela faz parte dos 500 alunos que receberam a certifica\u00e7\u00e3o de cursos profissionalizantes do projeto F\u00e1brica de Futuro, nesta ter\u00e7a-feira (20.01), em Niter\u00f3i. A cerim\u00f4nia contou com a participa\u00e7\u00e3o do ministro Wellington Dias, da ministra da Igualdade Racial, Aniele Franco, e do reitor da UFF, Ant\u00f4nio N\u00f3brega.<\/p>\n\n\n\n<p>O titular do MDS destacou que \u00e9 necess\u00e1rio dar oportunidades, por meio do Acredita no Primeiro Passo, para que o objetivo de superar a pobreza seja alcan\u00e7ado. \u201cO presidente Lula sabe a import\u00e2ncia de tirar o Brasil do Mapa da Fome. Esse \u00e9 o come\u00e7o para a supera\u00e7\u00e3o da pobreza, para poder crescer\u201d, refor\u00e7ou Dias.<\/p>\n\n\n\n<p>Para o reitor da UFF, o projeto \u00e9 uma forma de devolver \u00e0 sociedade todo o investimento voltado para as universidades federais. \u201cN\u00f3s ficamos muito agradecidos pela confian\u00e7a e por legitimar o papel da universidade, devolvendo para a sociedade o que ela faz pelo nosso funcionamento\u201d, destacou.<\/p>\n\n\n\n<p>S\u00e3o ofertados pela institui\u00e7\u00e3o cursos como os de instalador de sistemas solares fotovoltaicos, soldagem, mec\u00e2nica automotiva, seguran\u00e7a do trabalho, design gr\u00e1fico, web design, produ\u00e7\u00e3o audiovisual, cosm\u00e9tica natural, auxiliar de cozinha, brigadista, prototipagem e agente de reflorestamento.<\/p>\n\n\n\n<p>As 500 certifica\u00e7\u00f5es entregues nesta etapa fazem parte de um total de 1.700 pessoas j\u00e1 inscritas nas turmas do projeto. Os alunos recebem apoio com transporte e alimenta\u00e7\u00e3o, al\u00e9m de material did\u00e1tico e todas as ferramentas necess\u00e1rias para o aprendizado nas \u00e1reas escolhidas.<\/p>\n\n\n\n<p>Jovens e adultos inscritos no Cadastro \u00danico e em situa\u00e7\u00e3o de vulnerabilidade socioecon\u00f4mica que desejam conhecer os cursos dispon\u00edveis, podem acessar a p\u00e1gina do projeto F\u00e1brica de Futuro.<a rel=\"noreferrer noopener\" href=\"https:\/\/fabricadefuturo.com.br\/\" target=\"_blank\"><br><br><\/a><strong>Agenda<br><br><\/strong>O ministro Wellington Dias visitou, pela manh\u00e3, o Instituto Vida Renovada,\u00a0associa\u00e7\u00e3o civil sem fins lucrativos, em S\u00e3o Jo\u00e3o de Meriti.\u00a0Por meio do apoio do MDS, o local oferece oportunidades e acolhimento para quem enfrenta a depend\u00eancia qu\u00edmica.<\/p>\n\n\n\n<figure class=\"wp-block-image size-large\"><img decoding=\"async\" width=\"1024\" height=\"683\" src=\"https:\/\/sgvaimudar.com.br\/wp-content\/uploads\/2026\/01\/55051860709_47a32c1ff6_k-1024x683.jpg\" alt=\"\" class=\"wp-image-36559\" srcset=\"https:\/\/sgvaimudar.com.br\/wp-content\/uploads\/2026\/01\/55051860709_47a32c1ff6_k-1024x683.jpg 1024w, https:\/\/sgvaimudar.com.br\/wp-content\/uploads\/2026\/01\/55051860709_47a32c1ff6_k-300x200.jpg 300w, https:\/\/sgvaimudar.com.br\/wp-content\/uploads\/2026\/01\/55051860709_47a32c1ff6_k-768x512.jpg 768w, https:\/\/sgvaimudar.com.br\/wp-content\/uploads\/2026\/01\/55051860709_47a32c1ff6_k-1536x1024.jpg 1536w, https:\/\/sgvaimudar.com.br\/wp-content\/uploads\/2026\/01\/55051860709_47a32c1ff6_k.jpg 2048w\" sizes=\"(max-width: 1024px) 100vw, 1024px\" \/><\/figure>\n\n\n\n<p>Atualmente, 123 pessoas s\u00e3o atendidas pelo instituto, que ao longo do tempo j\u00e1 recebeu cerca de 50 mil indiv\u00edduos.\u00a0Os cuidados oferecidos envolvem aten\u00e7\u00e3o \u00e0 sa\u00fade f\u00edsica e mental, com tratamentos realizados em grupo e individualmente, para auxiliar na supera\u00e7\u00e3o da abstin\u00eancia e na reintegra\u00e7\u00e3o social.<\/p>\n\n\n\n<figure class=\"wp-block-video\"><video height=\"1280\" style=\"aspect-ratio: 720 \/ 1280;\" width=\"720\" controls src=\"https:\/\/sgvaimudar.com.br\/wp-content\/uploads\/2026\/01\/logo2026.mp4\"><\/video><\/figure>\n","protected":false},"excerpt":{"rendered":"<p>Iniciativa \u00e9 voltada para pessoas inscritas no Cadastro \u00danico e amplia acesso \u00e0 qualifica\u00e7\u00e3o profissional e ao empreendedorismo Inscrita no&hellip;<\/p>\n","protected":false},"author":5,"featured_media":36562,"comment_status":"closed","ping_status":"open","sticky":false,"template":"","format":"standard","meta":{"fifu_image_url":"https:\/\/sgvaimudar.com.br\/wp-content\/uploads\/2026\/01\/92f38cb2-675d-470a-93da-d69daddc52dd.jpeg","fifu_image_alt":"","footnotes":""},"categories":[34],"tags":[1290,278,325,1210,105,670,47,411],"class_list":["post-36557","post","type-post","status-publish","format-standard","has-post-thumbnail","hentry","category-niteroi","tag-acredita","tag-alunos","tag-formacao","tag-ministro","tag-niteroi","tag-programa","tag-rj","tag-uff"],"_links":{"self":[{"href":"https:\/\/sgvaimudar.com.br\/index.php\/wp-json\/wp\/v2\/posts\/36557","targetHints":{"allow":["GET"]}}],"collection":[{"href":"https:\/\/sgvaimudar.com.br\/index.php\/wp-json\/wp\/v2\/posts"}],"about":[{"href":"https:\/\/sgvaimudar.com.br\/index.php\/wp-json\/wp\/v2\/types\/post"}],"author":[{"embeddable":true,"href":"https:\/\/sgvaimudar.com.br\/index.php\/wp-json\/wp\/v2\/users\/5"}],"replies":[{"embeddable":true,"href":"https:\/\/sgvaimudar.com.br\/index.php\/wp-json\/wp\/v2\/comments?post=36557"}],"version-history":[{"count":1,"href":"https:\/\/sgvaimudar.com.br\/index.php\/wp-json\/wp\/v2\/posts\/36557\/revisions"}],"predecessor-version":[{"id":36561,"href":"https:\/\/sgvaimudar.com.br\/index.php\/wp-json\/wp\/v2\/posts\/36557\/revisions\/36561"}],"wp:featuredmedia":[{"embeddable":true,"href":"https:\/\/sgvaimudar.com.br\/index.php\/wp-json\/wp\/v2\/media\/36562"}],"wp:attachment":[{"href":"https:\/\/sgvaimudar.com.br\/index.php\/wp-json\/wp\/v2\/media?parent=36557"}],"wp:term":[{"taxonomy":"category","embeddable":true,"href":"https:\/\/sgvaimudar.com.br\/index.php\/wp-json\/wp\/v2\/categories?post=36557"},{"taxonomy":"post_tag","embeddable":true,"href":"https:\/\/sgvaimudar.com.br\/index.php\/wp-json\/wp\/v2\/tags?post=36557"}],"curies":[{"name":"wp","href":"https:\/\/api.w.org\/{rel}","templated":true}]}}