{"id":36501,"date":"2026-01-20T11:15:14","date_gmt":"2026-01-20T14:15:14","guid":{"rendered":"https:\/\/sgvaimudar.com.br\/?p=36501"},"modified":"2026-01-20T11:21:40","modified_gmt":"2026-01-20T14:21:40","slug":"camara-de-vereadores-recebe-projeto-para-combater-furtos-de-fios-e-fechar-mercado-ilegal","status":"publish","type":"post","link":"https:\/\/sgvaimudar.com.br\/index.php\/2026\/01\/20\/camara-de-vereadores-recebe-projeto-para-combater-furtos-de-fios-e-fechar-mercado-ilegal\/","title":{"rendered":"C\u00e2mara de Vereadores recebe projeto para combater furtos de fios e fechar mercado ilegal"},"content":{"rendered":"\n<p><em>O Projeto de Lei da parlamentar Fernanda Louback seguiu para an\u00e1lise das Comiss\u00f5es<\/em><\/p>\n\n\n\n<p>A C\u00e2mara de Vereadores de Niter\u00f3i recebeu da parlamentar Fernanda Louback um Projeto de Lei que cria uma pol\u00edtica municipal de preven\u00e7\u00e3o e combate \u00e0 comercializa\u00e7\u00e3o irregular de cabos, fios e materiais met\u00e1licos, um dos principais fatores que alimentam furtos recorrentes na cidade e prejudicam comerciantes, moradores e servi\u00e7os essenciais.<\/p>\n\n\n\n<p>Segundo ela em sua justificativa, o projeto atua diretamente na raiz do problema: o mercado que compra fios e cabos sem controle. A proposta n\u00e3o cria novos crimes nem interfere na atua\u00e7\u00e3o da Pol\u00edcia Civil, mas fortalece o poder de fiscaliza\u00e7\u00e3o do Munic\u00edpio, com regras administrativas claras, eficazes e juridicamente seguras.<\/p>\n\n\n\n<p>Entre os principais pontos do PL est\u00e3o:<\/p>\n\n\n\n<ul class=\"wp-block-list\">\n<li>Cria\u00e7\u00e3o do Cadastro Municipal de Fornecedores de Materiais Met\u00e1licos, permitindo a identifica\u00e7\u00e3o de quem vende o material, sem criminalizar catadores ou inviabilizar a reciclagem legal;<\/li>\n\n\n\n<li>Obriga\u00e7\u00e3o de compra apenas de fornecedores cadastrados, encerrando a venda an\u00f4nima que incentiva furtos;<\/li>\n\n\n\n<li>Segrega\u00e7\u00e3o f\u00edsica obrigat\u00f3ria dos materiais rec\u00e9m-adquiridos, impedindo que material irregular seja misturado ao estoque regular;<\/li>\n\n\n\n<li>Registro simples por lote, com data, hor\u00e1rio, tipo de material e peso aproximado, sem exig\u00eancia de sistema eletr\u00f4nico ou burocracia excessiva;<\/li>\n\n\n\n<li>Fiscaliza\u00e7\u00e3o objetiva, com poder de apreens\u00e3o, interdi\u00e7\u00e3o cautelar e cassa\u00e7\u00e3o de alvar\u00e1 em casos de reincid\u00eancia.<\/li>\n<\/ul>\n\n\n\n<p>Segundo Fernanda Louback, a proposta busca equilibrar firmeza no combate ao crime com responsabilidade social:<br>\u201cEssa lei n\u00e3o criminaliza a pobreza nem prejudica quem vive da reciclagem de forma honesta. Pelo contr\u00e1rio: ela protege o catador regular e fecha o mercado ilegal que sustenta o furto de fios, que hoje prejudica hospitais, escolas, com\u00e9rcios e moradores\u201d, disse Louback.<\/p>\n\n\n\n<p>O projeto tamb\u00e9m foi elaborado para atuar de forma integrada \u00e0 legisla\u00e7\u00e3o estadual, complementando as normas j\u00e1 existentes e permitindo a\u00e7\u00f5es conjuntas entre Prefeitura, Guarda Municipal e \u00f3rg\u00e3os de fiscaliza\u00e7\u00e3o.<\/p>\n\n\n\n<p>A vereadora destacou que o foco \u00e9 preven\u00e7\u00e3o e organiza\u00e7\u00e3o, n\u00e3o estat\u00edstica:<br>\u201cEnquanto existir quem compre sem controle, o furto vai continuar. Esse projeto cria regras simples, poss\u00edveis de fiscalizar e que funcionam na pr\u00e1tica. Seguran\u00e7a p\u00fablica tamb\u00e9m passa pela ordem urbana\u201d, finalizou a vereadora.<br><strong><em>S\u00e3o Gon\u00e7alo vai mudar: Not\u00edcias de S\u00e3o Gon\u00e7alo e toda regi\u00e3o.<\/em><\/strong><\/p>\n\n\n\n<figure class=\"wp-block-video\"><video height=\"1280\" style=\"aspect-ratio: 720 \/ 1280;\" width=\"720\" controls src=\"https:\/\/sgvaimudar.com.br\/wp-content\/uploads\/2026\/01\/logo2026.mp4\"><\/video><\/figure>\n","protected":false},"excerpt":{"rendered":"<p>O Projeto de Lei da parlamentar Fernanda Louback seguiu para an\u00e1lise das Comiss\u00f5es A C\u00e2mara de Vereadores de Niter\u00f3i recebeu&hellip;<\/p>\n","protected":false},"author":5,"featured_media":36504,"comment_status":"closed","ping_status":"open","sticky":false,"template":"","format":"standard","meta":{"fifu_image_url":"https:\/\/sgvaimudar.com.br\/wp-content\/uploads\/2026\/01\/WhatsApp-Image-2026-01-19-at-16.27.48.jpeg","fifu_image_alt":"","footnotes":""},"categories":[34],"tags":[730,1283,880,52,105,178,47,729],"class_list":["post-36501","post","type-post","status-publish","format-standard","has-post-thumbnail","hentry","category-niteroi","tag-fernanda-louback","tag-fios","tag-furto","tag-lei","tag-niteroi","tag-projeto","tag-rj","tag-vereadora"],"_links":{"self":[{"href":"https:\/\/sgvaimudar.com.br\/index.php\/wp-json\/wp\/v2\/posts\/36501","targetHints":{"allow":["GET"]}}],"collection":[{"href":"https:\/\/sgvaimudar.com.br\/index.php\/wp-json\/wp\/v2\/posts"}],"about":[{"href":"https:\/\/sgvaimudar.com.br\/index.php\/wp-json\/wp\/v2\/types\/post"}],"author":[{"embeddable":true,"href":"https:\/\/sgvaimudar.com.br\/index.php\/wp-json\/wp\/v2\/users\/5"}],"replies":[{"embeddable":true,"href":"https:\/\/sgvaimudar.com.br\/index.php\/wp-json\/wp\/v2\/comments?post=36501"}],"version-history":[{"count":2,"href":"https:\/\/sgvaimudar.com.br\/index.php\/wp-json\/wp\/v2\/posts\/36501\/revisions"}],"predecessor-version":[{"id":36506,"href":"https:\/\/sgvaimudar.com.br\/index.php\/wp-json\/wp\/v2\/posts\/36501\/revisions\/36506"}],"wp:featuredmedia":[{"embeddable":true,"href":"https:\/\/sgvaimudar.com.br\/index.php\/wp-json\/wp\/v2\/media\/36504"}],"wp:attachment":[{"href":"https:\/\/sgvaimudar.com.br\/index.php\/wp-json\/wp\/v2\/media?parent=36501"}],"wp:term":[{"taxonomy":"category","embeddable":true,"href":"https:\/\/sgvaimudar.com.br\/index.php\/wp-json\/wp\/v2\/categories?post=36501"},{"taxonomy":"post_tag","embeddable":true,"href":"https:\/\/sgvaimudar.com.br\/index.php\/wp-json\/wp\/v2\/tags?post=36501"}],"curies":[{"name":"wp","href":"https:\/\/api.w.org\/{rel}","templated":true}]}}