{"id":36492,"date":"2026-01-20T10:44:10","date_gmt":"2026-01-20T13:44:10","guid":{"rendered":"https:\/\/sgvaimudar.com.br\/?p=36492"},"modified":"2026-01-20T10:44:11","modified_gmt":"2026-01-20T13:44:11","slug":"programa-to-de-ferias-na-escola-leva-diversao-e-atividades-educativas-a-alunos-da-rede-municipal","status":"publish","type":"post","link":"https:\/\/sgvaimudar.com.br\/index.php\/2026\/01\/20\/programa-to-de-ferias-na-escola-leva-diversao-e-atividades-educativas-a-alunos-da-rede-municipal\/","title":{"rendered":"Programa \u201cT\u00f4 de F\u00e9rias na Escola\u201d leva divers\u00e3o e atividades educativas a alunos da Rede Municipal"},"content":{"rendered":"\n<p><em>A abertura aconteceu no Centro de Forma\u00e7\u00e3o Darcy Ribeiro<\/em><\/p>\n\n\n\n<p>Com o objetivo de levar alegria, brincadeiras e experi\u00eancias educativas para crian\u00e7as da Rede Municipal durante o recesso escolar, o programa T\u00f4 de F\u00e9rias na Escola teve in\u00edcio nesta segunda-feira (19) em Niter\u00f3i. O evento recebeu a crian\u00e7ada com muita anima\u00e7\u00e3o e a apresenta\u00e7\u00e3o do grupo Viol\u00fadico, garantiu a divers\u00e3o logo no primeiro dia.<\/p>\n\n\n\n<p>A iniciativa da Secretaria e da Funda\u00e7\u00e3o Municipal de Educa\u00e7\u00e3o de Niter\u00f3i segue at\u00e9 o dia 30 de janeiro e re\u00fane cerca de 700 crian\u00e7as, de 14 unidades de educa\u00e7\u00e3o do munic\u00edpio. As atividades acontecem de segunda a sexta-feira, das 8h \u00e0s 12h, com caf\u00e9 da manh\u00e3 e almo\u00e7o garantidos.<\/p>\n\n\n\n<p>Em 2026, o programa amplia seus espa\u00e7os e fortalece a integra\u00e7\u00e3o entre educa\u00e7\u00e3o, esporte e cultura. Al\u00e9m das escolas participantes, o Centro de Forma\u00e7\u00e3o Darcy Ribeiro e o Centro de Treinamento Niter\u00f3i Joga em Rede passam a integrar oficialmente a programa\u00e7\u00e3o do T\u00f4 de F\u00e9rias na Escola, recebendo crian\u00e7as ao longo dos dez dias de atividades. Nesses espa\u00e7os, ser\u00e3o desenvolvidas viv\u00eancias esportivas, oficinas e experi\u00eancias nos Ateli\u00eas do Sabor e de Linguagens, al\u00e9m dos Clubes de Inova\u00e7\u00e3o, Maker e Linguagens.<\/p>\n\n\n\n<p>Durante o per\u00edodo, as unidades escolares tamb\u00e9m realizam uma programa\u00e7\u00e3o diversificada, com oficinas de dan\u00e7a, teatro, m\u00fasica, conta\u00e7\u00e3o de hist\u00f3rias, jogos, brincadeiras e atividades culturais, promovendo a conviv\u00eancia, a criatividade e o protagonismo infantil.<\/p>\n\n\n\n<p>Para o secret\u00e1rio municipal de Educa\u00e7\u00e3o de Niter\u00f3i, Bira Marques, a integra\u00e7\u00e3o de novos espa\u00e7os fortalece ainda mais a proposta do programa.<\/p>\n\n\n\n<p>\u201cNeste ano, damos um passo importante ao integrar o Centro de Forma\u00e7\u00e3o Darcy Ribeiro e o Centro de Treinamento Niter\u00f3i Joga em Rede ao T\u00f4 de F\u00e9rias na Escola. Esses espa\u00e7os ampliam as possibilidades de aprendizagem, conviv\u00eancia e troca, fortalecendo a rela\u00e7\u00e3o das crian\u00e7as com a cidade, o esporte, a cultura e a inova\u00e7\u00e3o, mesmo durante o recesso escolar\u201d, afirmou.<\/p>\n\n\n\n<p><strong>Confira a lista de unidades participantes:<br><\/strong><br>UMEI Almir Garcia da Silva (Macei\u00f3)<br>UMEI Darcy Ribeiro (Charitas)<br>UMEI Geraldo M. Bezerra de Menezes (Santa Rosa)<br>UMEI Jacy Pacheco (Barreto)<br>UMEI Lizete Fernandes Maciel (Jacar\u00e9)<br>UMEI Vin\u00edcius de Moraes (Sap\u00ea)<br>E. M. Governador Roberto Silveira (Morro do Castro)<br>E. M. An\u00edsio Teixeira (S\u00e3o Domingos)<br>E. M. Djalma Coutinho de Oliveira (Fonseca)<br>E. M. Eul\u00e1lia da Silveira Bragan\u00e7a (Piratininga)<br>E. M. Julia Cortines (Icara\u00ed)<br>E. M. Tiradentes (Tenente Jardim)<br>E. M. Santos Dumont (F\u00e1tima).<\/p>\n\n\n\n<p><strong><em>S\u00e3o Gon\u00e7alo vai mudar: Not\u00edcias de S\u00e3o Gon\u00e7alo e toda regi\u00e3o.<\/em><\/strong><\/p>\n\n\n\n<figure class=\"wp-block-video\"><video height=\"1280\" style=\"aspect-ratio: 720 \/ 1280;\" width=\"720\" controls src=\"https:\/\/sgvaimudar.com.br\/wp-content\/uploads\/2026\/01\/logo2026.mp4\"><\/video><\/figure>\n","protected":false},"excerpt":{"rendered":"<p>A abertura aconteceu no Centro de Forma\u00e7\u00e3o Darcy Ribeiro Com o objetivo de levar alegria, brincadeiras e experi\u00eancias educativas para&hellip;<\/p>\n","protected":false},"author":5,"featured_media":36495,"comment_status":"closed","ping_status":"open","sticky":false,"template":"","format":"standard","meta":{"fifu_image_url":"https:\/\/sgvaimudar.com.br\/wp-content\/uploads\/2026\/01\/Ferias-na-escola-5.jpeg","fifu_image_alt":"","footnotes":""},"categories":[34],"tags":[278,250,1281,1280,105,47],"class_list":["post-36492","post","type-post","status-publish","format-standard","has-post-thumbnail","hentry","category-niteroi","tag-alunos","tag-educacao","tag-experiencias","tag-ferias","tag-niteroi","tag-rj"],"_links":{"self":[{"href":"https:\/\/sgvaimudar.com.br\/index.php\/wp-json\/wp\/v2\/posts\/36492","targetHints":{"allow":["GET"]}}],"collection":[{"href":"https:\/\/sgvaimudar.com.br\/index.php\/wp-json\/wp\/v2\/posts"}],"about":[{"href":"https:\/\/sgvaimudar.com.br\/index.php\/wp-json\/wp\/v2\/types\/post"}],"author":[{"embeddable":true,"href":"https:\/\/sgvaimudar.com.br\/index.php\/wp-json\/wp\/v2\/users\/5"}],"replies":[{"embeddable":true,"href":"https:\/\/sgvaimudar.com.br\/index.php\/wp-json\/wp\/v2\/comments?post=36492"}],"version-history":[{"count":1,"href":"https:\/\/sgvaimudar.com.br\/index.php\/wp-json\/wp\/v2\/posts\/36492\/revisions"}],"predecessor-version":[{"id":36494,"href":"https:\/\/sgvaimudar.com.br\/index.php\/wp-json\/wp\/v2\/posts\/36492\/revisions\/36494"}],"wp:featuredmedia":[{"embeddable":true,"href":"https:\/\/sgvaimudar.com.br\/index.php\/wp-json\/wp\/v2\/media\/36495"}],"wp:attachment":[{"href":"https:\/\/sgvaimudar.com.br\/index.php\/wp-json\/wp\/v2\/media?parent=36492"}],"wp:term":[{"taxonomy":"category","embeddable":true,"href":"https:\/\/sgvaimudar.com.br\/index.php\/wp-json\/wp\/v2\/categories?post=36492"},{"taxonomy":"post_tag","embeddable":true,"href":"https:\/\/sgvaimudar.com.br\/index.php\/wp-json\/wp\/v2\/tags?post=36492"}],"curies":[{"name":"wp","href":"https:\/\/api.w.org\/{rel}","templated":true}]}}