{"id":36488,"date":"2026-01-20T10:30:59","date_gmt":"2026-01-20T13:30:59","guid":{"rendered":"https:\/\/sgvaimudar.com.br\/?p=36488"},"modified":"2026-01-20T10:30:59","modified_gmt":"2026-01-20T13:30:59","slug":"homem-foge-da-policia-civil-mas-e-preso-pelo-12o-bpm-com-revolver-em-niteroi","status":"publish","type":"post","link":"https:\/\/sgvaimudar.com.br\/index.php\/2026\/01\/20\/homem-foge-da-policia-civil-mas-e-preso-pelo-12o-bpm-com-revolver-em-niteroi\/","title":{"rendered":"Homem foge da Pol\u00edcia Civil, mas \u00e9 preso pelo 12\u00ba BPM com rev\u00f3lver em Niter\u00f3i"},"content":{"rendered":"\n<p><em>Acusado estava portando um rev\u00f3lver calibre 38 na Alameda S\u00e3o Boaventura<\/em><\/p>\n\n\n\n<p>R\u00f4mulo Gomes Cunha, de 31 anos, detido no in\u00edcio da tarde desta segunda-feira (19) na Alameda S\u00e3o Boaventura, no Fonseca, Zona Norte de Niter\u00f3i, \u00e9 um foragido da Pol\u00edcia Civil (78\u00ba DP). Ele foi capturado por policiais do 12\u00ba BPM ap\u00f3s pedestres informarem que ele circulava armado pela via.<\/p>\n\n\n\n<p>Segundo a Pol\u00edcia Militar, uma guarni\u00e7\u00e3o do Delta 17 com o Setor \u00cdndia estavam em patrulhamento conjunto quando tudo aconteceu.  Na a\u00e7\u00e3o, foi realizada logo a abordagem e os agentes constataram que R\u00f4mulo Gomes, que j\u00e1 tem tr\u00eas anota\u00e7\u00f5es criminais por tr\u00e1fico de drogas, homic\u00eddio e extors\u00e3o, portava ilegalmente uma arma de fogo.<\/p>\n\n\n\n<p>Em raz\u00e3o dos fatos, o acusado foi conduzido \u00e0 78\u00aa Delegacia de Pol\u00edcia para registro da ocorr\u00eancia e autua\u00e7\u00e3o em flagrante delito. J\u00e1 na unidade policial, os policiais civis reconheceram o acusado como sendo o mesmo indiv\u00edduo que, momentos antes, havia se evadido de um cerco policial realizado por uma equipe na regi\u00e3o do Complexo do Fonseca.<\/p>\n\n\n\n<figure class=\"wp-block-video\"><video height=\"1280\" style=\"aspect-ratio: 720 \/ 1280;\" width=\"720\" controls src=\"https:\/\/sgvaimudar.com.br\/wp-content\/uploads\/2026\/01\/NoticiaUrgete.logoSGVM.mp4\"><\/video><\/figure>\n\n\n\n<p><\/p>\n","protected":false},"excerpt":{"rendered":"<p>Acusado estava portando um rev\u00f3lver calibre 38 na Alameda S\u00e3o Boaventura R\u00f4mulo Gomes Cunha, de 31 anos, detido no in\u00edcio&hellip;<\/p>\n","protected":false},"author":5,"featured_media":36491,"comment_status":"closed","ping_status":"open","sticky":false,"template":"","format":"standard","meta":{"fifu_image_url":"https:\/\/sgvaimudar.com.br\/wp-content\/uploads\/2026\/01\/WhatsApp-Image-2026-01-20-at-09.07.02.jpeg","fifu_image_alt":"","footnotes":""},"categories":[32],"tags":[39,41,40,105,299,47],"class_list":["post-36488","post","type-post","status-publish","format-standard","has-post-thumbnail","hentry","category-casos-de-policia","tag-ataque","tag-conflito","tag-guerra","tag-niteroi","tag-policia","tag-rj"],"_links":{"self":[{"href":"https:\/\/sgvaimudar.com.br\/index.php\/wp-json\/wp\/v2\/posts\/36488","targetHints":{"allow":["GET"]}}],"collection":[{"href":"https:\/\/sgvaimudar.com.br\/index.php\/wp-json\/wp\/v2\/posts"}],"about":[{"href":"https:\/\/sgvaimudar.com.br\/index.php\/wp-json\/wp\/v2\/types\/post"}],"author":[{"embeddable":true,"href":"https:\/\/sgvaimudar.com.br\/index.php\/wp-json\/wp\/v2\/users\/5"}],"replies":[{"embeddable":true,"href":"https:\/\/sgvaimudar.com.br\/index.php\/wp-json\/wp\/v2\/comments?post=36488"}],"version-history":[{"count":1,"href":"https:\/\/sgvaimudar.com.br\/index.php\/wp-json\/wp\/v2\/posts\/36488\/revisions"}],"predecessor-version":[{"id":36490,"href":"https:\/\/sgvaimudar.com.br\/index.php\/wp-json\/wp\/v2\/posts\/36488\/revisions\/36490"}],"wp:featuredmedia":[{"embeddable":true,"href":"https:\/\/sgvaimudar.com.br\/index.php\/wp-json\/wp\/v2\/media\/36491"}],"wp:attachment":[{"href":"https:\/\/sgvaimudar.com.br\/index.php\/wp-json\/wp\/v2\/media?parent=36488"}],"wp:term":[{"taxonomy":"category","embeddable":true,"href":"https:\/\/sgvaimudar.com.br\/index.php\/wp-json\/wp\/v2\/categories?post=36488"},{"taxonomy":"post_tag","embeddable":true,"href":"https:\/\/sgvaimudar.com.br\/index.php\/wp-json\/wp\/v2\/tags?post=36488"}],"curies":[{"name":"wp","href":"https:\/\/api.w.org\/{rel}","templated":true}]}}