{"id":36456,"date":"2026-01-20T09:35:00","date_gmt":"2026-01-20T12:35:00","guid":{"rendered":"https:\/\/sgvaimudar.com.br\/?p=36456"},"modified":"2026-01-20T09:38:48","modified_gmt":"2026-01-20T12:38:48","slug":"estado-do-rio-segue-monitorando-condicoes-meteorologicas","status":"publish","type":"post","link":"https:\/\/sgvaimudar.com.br\/index.php\/2026\/01\/20\/estado-do-rio-segue-monitorando-condicoes-meteorologicas\/","title":{"rendered":"Estado do Rio segue monitorando condi\u00e7\u00f5es meteorol\u00f3gicas nesta ter\u00e7a 20"},"content":{"rendered":"\n<p><em>Equipes de diversos \u00f3rg\u00e3os est\u00e3o de prontid\u00e3o e atuam de forma integrada<\/em><\/p>\n\n\n\n<p>O Governo do Estado atua com uma for\u00e7a-tarefa envolvendo diversas secretarias para monitorar as condi\u00e7\u00f5es meteorol\u00f3gicas em todo o territ\u00f3rio fluminense e agilizar respostas aos munic\u00edpios atingidos pelas chuvas. Por meio do Comit\u00ea Permanente de Chuvas, equipes da Defesa Civil Estadual, da Secretaria de Estado do Ambiente e Sustentabilidade e de outros \u00f3rg\u00e3os acompanham a situa\u00e7\u00e3o em todo o estado de forma integrada e oferecem apoio \u00e0s cidades mais afetadas nas regi\u00f5es Costa Verde, Sul e Baixada Fluminense.<\/p>\n\n\n\n<p>Duque de Caxias, na Baixada, foi o munic\u00edpio que registrou maior volume de chuvas. No bairro Pantanal, o acumulado foi de 213,6 mm em 24 horas. A Defesa Civil Estadual est\u00e1 em contato permanente com a prefeitura do munic\u00edpio, onde foram registradas ocorr\u00eancias de inunda\u00e7\u00f5es e alagamentos, sem v\u00edtimas. Itagua\u00ed, Queimados, Nova Igua\u00e7u, Belford Roxo, Rio Claro, Angra dos Reis e Mangaratiba tamb\u00e9m tiveram acumulados de chuvas superiores a 100 mm em 24 horas.<\/p>\n\n\n\n<figure class=\"wp-block-video\"><video height=\"850\" style=\"aspect-ratio: 474 \/ 850;\" width=\"474\" controls src=\"https:\/\/sgvaimudar.com.br\/wp-content\/uploads\/2026\/01\/WhatsApp-Video-2026-01-04-at-20.01.51.mp4\"><\/video><\/figure>\n\n\n\n<p>\u2014 Seguimos de prontid\u00e3o, acompanhando as condi\u00e7\u00f5es meteorol\u00f3gicas e os riscos hidrol\u00f3gicos para atender a popula\u00e7\u00e3o fluminense e agilizar as respostas aos munic\u00edpios. Estamos atuando de forma integrada, em alerta m\u00e1ximo, com objetivo de agir rapidamente em situa\u00e7\u00f5es emergenciais. \u00c9 importante que os cidad\u00e3os fiquem atentos aos alertas das autoridades e permane\u00e7am em locais seguros em caso de chuva forte \u2014 declarou o governador Cl\u00e1udio Castro.<\/p>\n\n\n\n<p>Segundo a Defesa Civil, 265 sirenes foram acionadas para aviso de chuva em diversas localidades, incluindo: Barra Mansa (10), Barra do Pira\u00ed (15), Duque de Caxias (17), Mag\u00e9 (10), Petr\u00f3polis (22), Rio de Janeiro (155), Teres\u00f3polis (24) e S\u00e3o Jo\u00e3o de Meriti (12).&nbsp; Tamb\u00e9m houve mobiliza\u00e7\u00e3o pontual de sirenes em \u00e1reas com maior risco, totalizando cinco acionamentos adicionais, nos munic\u00edpios de Duque de Caxias, Mangaratiba e Angra dos Reis.<\/p>\n\n\n\n<p>A previs\u00e3o para esta ter\u00e7a-feira &nbsp;\u00e9 de c\u00e9u encoberto com chuva fraca a moderada podendo ser ocasionalmente forte. A temperatura m\u00e1xima prevista \u00e9 de 27\u00b0C nas regi\u00f5es Capital e Baixada Litor\u00e2nea. S\u00e3o esperados ventos fracos a moderados de Sudoeste\/Sul, com rajadas moderadas nas regi\u00f5es pr\u00f3ximas ao litoral. &nbsp;<\/p>\n\n\n\n<p><strong>Maquin\u00e1rio<\/strong><br>A Secretaria de Estado das Cidades tamb\u00e9m integra a for\u00e7a-tarefa que acompanha a situa\u00e7\u00e3o das chuvas no estado e mant\u00e9m maquin\u00e1rio, al\u00e9m de equipes de fiscaliza\u00e7\u00e3o, engenharia e gest\u00e3o de impacto social, em prontid\u00e3o para eventual acionamento pelos munic\u00edpios em decorr\u00eancia das ocorr\u00eancias clim\u00e1ticas.<\/p>\n\n\n\n<p><strong>Acionamento dos Bombeiros RJ<\/strong><br>Os Bombeiros RJ est\u00e3o em alerta, mobilizados para o atendimento a poss\u00edveis emerg\u00eancias. As equipes contam com apoio de viaturas de salvamento e resgate, ambul\u00e2ncias, embarca\u00e7\u00f5es, drones e aeronaves. At\u00e9 o momento, a corpora\u00e7\u00e3o foi acionada para 14 ocorr\u00eancias relacionadas \u00e0s chuvas, a maioria envolvendo cortes de \u00e1rvores, inunda\u00e7\u00f5es e alagamentos. N\u00e3o h\u00e1 registro de acionamento para ocorr\u00eancias com v\u00edtimas graves.<\/p>\n\n\n\n<p>Em caso de emerg\u00eancia, a popula\u00e7\u00e3o deve ligar para os n\u00fameros 199 ou 193, ou entrar em contato com a Defesa Civil do munic\u00edpio.<\/p>\n\n\n\n<p><strong>Monitoramento<\/strong><br>O Centro Estadual de Monitoramento e Alerta de Desastres Naturais (CEMADEN-RJ) acompanha, 24 horas por dia, as condi\u00e7\u00f5es meteorol\u00f3gicas e os n\u00edveis pluviom\u00e9tricos no territ\u00f3rio fluminense, enviando alertas para os munic\u00edpios quando necess\u00e1rio.<\/p>\n\n\n\n<p>Em caso de emerg\u00eancia, a popula\u00e7\u00e3o deve ligar para os n\u00fameros 199 ou 193, ou entrar em contato com a Defesa Civil do munic\u00edpio.<\/p>\n\n\n\n<p><strong><em>S\u00e3o Gon\u00e7alo vai mudar: Not\u00edcias de S\u00e3o Gon\u00e7alo e toda regi\u00e3o.<\/em><\/strong><\/p>\n\n\n\n<figure class=\"wp-block-video\"><video height=\"1280\" style=\"aspect-ratio: 720 \/ 1280;\" width=\"720\" controls src=\"https:\/\/sgvaimudar.com.br\/wp-content\/uploads\/2026\/01\/logo2026.mp4\"><\/video><\/figure>\n","protected":false},"excerpt":{"rendered":"<p>Equipes de diversos \u00f3rg\u00e3os est\u00e3o de prontid\u00e3o e atuam de forma integrada O Governo do Estado atua com uma for\u00e7a-tarefa&hellip;<\/p>\n","protected":false},"author":5,"featured_media":36459,"comment_status":"closed","ping_status":"open","sticky":false,"template":"","format":"standard","meta":{"fifu_image_url":"https:\/\/sgvaimudar.com.br\/wp-content\/uploads\/2024\/12\/CHUVAS.jpg","fifu_image_alt":"","footnotes":""},"categories":[4],"tags":[686,462,1276,887,47],"class_list":["post-36456","post","type-post","status-publish","format-standard","has-post-thumbnail","hentry","category-brasil","tag-chuvas","tag-defesa-civil","tag-fortes","tag-monitoramento","tag-rj"],"_links":{"self":[{"href":"https:\/\/sgvaimudar.com.br\/index.php\/wp-json\/wp\/v2\/posts\/36456","targetHints":{"allow":["GET"]}}],"collection":[{"href":"https:\/\/sgvaimudar.com.br\/index.php\/wp-json\/wp\/v2\/posts"}],"about":[{"href":"https:\/\/sgvaimudar.com.br\/index.php\/wp-json\/wp\/v2\/types\/post"}],"author":[{"embeddable":true,"href":"https:\/\/sgvaimudar.com.br\/index.php\/wp-json\/wp\/v2\/users\/5"}],"replies":[{"embeddable":true,"href":"https:\/\/sgvaimudar.com.br\/index.php\/wp-json\/wp\/v2\/comments?post=36456"}],"version-history":[{"count":4,"href":"https:\/\/sgvaimudar.com.br\/index.php\/wp-json\/wp\/v2\/posts\/36456\/revisions"}],"predecessor-version":[{"id":36472,"href":"https:\/\/sgvaimudar.com.br\/index.php\/wp-json\/wp\/v2\/posts\/36456\/revisions\/36472"}],"wp:featuredmedia":[{"embeddable":true,"href":"https:\/\/sgvaimudar.com.br\/index.php\/wp-json\/wp\/v2\/media\/36459"}],"wp:attachment":[{"href":"https:\/\/sgvaimudar.com.br\/index.php\/wp-json\/wp\/v2\/media?parent=36456"}],"wp:term":[{"taxonomy":"category","embeddable":true,"href":"https:\/\/sgvaimudar.com.br\/index.php\/wp-json\/wp\/v2\/categories?post=36456"},{"taxonomy":"post_tag","embeddable":true,"href":"https:\/\/sgvaimudar.com.br\/index.php\/wp-json\/wp\/v2\/tags?post=36456"}],"curies":[{"name":"wp","href":"https:\/\/api.w.org\/{rel}","templated":true}]}}