{"id":36447,"date":"2026-01-20T08:21:38","date_gmt":"2026-01-20T11:21:38","guid":{"rendered":"https:\/\/sgvaimudar.com.br\/?p=36447"},"modified":"2026-01-20T08:21:39","modified_gmt":"2026-01-20T11:21:39","slug":"secretaria-de-saude-de-sao-goncalo-incentiva-vacinacao-contra-a-dengue-em-criancas-e-adolescentes","status":"publish","type":"post","link":"https:\/\/sgvaimudar.com.br\/index.php\/2026\/01\/20\/secretaria-de-saude-de-sao-goncalo-incentiva-vacinacao-contra-a-dengue-em-criancas-e-adolescentes\/","title":{"rendered":"Secretaria de Sa\u00fade de S\u00e3o Gon\u00e7alo incentiva vacina\u00e7\u00e3o contra a dengue em crian\u00e7as e adolescentes"},"content":{"rendered":"\n<p><em>Imunizante est\u00e1 liberado para quem tem idades entre 10 e 20 anos em 66 unidades de sa\u00fade<\/em><\/p>\n\n\n\n<p>Em per\u00edodos de dias quentes e possibilidade de chuva, vem a preocupa\u00e7\u00e3o com a prolifera\u00e7\u00e3o do mosquito Aedes aegypti \u2013 transmissor da dengue, zika e chikungunya. Al\u00e9m da vig\u00edlia constante para n\u00e3o deixar \u00e1gua parada, outra medida eficaz de preven\u00e7\u00e3o \u00e9 a vacina\u00e7\u00e3o, que est\u00e1 dispon\u00edvel para as crian\u00e7as e jovens de 10 a 20 anos em 66 unidades de sa\u00fade de S\u00e3o Gon\u00e7alo.&nbsp;<\/p>\n\n\n\n<p>A Secretaria de Sa\u00fade da Prefeitura de S\u00e3o Gon\u00e7alo aplica o imunizante, na maioria das unidades, de segunda a sexta, das 8h \u00e0s 17h; e nas duas cl\u00ednicas municipais Gon\u00e7alense do Mutondo e da Fam\u00edlia Dr. Zerbini, no Arsenal, durante a semana, das 8h \u00e0s 21h. Aos s\u00e1bados, a vacina\u00e7\u00e3o ocorre somente nas cl\u00ednicas, das 8h \u00e0s 12h.<\/p>\n\n\n\n<p>\u201cA imuniza\u00e7\u00e3o \u00e9 considerada uma das principais estrat\u00e9gias para reduzir casos graves e interna\u00e7\u00f5es. A vacina atua fortalecendo o sistema imunol\u00f3gico e ajudando a diminuir a circula\u00e7\u00e3o do v\u00edrus na popula\u00e7\u00e3o, protegendo n\u00e3o apenas quem recebe a dose, mas tamb\u00e9m contribuindo para a sa\u00fade coletiva. Por isso, os respons\u00e1veis devem levar os gon\u00e7alenses de 10 a 20 anos para a vacina\u00e7\u00e3o\u201d, disse a subsecret\u00e1ria de Sa\u00fade Coletiva, Thain\u00e1 Fratane.&nbsp;&nbsp;&nbsp;<\/p>\n\n\n\n<p>A vacina oferecida \u00e9 a Qdenga, que protege contra quatro tipos de v\u00edrus da dengue (Denv-1, Denv-2, Denv-3 e Denv-4). Ela foi incorporada ao Sistema \u00danico de Sa\u00fade (SUS) pelo Programa Nacional de Imuniza\u00e7\u00f5es (PNI) em fevereiro de 2024. A vacina tem perfil de seguran\u00e7a autorizada pela Ag\u00eancia Nacional de Vigil\u00e2ncia Sanit\u00e1ria (Anvisa) e \u00e9 recomendada pelo Minist\u00e9rio da Sa\u00fade.<\/p>\n\n\n\n<p>O imunizante \u00e9 aplicado em duas doses com intervalo de tr\u00eas meses entre a primeira e a segunda dose. A vacina contra a dengue n\u00e3o pode ser aplicada, simultaneamente, com nenhum outro imunizante. E, se o adolescente teve dengue, \u00e9 recomendado aguardar seis meses para o in\u00edcio do esquema vacinal, de acordo com o Programa Nacional de Imuniza\u00e7\u00e3o (PNI).<\/p>\n\n\n\n<p>N\u00e3o podem tomar a vacina contra a dengue quem tem alergia grave a um dos componentes, imunocomprometidos e gestantes. Para tomar a vacina, o gon\u00e7alense deve levar caderneta de vacina\u00e7\u00e3o e cart\u00e3o do SUS ou CPF.<\/p>\n\n\n\n<p>\u201cVale lembrar que a combina\u00e7\u00e3o entre vacina\u00e7\u00e3o, a\u00e7\u00f5es da Vigil\u00e2ncia em Sa\u00fade Ambiental e a colabora\u00e7\u00e3o da popula\u00e7\u00e3o no combate aos criadouros \u00e9 o caminho para atravessar o per\u00edodo de maior risco da dengue com mais seguran\u00e7a e prote\u00e7\u00e3o para todos\u201d, avaliou Thain\u00e1.<\/p>\n\n\n\n<p><strong><em>S\u00e3o Gon\u00e7alo vai mudar: Not\u00edcias de S\u00e3o Gon\u00e7alo e toda regi\u00e3o.<\/em><\/strong><\/p>\n\n\n\n<figure class=\"wp-block-video\"><video height=\"1280\" style=\"aspect-ratio: 720 \/ 1280;\" width=\"720\" controls src=\"https:\/\/sgvaimudar.com.br\/wp-content\/uploads\/2026\/01\/logo2026.mp4\"><\/video><\/figure>\n","protected":false},"excerpt":{"rendered":"<p>Imunizante est\u00e1 liberado para quem tem idades entre 10 e 20 anos em 66 unidades de sa\u00fade Em per\u00edodos de&hellip;<\/p>\n","protected":false},"author":5,"featured_media":36449,"comment_status":"closed","ping_status":"open","sticky":false,"template":"","format":"standard","meta":{"fifu_image_url":"https:\/\/sgvaimudar.com.br\/wp-content\/uploads\/2025\/10\/Vacinacao-Covid-19-05-01-2022-12.webp","fifu_image_alt":"","footnotes":""},"categories":[7],"tags":[1272,292,47,75,51,320,429,1049],"class_list":["post-36447","post","type-post","status-publish","format-standard","has-post-thumbnail","hentry","category-saude","tag-contra-a","tag-dengue","tag-rj","tag-sao-goncalo","tag-saude","tag-secretaria","tag-trabalho","tag-vacinacao"],"_links":{"self":[{"href":"https:\/\/sgvaimudar.com.br\/index.php\/wp-json\/wp\/v2\/posts\/36447","targetHints":{"allow":["GET"]}}],"collection":[{"href":"https:\/\/sgvaimudar.com.br\/index.php\/wp-json\/wp\/v2\/posts"}],"about":[{"href":"https:\/\/sgvaimudar.com.br\/index.php\/wp-json\/wp\/v2\/types\/post"}],"author":[{"embeddable":true,"href":"https:\/\/sgvaimudar.com.br\/index.php\/wp-json\/wp\/v2\/users\/5"}],"replies":[{"embeddable":true,"href":"https:\/\/sgvaimudar.com.br\/index.php\/wp-json\/wp\/v2\/comments?post=36447"}],"version-history":[{"count":1,"href":"https:\/\/sgvaimudar.com.br\/index.php\/wp-json\/wp\/v2\/posts\/36447\/revisions"}],"predecessor-version":[{"id":36448,"href":"https:\/\/sgvaimudar.com.br\/index.php\/wp-json\/wp\/v2\/posts\/36447\/revisions\/36448"}],"wp:featuredmedia":[{"embeddable":true,"href":"https:\/\/sgvaimudar.com.br\/index.php\/wp-json\/wp\/v2\/media\/36449"}],"wp:attachment":[{"href":"https:\/\/sgvaimudar.com.br\/index.php\/wp-json\/wp\/v2\/media?parent=36447"}],"wp:term":[{"taxonomy":"category","embeddable":true,"href":"https:\/\/sgvaimudar.com.br\/index.php\/wp-json\/wp\/v2\/categories?post=36447"},{"taxonomy":"post_tag","embeddable":true,"href":"https:\/\/sgvaimudar.com.br\/index.php\/wp-json\/wp\/v2\/tags?post=36447"}],"curies":[{"name":"wp","href":"https:\/\/api.w.org\/{rel}","templated":true}]}}