{"id":36420,"date":"2026-01-20T07:41:07","date_gmt":"2026-01-20T10:41:07","guid":{"rendered":"https:\/\/sgvaimudar.com.br\/?p=36420"},"modified":"2026-01-20T07:43:27","modified_gmt":"2026-01-20T10:43:27","slug":"mbappe-defende-vinicius-junior-apos-vaias-no-bernabeu","status":"publish","type":"post","link":"https:\/\/sgvaimudar.com.br\/index.php\/2026\/01\/20\/mbappe-defende-vinicius-junior-apos-vaias-no-bernabeu\/","title":{"rendered":"Mbapp\u00e9 defende Vin\u00edcius J\u00fanior ap\u00f3s vaias no Bernab\u00e9u"},"content":{"rendered":"\n<p><em>O franc\u00eas elogiou o companheiro como jogador extraordin\u00e1rio e pessoa incr\u00edvel<\/em><\/p>\n\n\n\n<p>O jogador Kylian Mbapp\u00e9 concedeu entrevista coletiva nesta segunda-feira, 19 de janeiro de 2026, e saiu em defesa de Vin\u00edcius J\u00fanior ap\u00f3s o brasileiro receber vaias da torcida no Santiago Bernab\u00e9u. O atacante franc\u00eas enfatizou que as cr\u00edticas devem ser direcionadas a todo o elenco, n\u00e3o apenas a um jogador individual.<\/p>\n\n\n\n<p>O contexto envolve o jogo do fim de semana contra o Levante, vencido por 2 a 0 pelo Real Madrid, onde parte dos torcedores manifestou descontentamento com o desempenho de Vin\u00edcius. Mbapp\u00e9 destacou a necessidade de uni\u00e3o no grupo para superar o momento.<\/p>\n\n\n\n<p>O franc\u00eas elogiou o companheiro como jogador extraordin\u00e1rio e pessoa incr\u00edvel, refor\u00e7ando que o brasileiro n\u00e3o est\u00e1 sozinho nas dificuldades enfrentadas pelo time.<\/p>\n\n\n\n<p>Mbapp\u00e9 reconheceu que as vaias fazem parte do futebol quando o desempenho n\u00e3o agrada. Ele afirmou entender a frustra\u00e7\u00e3o dos torcedores, mas pediu equil\u00edbrio nas manifesta\u00e7\u00f5es.<\/p>\n\n\n\n<p>O atacante destacou que erros cometidos em campo s\u00e3o coletivos. Por isso, as cr\u00edticas devem alcan\u00e7ar todos os jogadores igualmente.<\/p>\n\n\n\n<p>Mbapp\u00e9 refor\u00e7ou a import\u00e2ncia de proteger Vin\u00edcius em momentos delicados. Ele mencionou o apoio integral do elenco ao brasileiro e pontuou como a torcida deve se comportar:<\/p>\n\n\n\n<ul class=\"wp-block-list\">\n<li>\u201cSe v\u00e3o vaiar, que vaiem todo o elenco. N\u00e3o se deve apontar um jogador\u201d.<\/li>\n\n\n\n<li>\u201cA culpa \u00e9 de todo o elenco quando as coisas n\u00e3o funcionam\u201d.<\/li>\n\n\n\n<li>\u201cPrecisamos proteg\u00ea-lo melhor para que ele n\u00e3o fique sozinho contra a torcida\u201d.<\/li>\n\n\n\n<li>\u201cNo seu melhor n\u00edvel, Vini \u00e9 um dos melhores jogadores do mundo\u201d.<\/li>\n<\/ul>\n\n\n\n<p><strong>Entenda <\/strong>&#8211; As vaias direcionadas a Vin\u00edcius J\u00fanior ocorreram durante a vit\u00f3ria por 2 a 0 sobre o Levante, pela La Liga. O brasileiro foi alvo espec\u00edfico apesar do resultado positivo do time.<\/p>\n\n\n\n<p>Os torcedores presentes no Bernab\u00e9u expressaram insatisfa\u00e7\u00e3o com atua\u00e7\u00f5es recentes de alguns jogadores. Vin\u00edcius tem sido um dos mais cobrados nesse per\u00edodo. <\/p>\n\n\n\n<p>Real Madrid vive fase de ajustes na temporada 2025-2026, com press\u00e3o por resultados constantes. Manifesta\u00e7\u00f5es como essa refletem a exig\u00eancia da torcida merengue. O epis\u00f3dio ganhou repercuss\u00e3o imediata na imprensa espanhola. Clubes rivais raramente enfrentam situa\u00e7\u00f5es semelhantes com tanta intensidade no est\u00e1dio pr\u00f3prio.<\/p>\n\n\n\n<p>APOIO FUNDAMENTAL &#8211; O t\u00e9cnico \u00c1lvaro Arbeloa tamb\u00e9m manifestou apoio p\u00fablico a Vin\u00edcius J\u00fanior nas \u00faltimas declara\u00e7\u00f5es. Ele rejeitou qualquer possibilidade de poupar o brasileiro do time titular.<\/p>\n\n\n\n<p>Arbeloa descreveu o atacante como jogador fant\u00e1stico e essencial para as pretens\u00f5es do Real Madrid. O treinador enfatizou que o brasileiro permanece pe\u00e7a fundamental no esquema t\u00e1tico.<\/p>\n\n\n\n<p>A posi\u00e7\u00e3o do comando t\u00e9cnico refor\u00e7a a unidade do grupo em torno de Vin\u00edcius. Declara\u00e7\u00f5es como essa visam reduzir press\u00f5es externas sobre o jogador.<\/p>\n\n\n\n<p>O treinador destacou que o brasileiro contribui de forma decisiva quando est\u00e1 em campo. A confian\u00e7a depositada nele reflete o planejamento para os pr\u00f3ximos compromissos.<\/p>\n\n\n\n<p>O elenco do Real Madrid mant\u00e9m tradi\u00e7\u00e3o de solidariedade interna. Jogadores experientes orientam os mais jovens durante fases complicadas. Essa din\u00e2mica contribui para a recupera\u00e7\u00e3o em competi\u00e7\u00f5es longas.<\/p>\n\n\n\n<p><strong><em>S\u00e3o Gon\u00e7alo vai mudar: Not\u00edcias de S\u00e3o Gon\u00e7alo e toda regi\u00e3o.<\/em><\/strong><\/p>\n\n\n\n<figure class=\"wp-block-video\"><video height=\"1280\" style=\"aspect-ratio: 720 \/ 1280;\" width=\"720\" controls src=\"https:\/\/sgvaimudar.com.br\/wp-content\/uploads\/2026\/01\/logo2026.mp4\"><\/video><\/figure>\n","protected":false},"excerpt":{"rendered":"<p>O franc\u00eas elogiou o companheiro como jogador extraordin\u00e1rio e pessoa incr\u00edvel O jogador Kylian Mbapp\u00e9 concedeu entrevista coletiva nesta segunda-feira,&hellip;<\/p>\n","protected":false},"author":5,"featured_media":36423,"comment_status":"closed","ping_status":"open","sticky":false,"template":"","format":"standard","meta":{"fifu_image_url":"https:\/\/sgvaimudar.com.br\/wp-content\/uploads\/2026\/01\/Mbvini.jpg","fifu_image_alt":"","footnotes":""},"categories":[5],"tags":[39,1260,176,1261,497,1262,1264,47,75,1263],"class_list":["post-36420","post","type-post","status-publish","format-standard","has-post-thumbnail","hentry","category-esportes","tag-ataque","tag-craque","tag-futebol","tag-goncalense","tag-jogador","tag-ofendido","tag-racista","tag-rj","tag-sao-goncalo","tag-torcida"],"_links":{"self":[{"href":"https:\/\/sgvaimudar.com.br\/index.php\/wp-json\/wp\/v2\/posts\/36420","targetHints":{"allow":["GET"]}}],"collection":[{"href":"https:\/\/sgvaimudar.com.br\/index.php\/wp-json\/wp\/v2\/posts"}],"about":[{"href":"https:\/\/sgvaimudar.com.br\/index.php\/wp-json\/wp\/v2\/types\/post"}],"author":[{"embeddable":true,"href":"https:\/\/sgvaimudar.com.br\/index.php\/wp-json\/wp\/v2\/users\/5"}],"replies":[{"embeddable":true,"href":"https:\/\/sgvaimudar.com.br\/index.php\/wp-json\/wp\/v2\/comments?post=36420"}],"version-history":[{"count":2,"href":"https:\/\/sgvaimudar.com.br\/index.php\/wp-json\/wp\/v2\/posts\/36420\/revisions"}],"predecessor-version":[{"id":36425,"href":"https:\/\/sgvaimudar.com.br\/index.php\/wp-json\/wp\/v2\/posts\/36420\/revisions\/36425"}],"wp:featuredmedia":[{"embeddable":true,"href":"https:\/\/sgvaimudar.com.br\/index.php\/wp-json\/wp\/v2\/media\/36423"}],"wp:attachment":[{"href":"https:\/\/sgvaimudar.com.br\/index.php\/wp-json\/wp\/v2\/media?parent=36420"}],"wp:term":[{"taxonomy":"category","embeddable":true,"href":"https:\/\/sgvaimudar.com.br\/index.php\/wp-json\/wp\/v2\/categories?post=36420"},{"taxonomy":"post_tag","embeddable":true,"href":"https:\/\/sgvaimudar.com.br\/index.php\/wp-json\/wp\/v2\/tags?post=36420"}],"curies":[{"name":"wp","href":"https:\/\/api.w.org\/{rel}","templated":true}]}}