{"id":36412,"date":"2026-01-19T12:00:00","date_gmt":"2026-01-19T15:00:00","guid":{"rendered":"https:\/\/sgvaimudar.com.br\/?p=36412"},"modified":"2026-01-19T10:35:28","modified_gmt":"2026-01-19T13:35:28","slug":"sobe-para-39-o-numero-de-mortos-apos-colisao-entre-trens-na-espanha","status":"publish","type":"post","link":"https:\/\/sgvaimudar.com.br\/index.php\/2026\/01\/19\/sobe-para-39-o-numero-de-mortos-apos-colisao-entre-trens-na-espanha\/","title":{"rendered":"Sobe para 39 o n\u00famero de mortos ap\u00f3s colis\u00e3o entre trens na Espanha"},"content":{"rendered":"\n<p><em>Outras 123 pessoas ficaram feridas<\/em><\/p>\n\n\n\n<p>O n\u00famero de mortos ap\u00f3s uma\u00a0colis\u00e3o entre dois trens\u00a0subiu para 39 e 123 feridos nesta segunda-feira (19), na prov\u00edncia espanhola de C\u00f3rdoba,\u00a0segundo um porta-voz do Minist\u00e9rio do Interior. O balan\u00e7o anterior de mortos era de 21.<\/p>\n\n\n\n<p>Entre os feridos,\u00a0cinco deles est\u00e3o em estado grave e 24 em estado cr\u00edtico. Todos\u00a0foram levados para hospitais em C\u00f3rdoba e And\u00fajar, informaram os servi\u00e7os de emerg\u00eancia da Andaluzia na rede X durante a madrugada.<\/p>\n\n\n\n<p>A trag\u00e9dia ocorreu \u00e0s 19h45 locais, perto da esta\u00e7\u00e3o de Andamuz, na regi\u00e3o da Andaluzia, quando um trem da espanhola Iryo que ia de M\u00e1laga para Madri descarrilou e invadiu a via por onde trafegava um trem da Renfe, com o qual colidiu e que tamb\u00e9m descarrilou, publicou no X a administradora p\u00fablica da rede de trens (Adif).<\/p>\n\n\n\n<p>&#8220;A frente do trem que viajava de Madri para Huelva colidiu, pelo que sabemos at\u00e9 o momento, com um ou mais vag\u00f5es que haviam cruzado os trilhos&#8221;, disse o ministro dos Transportes, \u00d3scar Puente.<\/p>\n\n\n\n<p>Imagens divulgadas pela TV p\u00fablica mostravam vag\u00f5es descarrilados cercados de pessoas e ambul\u00e2ncias, enquanto membros dos servi\u00e7os de emerg\u00eancia atendiam os feridos. Volunt\u00e1rios tamb\u00e9m se aproximavam para ajudar nos trabalhos.<\/p>\n\n\n\n<p>utras imagens obtidas pela AFP mostravam dois vag\u00f5es do mesmo trem completamente fora dos trilhos e inclinados, com pessoas trabalhando ao lado.<\/p>\n\n\n\n<p>&#8220;Parece um filme de terror&#8221;, disse Lucas Meriako, passageiro do trem Iryo, ao canal de televis\u00e3o La Sexta. &#8220;Houve um impacto muito forte por tr\u00e1s e a sensa\u00e7\u00e3o de que o trem inteiro ia desabar&#8230; Muitas pessoas ficaram feridas por estilha\u00e7os de vidro&#8221;, acrescentou.<\/p>\n\n\n\n<p>&#8211; Causas ainda n\u00e3o conhecidas &#8211;<\/p>\n\n\n\n<p>Autoridades n\u00e3o apontaram uma poss\u00edvel causa do acidente, que \u00d3scar Puente descreveu como &#8220;extremamente estranho&#8221;. Ele destacou que o trem da Iryo tinha quatro anos e era &#8220;praticamente novo&#8221;, e que a via havia sido &#8220;totalmente reformada&#8221;.<\/p>\n\n\n\n<p>&#8220;Todos os especialistas ferrovi\u00e1rios que estiveram aqui hoje e que est\u00e3o neste centro, e aqueles que pudemos consultar, est\u00e3o extremamente surpresos com o acidente porque, como eu disse, \u00e9 muito estranho&#8221;, acrescentou.<\/p>\n\n\n\n<p>A Casa Real da Espanha expressou &#8220;grande preocupa\u00e7\u00e3o&#8221; com o acidente. O chefe de governo do pa\u00eds, Pedro S\u00e1nchez, suspendeu sua agenda de amanh\u00e3 e expressou no X condol\u00eancias \u00e0s fam\u00edlias das v\u00edtimas. &#8220;Hoje \u00e9 uma noite de profunda dor para o nosso pa\u00eds&#8221;, publicou.<\/p>\n\n\n\n<p>Na esta\u00e7\u00e3o de Madri e em v\u00e1rias da Andaluzia, autoridades montaram espa\u00e7os para atender familiares das v\u00edtimas, informou a Adif. As linhas de alta velocidade entre a capital e o sul da Espanha n\u00e3o v\u00e3o operar amanh\u00e3, por causa do acidente, acrescentou a entidade.<\/p>\n\n\n\n<p><em>Fonte: CNN<\/em><\/p>\n\n\n\n<p><strong><em>S\u00e3o Gon\u00e7alo vai mudar: Not\u00edcias de S\u00e3o Gon\u00e7alo e toda regi\u00e3o.<\/em><\/strong><\/p>\n\n\n\n<figure class=\"wp-block-video\"><video height=\"1280\" style=\"aspect-ratio: 720 \/ 1280;\" width=\"720\" controls src=\"https:\/\/sgvaimudar.com.br\/wp-content\/uploads\/2026\/01\/logo2026.mp4\"><\/video><\/figure>\n","protected":false},"excerpt":{"rendered":"<p>Outras 123 pessoas ficaram feridas O n\u00famero de mortos ap\u00f3s uma\u00a0colis\u00e3o entre dois trens\u00a0subiu para 39 e 123 feridos nesta&hellip;<\/p>\n","protected":false},"author":5,"featured_media":36415,"comment_status":"closed","ping_status":"open","sticky":false,"template":"","format":"standard","meta":{"fifu_image_url":"https:\/\/sgvaimudar.com.br\/wp-content\/uploads\/2026\/01\/1_afp__20260118__936v3t7__v1__highres__spainrailwayaccidenttransport-37927691.jpg","fifu_image_alt":"","footnotes":""},"categories":[1],"tags":[1259,1258,65,1257],"class_list":["post-36412","post","type-post","status-publish","format-standard","has-post-thumbnail","hentry","category-mundo","tag-cordoba","tag-espanha","tag-morte","tag-tren"],"_links":{"self":[{"href":"https:\/\/sgvaimudar.com.br\/index.php\/wp-json\/wp\/v2\/posts\/36412","targetHints":{"allow":["GET"]}}],"collection":[{"href":"https:\/\/sgvaimudar.com.br\/index.php\/wp-json\/wp\/v2\/posts"}],"about":[{"href":"https:\/\/sgvaimudar.com.br\/index.php\/wp-json\/wp\/v2\/types\/post"}],"author":[{"embeddable":true,"href":"https:\/\/sgvaimudar.com.br\/index.php\/wp-json\/wp\/v2\/users\/5"}],"replies":[{"embeddable":true,"href":"https:\/\/sgvaimudar.com.br\/index.php\/wp-json\/wp\/v2\/comments?post=36412"}],"version-history":[{"count":1,"href":"https:\/\/sgvaimudar.com.br\/index.php\/wp-json\/wp\/v2\/posts\/36412\/revisions"}],"predecessor-version":[{"id":36414,"href":"https:\/\/sgvaimudar.com.br\/index.php\/wp-json\/wp\/v2\/posts\/36412\/revisions\/36414"}],"wp:featuredmedia":[{"embeddable":true,"href":"https:\/\/sgvaimudar.com.br\/index.php\/wp-json\/wp\/v2\/media\/36415"}],"wp:attachment":[{"href":"https:\/\/sgvaimudar.com.br\/index.php\/wp-json\/wp\/v2\/media?parent=36412"}],"wp:term":[{"taxonomy":"category","embeddable":true,"href":"https:\/\/sgvaimudar.com.br\/index.php\/wp-json\/wp\/v2\/categories?post=36412"},{"taxonomy":"post_tag","embeddable":true,"href":"https:\/\/sgvaimudar.com.br\/index.php\/wp-json\/wp\/v2\/tags?post=36412"}],"curies":[{"name":"wp","href":"https:\/\/api.w.org\/{rel}","templated":true}]}}