{"id":36403,"date":"2026-01-19T10:17:58","date_gmt":"2026-01-19T13:17:58","guid":{"rendered":"https:\/\/sgvaimudar.com.br\/?p=36403"},"modified":"2026-01-19T10:17:58","modified_gmt":"2026-01-19T13:17:58","slug":"west-ham-ja-tem-nome-para-substituir-lucas-paqueta","status":"publish","type":"post","link":"https:\/\/sgvaimudar.com.br\/index.php\/2026\/01\/19\/west-ham-ja-tem-nome-para-substituir-lucas-paqueta\/","title":{"rendered":"West Ham j\u00e1 tem nome para substituir Lucas Paquet\u00e1"},"content":{"rendered":"\n<p><em>Jogador quer deixar clube ingl\u00eas ainda nesta janela<\/em><\/p>\n\n\n\n<p>O Flamengo ainda n\u00e3o divulgou o resultado de uma reuni\u00e3o com dirigentes do West Ham, que pode selar o destino de Lucas Paquet\u00e1 e o retorno ao Brasil para atuar em seu clube de cora\u00e7\u00e3o.<\/p>\n\n\n\n<p>E, diante da postura firme do jogador, que j\u00e1 conversou com o treinador Nuno Espirito Santo, os Hammers, prevendo a sa\u00edda do camisa 10, j\u00e1 abriram conversas com Mateo Kovacic, meia da Cro\u00e1cia de 31 anos, que tem contrato com o Manchester City at\u00e9 junho de 2026.<\/p>\n\n\n\n<p>Kovacic tamb\u00e9m \u00e9 desejado pelo Milan, da It\u00e1lia, mas o West Ham saiu na frente para a contrata\u00e7\u00e3o do meia, que est\u00e1 se recuperando de uma les\u00e3o no tornozelo e tem seu retorno aos gramados previsto para a primeira quinzena de mar\u00e7o.<\/p>\n\n\n\n<p>J\u00e1 Lucas Paquet\u00e1 deixou claro aos dirigentes ingleses e \u00e0s pessoas pr\u00f3ximas que n\u00e3o deseja mais defender as cores do West Ham. Por isso, gostaria que sua transfer\u00eancia acontecesse ainda no m\u00eas de janeiro ao clube rubro-negro.<\/p>\n\n\n\n<p>Paquet\u00e1 n\u00e3o se v\u00ea garantido para a pr\u00f3xima Copa do Mundo e a situa\u00e7\u00e3o do clube ingl\u00eas pode deix\u00e1-lo mais distante do sonho de defender a Sele\u00e7\u00e3o.<\/p>\n\n\n\n<p>Depois do imbr\u00f3glio envolvendo seu nome num suposto esquema de manipula\u00e7\u00e3o de resultados junto a casas de aposta, o meia, de 28 anos, enxerga no Flamengo o seu passaporte n\u00e3o s\u00f3 para retornar \u00e0 sele\u00e7\u00e3o brasileira, mas tamb\u00e9m para voltar a conquistar t\u00edtulos e sentir a alegria de jogar futebol.<\/p>\n\n\n\n<p><em>Fonte: O Dia<\/em><\/p>\n\n\n\n<p><strong><em>S\u00e3o Gon\u00e7alo vai mudar: Not\u00edcias de S\u00e3o Gon\u00e7alo e toda regi\u00e3o.<\/em><\/strong><\/p>\n\n\n\n<figure class=\"wp-block-video\"><video height=\"1280\" style=\"aspect-ratio: 720 \/ 1280;\" width=\"720\" controls src=\"https:\/\/sgvaimudar.com.br\/wp-content\/uploads\/2026\/01\/NoticiaUrgete.logoSGVM.mp4\"><\/video><\/figure>\n","protected":false},"excerpt":{"rendered":"<p>Jogador quer deixar clube ingl\u00eas ainda nesta janela O Flamengo ainda n\u00e3o divulgou o resultado de uma reuni\u00e3o com dirigentes&hellip;<\/p>\n","protected":false},"author":5,"featured_media":36406,"comment_status":"closed","ping_status":"open","sticky":false,"template":"","format":"standard","meta":{"fifu_image_url":"https:\/\/sgvaimudar.com.br\/wp-content\/uploads\/2026\/01\/3ca50048c5e76f2d6974e14a7d0e5b7d.jpg","fifu_image_alt":"","footnotes":""},"categories":[5],"tags":[1255,167,1256,1253,1254,47],"class_list":["post-36403","post","type-post","status-publish","format-standard","has-post-thumbnail","hentry","category-esportes","tag-contratacao","tag-fla","tag-janela","tag-lucas","tag-paqueta","tag-rj"],"_links":{"self":[{"href":"https:\/\/sgvaimudar.com.br\/index.php\/wp-json\/wp\/v2\/posts\/36403","targetHints":{"allow":["GET"]}}],"collection":[{"href":"https:\/\/sgvaimudar.com.br\/index.php\/wp-json\/wp\/v2\/posts"}],"about":[{"href":"https:\/\/sgvaimudar.com.br\/index.php\/wp-json\/wp\/v2\/types\/post"}],"author":[{"embeddable":true,"href":"https:\/\/sgvaimudar.com.br\/index.php\/wp-json\/wp\/v2\/users\/5"}],"replies":[{"embeddable":true,"href":"https:\/\/sgvaimudar.com.br\/index.php\/wp-json\/wp\/v2\/comments?post=36403"}],"version-history":[{"count":1,"href":"https:\/\/sgvaimudar.com.br\/index.php\/wp-json\/wp\/v2\/posts\/36403\/revisions"}],"predecessor-version":[{"id":36405,"href":"https:\/\/sgvaimudar.com.br\/index.php\/wp-json\/wp\/v2\/posts\/36403\/revisions\/36405"}],"wp:featuredmedia":[{"embeddable":true,"href":"https:\/\/sgvaimudar.com.br\/index.php\/wp-json\/wp\/v2\/media\/36406"}],"wp:attachment":[{"href":"https:\/\/sgvaimudar.com.br\/index.php\/wp-json\/wp\/v2\/media?parent=36403"}],"wp:term":[{"taxonomy":"category","embeddable":true,"href":"https:\/\/sgvaimudar.com.br\/index.php\/wp-json\/wp\/v2\/categories?post=36403"},{"taxonomy":"post_tag","embeddable":true,"href":"https:\/\/sgvaimudar.com.br\/index.php\/wp-json\/wp\/v2\/tags?post=36403"}],"curies":[{"name":"wp","href":"https:\/\/api.w.org\/{rel}","templated":true}]}}