{"id":36399,"date":"2026-01-19T09:59:46","date_gmt":"2026-01-19T12:59:46","guid":{"rendered":"https:\/\/sgvaimudar.com.br\/?p=36399"},"modified":"2026-01-19T10:22:29","modified_gmt":"2026-01-19T13:22:29","slug":"policial-militar-de-folga-e-baleado-na-cabeca-no-catarina-em-sg","status":"publish","type":"post","link":"https:\/\/sgvaimudar.com.br\/index.php\/2026\/01\/19\/policial-militar-de-folga-e-baleado-na-cabeca-no-catarina-em-sg\/","title":{"rendered":"Continua em estado grav\u00edssimo policial Militar de folga baleado na cabe\u00e7a no Catarina, em SG"},"content":{"rendered":"\n<p><em>Ele foi socorrido e encaminhado ao Hospital Estadual Alberto Torres, do Coluband\u00ea<\/em><\/p>\n\n\n\n<p>Continua em estado grav\u00edssimo o terceiro-sargento Elder Carlos Costa Carvalho, lotado no 3\u00ba BPM (M\u00e9ier), que foi baleado na cabe\u00e7a no in\u00edcio da manh\u00e3 deste domingo (18), no Jardim Catarina, em S\u00e3o Gon\u00e7alo. <\/p>\n\n\n\n<p>De acordo com a PM, o agente estava de folga no momento em que foi atingido por disparos na esquina das ruas Padre Vieira e Engenheiro Bernanrdo Say\u00e3o.<\/p>\n\n\n\n<p>Ainda n\u00e3o h\u00e1 informa\u00e7\u00f5es sobre as circunst\u00e2ncias dos tiros. Equipes do 7\u00ba BPM (S\u00e3o Gon\u00e7alo) foram acionadas para a ocorr\u00eancia e encontraram Elder ferido. Ele foi socorrido e encaminhado ao Hospital Estadual Alberto Torres, em S\u00e3o Gon\u00e7alo, onde passou por procedimento cir\u00fargico.&nbsp;<\/p>\n\n\n\n<p>O Heat confirmou para <strong>O S\u00e3o Gon\u00e7alo Vai Mudar<\/strong> a \u00faltima atualiza\u00e7\u00e3o do boletim do do agente, \u00e0s 10h20min., da manh\u00e3 desta segunda-feira (19). O caso est\u00e1 sendo investigado pela 74\u00aa DP (Alc\u00e2ntara).<\/p>\n\n\n\n<p><strong><em>Fa\u00e7a sua den\u00fancia pelo nosso WhatsApp: (21) <\/em><\/strong><strong><em>99744 5345<\/em><\/strong><strong><em><\/em><\/strong><\/p>\n\n\n\n<p><strong><em>S\u00e3o Gon\u00e7alo vai mudar: Not\u00edcias de S\u00e3o Gon\u00e7alo e toda regi\u00e3o.<\/em><\/strong><\/p>\n\n\n\n<figure class=\"wp-block-video\"><video height=\"1280\" style=\"aspect-ratio: 720 \/ 1280;\" width=\"720\" controls src=\"https:\/\/sgvaimudar.com.br\/wp-content\/uploads\/2026\/01\/logo2026.mp4\"><\/video><\/figure>\n\n\n\n<figure class=\"wp-block-video\"><video height=\"1280\" style=\"aspect-ratio: 720 \/ 1280;\" width=\"720\" controls src=\"https:\/\/sgvaimudar.com.br\/wp-content\/uploads\/2026\/01\/logo2026.mp4\"><\/video><\/figure>\n","protected":false},"excerpt":{"rendered":"<p>Ele foi socorrido e encaminhado ao Hospital Estadual Alberto Torres, do Coluband\u00ea Continua em estado grav\u00edssimo o terceiro-sargento Elder Carlos&hellip;<\/p>\n","protected":false},"author":5,"featured_media":36401,"comment_status":"closed","ping_status":"open","sticky":false,"template":"","format":"standard","meta":{"fifu_image_url":"https:\/\/sgvaimudar.com.br\/wp-content\/uploads\/2025\/11\/Heat.samu_.bombeiro.jpeg","fifu_image_alt":"","footnotes":""},"categories":[32],"tags":[39,824,1252,41,40,579,501,47,75],"class_list":["post-36399","post","type-post","status-publish","format-standard","has-post-thumbnail","hentry","category-casos-de-policia","tag-ataque","tag-baleado","tag-cabeca","tag-conflito","tag-guerra","tag-jardim-catarina","tag-pm","tag-rj","tag-sao-goncalo"],"_links":{"self":[{"href":"https:\/\/sgvaimudar.com.br\/index.php\/wp-json\/wp\/v2\/posts\/36399","targetHints":{"allow":["GET"]}}],"collection":[{"href":"https:\/\/sgvaimudar.com.br\/index.php\/wp-json\/wp\/v2\/posts"}],"about":[{"href":"https:\/\/sgvaimudar.com.br\/index.php\/wp-json\/wp\/v2\/types\/post"}],"author":[{"embeddable":true,"href":"https:\/\/sgvaimudar.com.br\/index.php\/wp-json\/wp\/v2\/users\/5"}],"replies":[{"embeddable":true,"href":"https:\/\/sgvaimudar.com.br\/index.php\/wp-json\/wp\/v2\/comments?post=36399"}],"version-history":[{"count":4,"href":"https:\/\/sgvaimudar.com.br\/index.php\/wp-json\/wp\/v2\/posts\/36399\/revisions"}],"predecessor-version":[{"id":36411,"href":"https:\/\/sgvaimudar.com.br\/index.php\/wp-json\/wp\/v2\/posts\/36399\/revisions\/36411"}],"wp:featuredmedia":[{"embeddable":true,"href":"https:\/\/sgvaimudar.com.br\/index.php\/wp-json\/wp\/v2\/media\/36401"}],"wp:attachment":[{"href":"https:\/\/sgvaimudar.com.br\/index.php\/wp-json\/wp\/v2\/media?parent=36399"}],"wp:term":[{"taxonomy":"category","embeddable":true,"href":"https:\/\/sgvaimudar.com.br\/index.php\/wp-json\/wp\/v2\/categories?post=36399"},{"taxonomy":"post_tag","embeddable":true,"href":"https:\/\/sgvaimudar.com.br\/index.php\/wp-json\/wp\/v2\/tags?post=36399"}],"curies":[{"name":"wp","href":"https:\/\/api.w.org\/{rel}","templated":true}]}}