{"id":36385,"date":"2026-01-19T11:59:00","date_gmt":"2026-01-19T14:59:00","guid":{"rendered":"https:\/\/sgvaimudar.com.br\/?p=36385"},"modified":"2026-01-19T09:35:07","modified_gmt":"2026-01-19T12:35:07","slug":"guardas-municipais-de-marica-recebem-treinamento-do-batalhao-de-choque-da-policia-militar","status":"publish","type":"post","link":"https:\/\/sgvaimudar.com.br\/index.php\/2026\/01\/19\/guardas-municipais-de-marica-recebem-treinamento-do-batalhao-de-choque-da-policia-militar\/","title":{"rendered":"Guardas municipais de Maric\u00e1 recebem treinamento do Batalh\u00e3o de Choque da Pol\u00edcia Militar"},"content":{"rendered":"\n<p><em>Capacita\u00e7\u00e3o refor\u00e7a integra\u00e7\u00e3o institucional e eleva padr\u00e3o das a\u00e7\u00f5es de seguran\u00e7a no munic\u00edpio<\/em><\/p>\n\n\n\n<p>A Prefeitura de Maric\u00e1, por meio da Secretaria de Seguran\u00e7a Cidad\u00e3, concluiu no fim de semana mais uma importante etapa de qualifica\u00e7\u00e3o das for\u00e7as de seguran\u00e7a municipais. <\/p>\n\n\n\n<p>Ao todo, 21 agentes da Guarda Municipal de Maric\u00e1 se formaram ap\u00f3s participarem, durante uma semana, de um Interc\u00e2mbio Operacional de Patrulhamento T\u00e1tico com o Batalh\u00e3o de Rondas Especiais e Controle de Multid\u00e3o (RECOM) da Pol\u00edcia Militar do Estado do Rio de Janeiro.<\/p>\n\n\n\n\n\n<p>A cerim\u00f4nia de encerramento marcou o fim das atividades realizadas no Batalh\u00e3o de Choque, no Centro do Rio, onde os agentes tiveram acesso a conte\u00fados te\u00f3ricos e pr\u00e1ticos voltados para estrat\u00e9gias de patrulhamento, t\u00e9cnicas de abordagem, legisla\u00e7\u00e3o e procedimentos operacionais aplicados ao cotidiano do policiamento urbano.<\/p>\n\n\n\n<p>\u201cMaric\u00e1 vem se tornando refer\u00eancia em seguran\u00e7a p\u00fablica. Todo investimento em ensino, qualifica\u00e7\u00e3o, equipamento e tecnologia s\u00e3o disponibilizados para esses servidores que prestam servi\u00e7os importantes para o munic\u00edpio. A Pol\u00edcia Militar tem sido uma grande parceira nos nossos treinamentos. Buscamos o que h\u00e1 de melhor em refer\u00eancias\u201d, afirmou o secret\u00e1rio de Seguran\u00e7a Cidad\u00e3, Julio Veras.<\/p>\n\n\n\n<p>O grupo foi composto por integrantes do Grupamento de Ocupa\u00e7\u00e3o Democr\u00e1tica Armada do Territ\u00f3rio (GODAT), do Grupamento Maria da Penha e pelo coordenador do Centro de Estudos da Guarda Municipal de Maric\u00e1, com o objetivo de refor\u00e7ar a integra\u00e7\u00e3o da capacita\u00e7\u00e3o. Na pr\u00f3xima semana, outros 20 agentes tamb\u00e9m passar\u00e3o pelo curso. A troca de experi\u00eancias com o RECOM contribui para o aperfei\u00e7oamento t\u00e9cnico e o alinhamento de protocolos entre as institui\u00e7\u00f5es.<\/p>\n\n\n\n<p>\u201cCom a Pol\u00edcia Militar, buscamos conhecimento e t\u00e9cnicas aprimoradas para aplicar no dia a dia da Guarda Municipal. Queremos levar cada vez mais qualidade ao nosso servi\u00e7o prestado\u201d, concluiu a comandante da Guarda Municipal de Maric\u00e1, Ana Aretuza.<\/p>\n\n\n\n<p>O GODAT, anunciado pelo prefeito Washington Quaqu\u00e1 como a for\u00e7a especial da cidade, tem atua\u00e7\u00e3o voltada para situa\u00e7\u00f5es mais sens\u00edveis, como a retomada e ocupa\u00e7\u00e3o de territ\u00f3rios, podendo operar com armamento, ve\u00edculos blindados e equipamentos espec\u00edficos. J\u00e1 o Grupamento Maria da Penha oferece acolhimento, prote\u00e7\u00e3o e acompanhamento a mulheres v\u00edtimas de viol\u00eancia dom\u00e9stica, com apoio psicol\u00f3gico, jur\u00eddico e social, atrav\u00e9s da Casa da Mulher.<\/p>\n\n\n\n<p><em>Fotos: Bernardo Gomes<\/em><\/p>\n\n\n\n<p><strong><em>Fa\u00e7a sua den\u00fancia pelo nosso WhatsApp: (21) <\/em><\/strong><strong><em>99744 5345<\/em><\/strong><strong><em><\/em><\/strong><\/p>\n\n\n\n<p><strong><em>S\u00e3o Gon\u00e7alo vai mudar: Not\u00edcias de S\u00e3o Gon\u00e7alo e toda regi\u00e3o.<\/em><\/strong><\/p>\n\n\n\n<figure class=\"wp-block-video\"><video height=\"1280\" style=\"aspect-ratio: 720 \/ 1280;\" width=\"720\" controls src=\"https:\/\/sgvaimudar.com.br\/wp-content\/uploads\/2026\/01\/logo2026.mp4\"><\/video><\/figure>\n","protected":false},"excerpt":{"rendered":"<p>Capacita\u00e7\u00e3o refor\u00e7a integra\u00e7\u00e3o institucional e eleva padr\u00e3o das a\u00e7\u00f5es de seguran\u00e7a no munic\u00edpio A Prefeitura de Maric\u00e1, por meio da&hellip;<\/p>\n","protected":false},"author":5,"featured_media":36388,"comment_status":"closed","ping_status":"open","sticky":false,"template":"","format":"standard","meta":{"fifu_image_url":"https:\/\/sgvaimudar.com.br\/wp-content\/uploads\/2026\/01\/048A6497.png","fifu_image_alt":"","footnotes":""},"categories":[32],"tags":[39,41,748,40,459,299,47],"class_list":["post-36385","post","type-post","status-publish","format-standard","has-post-thumbnail","hentry","category-casos-de-policia","tag-ataque","tag-conflito","tag-gm","tag-guerra","tag-marica","tag-policia","tag-rj"],"_links":{"self":[{"href":"https:\/\/sgvaimudar.com.br\/index.php\/wp-json\/wp\/v2\/posts\/36385","targetHints":{"allow":["GET"]}}],"collection":[{"href":"https:\/\/sgvaimudar.com.br\/index.php\/wp-json\/wp\/v2\/posts"}],"about":[{"href":"https:\/\/sgvaimudar.com.br\/index.php\/wp-json\/wp\/v2\/types\/post"}],"author":[{"embeddable":true,"href":"https:\/\/sgvaimudar.com.br\/index.php\/wp-json\/wp\/v2\/users\/5"}],"replies":[{"embeddable":true,"href":"https:\/\/sgvaimudar.com.br\/index.php\/wp-json\/wp\/v2\/comments?post=36385"}],"version-history":[{"count":3,"href":"https:\/\/sgvaimudar.com.br\/index.php\/wp-json\/wp\/v2\/posts\/36385\/revisions"}],"predecessor-version":[{"id":36391,"href":"https:\/\/sgvaimudar.com.br\/index.php\/wp-json\/wp\/v2\/posts\/36385\/revisions\/36391"}],"wp:featuredmedia":[{"embeddable":true,"href":"https:\/\/sgvaimudar.com.br\/index.php\/wp-json\/wp\/v2\/media\/36388"}],"wp:attachment":[{"href":"https:\/\/sgvaimudar.com.br\/index.php\/wp-json\/wp\/v2\/media?parent=36385"}],"wp:term":[{"taxonomy":"category","embeddable":true,"href":"https:\/\/sgvaimudar.com.br\/index.php\/wp-json\/wp\/v2\/categories?post=36385"},{"taxonomy":"post_tag","embeddable":true,"href":"https:\/\/sgvaimudar.com.br\/index.php\/wp-json\/wp\/v2\/tags?post=36385"}],"curies":[{"name":"wp","href":"https:\/\/api.w.org\/{rel}","templated":true}]}}