{"id":36380,"date":"2026-01-19T14:00:00","date_gmt":"2026-01-19T17:00:00","guid":{"rendered":"https:\/\/sgvaimudar.com.br\/?p=36380"},"modified":"2026-01-19T10:36:28","modified_gmt":"2026-01-19T13:36:28","slug":"prefeitura-atualiza-normas-para-poda-e-remocao-de-arvores","status":"publish","type":"post","link":"https:\/\/sgvaimudar.com.br\/index.php\/2026\/01\/19\/prefeitura-atualiza-normas-para-poda-e-remocao-de-arvores\/","title":{"rendered":"Prefeitura atualiza normas para poda e remo\u00e7\u00e3o de \u00e1rvores"},"content":{"rendered":"\n<p><em>Nova legisla\u00e7\u00e3o fortalece o compromisso com a preserva\u00e7\u00e3o ambiental, a seguran\u00e7a urbana e a gest\u00e3o respons\u00e1vel da arboriza\u00e7\u00e3o<\/em><\/p>\n\n\n\n<p>O munic\u00edpio de S\u00e3o Gon\u00e7alo cuida bem de suas \u00e1rvores. Tanto, que a Prefeitura publicou uma lei que atualiza e aperfei\u00e7oa as normas relacionadas \u00e0 poda e \u00e0 supress\u00e3o de indiv\u00edduos arb\u00f3reos no munic\u00edpio. <\/p>\n\n\n\n<p>Entre os principais avan\u00e7os da lei est\u00e1 a diferencia\u00e7\u00e3o objetiva entre poda simples e poda dr\u00e1stica, deixando claro quais interven\u00e7\u00f5es podem ser realizadas sem autoriza\u00e7\u00e3o pr\u00e9via do \u00f3rg\u00e3o ambiental e quais dependem de an\u00e1lise t\u00e9cnica. <\/p>\n\n\n\n<figure class=\"wp-block-image size-large\"><img fetchpriority=\"high\" decoding=\"async\" width=\"819\" height=\"1024\" src=\"https:\/\/sgvaimudar.com.br\/wp-content\/uploads\/2026\/01\/unnamed-15-1-819x1024.jpg\" alt=\"\" class=\"wp-image-36381\" srcset=\"https:\/\/sgvaimudar.com.br\/wp-content\/uploads\/2026\/01\/unnamed-15-1-819x1024.jpg 819w, https:\/\/sgvaimudar.com.br\/wp-content\/uploads\/2026\/01\/unnamed-15-1-240x300.jpg 240w, https:\/\/sgvaimudar.com.br\/wp-content\/uploads\/2026\/01\/unnamed-15-1-768x960.jpg 768w, https:\/\/sgvaimudar.com.br\/wp-content\/uploads\/2026\/01\/unnamed-15-1.jpg 1080w\" sizes=\"(max-width: 819px) 100vw, 819px\" \/><\/figure>\n\n\n\n<p>A norma tamb\u00e9m define, de forma detalhada, as situa\u00e7\u00f5es em que a supress\u00e3o de \u00e1rvores pode ser autorizada, como casos de risco iminente, danos ao patrim\u00f4nio, interfer\u00eancia em servi\u00e7os essenciais ou obras p\u00fablicas, sempre mediante avalia\u00e7\u00e3o t\u00e9cnica do \u00f3rg\u00e3o ambiental municipal.<\/p>\n\n\n\n<p>A legisla\u00e7\u00e3o refor\u00e7a ainda a necessidade de autoriza\u00e7\u00e3o formal para supress\u00e3o de vegeta\u00e7\u00e3o, al\u00e9m de estabelecer responsabilidades claras para pessoas f\u00edsicas, jur\u00eddicas e concession\u00e1rias de servi\u00e7os p\u00fablicos, garantindo maior controle, seguran\u00e7a e transpar\u00eancia nos procedimentos.<\/p>\n\n\n\n<p>Um dos pontos de destaque da Lei n\u00ba 1606\/2025 \u00e9 o fortalecimento do credenciamento de empresas especializadas para a execu\u00e7\u00e3o de servi\u00e7os de poda, supress\u00e3o e transplantio.<\/p>\n\n\n\n<p> Apenas empresas devidamente habilitadas junto ao munic\u00edpio podem realizar esses servi\u00e7os, devendo cumprir exig\u00eancias como comprova\u00e7\u00e3o de capacidade t\u00e9cnica, profissionais qualificados, destina\u00e7\u00e3o ambientalmente adequada dos res\u00edduos e apresenta\u00e7\u00e3o peri\u00f3dica de relat\u00f3rios. <\/p>\n\n\n\n<p>Esse credenciamento funciona, na pr\u00e1tica, como um \u201cselo verde\u201d, assegurando que os servi\u00e7os sejam realizados de acordo com crit\u00e9rios ambientais, t\u00e9cnicos e de seguran\u00e7a.<\/p>\n\n\n\n<p>De acordo com a nova lei, as empresas credenciadas podem atuar diretamente em \u00e1rea privada nos casos de poda simples, desde que n\u00e3o envolvam poda dr\u00e1stica \u2013 considerada crime ambiental \u2013 ou supress\u00e3o e que a interven\u00e7\u00e3o n\u00e3o ocorra em \u00e1reas de prote\u00e7\u00e3o ambiental. J\u00e1 as a\u00e7\u00f5es mais complexas, como supress\u00e3o ou transplantio de indiv\u00edduos arb\u00f3reos, somente podem ser executadas mediante autoriza\u00e7\u00e3o pr\u00e9via do \u00f3rg\u00e3o ambiental. <\/p>\n\n\n\n<p>\u00c9 importante ressaltar que, mesmo nos casos em que n\u00e3o h\u00e1 exig\u00eancia de autoriza\u00e7\u00e3o para poda em \u00e1reas particulares, a fiscaliza\u00e7\u00e3o ambiental permanece ativa, garantindo o cumprimento das normas e a prote\u00e7\u00e3o da arboriza\u00e7\u00e3o urbana.<\/p>\n\n\n\n<p>Para o secret\u00e1rio de Meio Ambiente e Transportes, Fabio Lemos, a nova lei representa um avan\u00e7o significativo na gest\u00e3o da arboriza\u00e7\u00e3o urbana do munic\u00edpio.<\/p>\n\n\n\n<p>\u201cA legisla\u00e7\u00e3o traz mais clareza tanto para o trabalho dos agentes ambientais quanto para a popula\u00e7\u00e3o. Com regras mais claras e a exig\u00eancia de empresas credenciadas, garantimos mais qualidade t\u00e9cnica, responsabilidade ambiental e seguran\u00e7a para a popula\u00e7\u00e3o. O selo verde permite coibir pr\u00e1ticas irregulares e assegurar que qualquer interven\u00e7\u00e3o ocorra apenas quando realmente necess\u00e1ria\u201d, destacou o secret\u00e1rio.<\/p>\n\n\n\n<p>A lista atualizada das empresas credenciadas pelo munic\u00edpio para a realiza\u00e7\u00e3o de servi\u00e7os de poda e supress\u00e3o de \u00e1rvores em \u00e1rea privada est\u00e1 dispon\u00edvel no site oficial da Prefeitura. O cidad\u00e3o pode consultar os prestadores habilitados por meio do link:&nbsp;<a rel=\"noreferrer noopener\" href=\"https:\/\/click.cse360.com.br\/Click\/AddCampaignEmailClick\/bf342635-2a60-45f1-b334-08de327aaeab\/https%253a%252f%252fwww.saogoncalo.rj.gov.br%252fmeio-ambiente-e-transportes%252fempresas-credenciadas%252f\/ac66966e-2b55-4484-fb2c-08dc491eed5f\/jornalistaws@gmail.com\/False\" target=\"_blank\">https:\/\/www.saogoncalo.rj.gov.br\/meio-ambiente-e-transportes\/empresas-credenciadas\/<\/a>.<\/p>\n\n\n\n<p>A nova legisla\u00e7\u00e3o de n\u00famero 1606\/2025, revoga as Leis n\u00ba 713\/2017 e n\u00ba 773\/2017 e estabelece crit\u00e9rios t\u00e9cnicos mais claros para as interven\u00e7\u00f5es na arboriza\u00e7\u00e3o urbana, tanto em \u00e1reas p\u00fablicas quanto particulares.<\/p>\n\n\n\n<p>J\u00e1 as solicita\u00e7\u00f5es de poda simples, poda em contato com a rede el\u00e9trica ou supress\u00e3o de indiv\u00edduos arb\u00f3reos em \u00e1reas p\u00fablicas devem ser realizadas exclusivamente por meio da plataforma Colabore+, dispon\u00edvel no link:&nbsp;<a rel=\"noreferrer noopener\" href=\"https:\/\/click.cse360.com.br\/Click\/AddCampaignEmailClick\/bf342635-2a60-45f1-b334-08de327aaeab\/https%253a%252f%252fcolabore.pmsg.rj.gov.br%252f\/ac66966e-2b55-4484-fb2c-08dc491eed5f\/jornalistaws@gmail.com\/False\" target=\"_blank\">https:\/\/colabore.pmsg.rj.gov.br\/<\/a>.<\/p>\n\n\n\n<p><strong><em>S\u00e3o Gon\u00e7alo vai mudar: Not\u00edcias de S\u00e3o Gon\u00e7alo e toda regi\u00e3o.<\/em><\/strong><\/p>\n\n\n\n<figure class=\"wp-block-video\"><video height=\"1280\" style=\"aspect-ratio: 720 \/ 1280;\" width=\"720\" controls src=\"https:\/\/sgvaimudar.com.br\/wp-content\/uploads\/2026\/01\/logo2026.mp4\"><\/video><\/figure>\n\n\n\n<p><\/p>\n","protected":false},"excerpt":{"rendered":"<p>Nova legisla\u00e7\u00e3o fortalece o compromisso com a preserva\u00e7\u00e3o ambiental, a seguran\u00e7a urbana e a gest\u00e3o respons\u00e1vel da arboriza\u00e7\u00e3o O munic\u00edpio&hellip;<\/p>\n","protected":false},"author":5,"featured_media":36384,"comment_status":"closed","ping_status":"open","sticky":false,"template":"","format":"standard","meta":{"fifu_image_url":"https:\/\/sgvaimudar.com.br\/wp-content\/uploads\/2026\/01\/Poda-de-Arvore-Rua-Jaime-Figueiredo-Neves-04-01-2023-Foto-Renan-Otto-5-500x333-1.jpg","fifu_image_alt":"","footnotes":""},"categories":[3],"tags":[1251,255,52,1105,1077,1250,47,75],"class_list":["post-36380","post","type-post","status-publish","format-standard","has-post-thumbnail","hentry","category-sao-goncalo","tag-arvores","tag-compromisso","tag-lei","tag-meio-ambiente","tag-nova","tag-podas","tag-rj","tag-sao-goncalo"],"_links":{"self":[{"href":"https:\/\/sgvaimudar.com.br\/index.php\/wp-json\/wp\/v2\/posts\/36380","targetHints":{"allow":["GET"]}}],"collection":[{"href":"https:\/\/sgvaimudar.com.br\/index.php\/wp-json\/wp\/v2\/posts"}],"about":[{"href":"https:\/\/sgvaimudar.com.br\/index.php\/wp-json\/wp\/v2\/types\/post"}],"author":[{"embeddable":true,"href":"https:\/\/sgvaimudar.com.br\/index.php\/wp-json\/wp\/v2\/users\/5"}],"replies":[{"embeddable":true,"href":"https:\/\/sgvaimudar.com.br\/index.php\/wp-json\/wp\/v2\/comments?post=36380"}],"version-history":[{"count":2,"href":"https:\/\/sgvaimudar.com.br\/index.php\/wp-json\/wp\/v2\/posts\/36380\/revisions"}],"predecessor-version":[{"id":36397,"href":"https:\/\/sgvaimudar.com.br\/index.php\/wp-json\/wp\/v2\/posts\/36380\/revisions\/36397"}],"wp:featuredmedia":[{"embeddable":true,"href":"https:\/\/sgvaimudar.com.br\/index.php\/wp-json\/wp\/v2\/media\/36384"}],"wp:attachment":[{"href":"https:\/\/sgvaimudar.com.br\/index.php\/wp-json\/wp\/v2\/media?parent=36380"}],"wp:term":[{"taxonomy":"category","embeddable":true,"href":"https:\/\/sgvaimudar.com.br\/index.php\/wp-json\/wp\/v2\/categories?post=36380"},{"taxonomy":"post_tag","embeddable":true,"href":"https:\/\/sgvaimudar.com.br\/index.php\/wp-json\/wp\/v2\/tags?post=36380"}],"curies":[{"name":"wp","href":"https:\/\/api.w.org\/{rel}","templated":true}]}}