{"id":36331,"date":"2026-01-17T16:00:00","date_gmt":"2026-01-17T19:00:00","guid":{"rendered":"https:\/\/sgvaimudar.com.br\/?p=36331"},"modified":"2026-01-17T09:17:27","modified_gmt":"2026-01-17T12:17:27","slug":"faetec-disponibiliza-mais-de-52-mil-vagas-gratuitas-de-cursos-de-qualificacao","status":"publish","type":"post","link":"https:\/\/sgvaimudar.com.br\/index.php\/2026\/01\/17\/faetec-disponibiliza-mais-de-52-mil-vagas-gratuitas-de-cursos-de-qualificacao\/","title":{"rendered":"Faetec disponibiliza mais de 52 mil vagas gratuitas de cursos de qualifica\u00e7\u00e3o"},"content":{"rendered":"\n<p><em>Pela primeira vez, funda\u00e7\u00e3o lan\u00e7a cursos na modalidade a dist\u00e2ncia, com oportunidade de forma\u00e7\u00e3o em todo o pa\u00eds. Inscri\u00e7\u00f5es v\u00e3o at\u00e9 o dia 30 de janeiro<\/em><\/p>\n\n\n\n<p>O Governo do Estado do Rio de Janeiro avan\u00e7a na pol\u00edtica de qualifica\u00e7\u00e3o profissional e empregabilidade com a abertura de mais de 52 mil vagas gratuitas em cursos de qualifica\u00e7\u00e3o oferecidos pela Funda\u00e7\u00e3o de Apoio \u00e0 Escola T\u00e9cnica (Faetec), vinculada \u00e0 Secretaria de Ci\u00eancia, Tecnologia e Inova\u00e7\u00e3o. As oportunidades abrangem as modalidades presencial e, pela primeira vez, a dist\u00e2ncia (EaD). As inscri\u00e7\u00f5es ficam abertas at\u00e9 o dia 30 de janeiro.<\/p>\n\n\n\n<p>\u2014 Investir em qualifica\u00e7\u00e3o profissional \u00e9 investir em desenvolvimento, renda e dignidade. Com essa iniciativa, o Governo do Estado amplia o acesso \u00e0 forma\u00e7\u00e3o gratuita, alcan\u00e7ando desde quem busca o primeiro emprego at\u00e9 quem precisa se atualizar para acompanhar as transforma\u00e7\u00f5es do mercado de trabalho \u2014 afirmou o governador Cl\u00e1udio Castro.<\/p>\n\n\n\n<figure class=\"wp-block-image size-large\"><img fetchpriority=\"high\" decoding=\"async\" width=\"1024\" height=\"683\" src=\"https:\/\/sgvaimudar.com.br\/wp-content\/uploads\/2026\/01\/FAETEC-MUSICA-11-1024x683.jpg\" alt=\"\" class=\"wp-image-36333\" srcset=\"https:\/\/sgvaimudar.com.br\/wp-content\/uploads\/2026\/01\/FAETEC-MUSICA-11-1024x683.jpg 1024w, https:\/\/sgvaimudar.com.br\/wp-content\/uploads\/2026\/01\/FAETEC-MUSICA-11-300x200.jpg 300w, https:\/\/sgvaimudar.com.br\/wp-content\/uploads\/2026\/01\/FAETEC-MUSICA-11-768x512.jpg 768w, https:\/\/sgvaimudar.com.br\/wp-content\/uploads\/2026\/01\/FAETEC-MUSICA-11-1536x1024.jpg 1536w, https:\/\/sgvaimudar.com.br\/wp-content\/uploads\/2026\/01\/FAETEC-MUSICA-11-2048x1365.jpg 2048w\" sizes=\"(max-width: 1024px) 100vw, 1024px\" \/><figcaption class=\"wp-element-caption\">Oficinas de instrumentos e coral.<\/figcaption><\/figure>\n\n\n\n<p>Na modalidade presencial, s\u00e3o 37.573 vagas distribu\u00eddas em unidades da Faetec em todo o estado do Rio de Janeiro, com cursos de 20 semanas nas \u00e1reas de Administra\u00e7\u00e3o, Inform\u00e1tica, Beleza, Gastronomia, Artes C\u00eanicas, M\u00fasica, Idiomas, Mec\u00e2nica, Eletr\u00f4nica e Rob\u00f3tica. O processo seletivo ser\u00e1 realizado por sorteio eletr\u00f4nico e as aulas come\u00e7am em 9 de fevereiro.<\/p>\n\n\n\n<p><strong>Cursos a dist\u00e2ncia ampliam acesso<\/strong><br>Pela primeira vez, est\u00e3o sendo oferecidas 15 mil vagas gratuitas na modalidade EaD, com inscri\u00e7\u00f5es abertas para todo o Brasil. Os cursos tamb\u00e9m t\u00eam dura\u00e7\u00e3o de 20 semanas e incluem forma\u00e7\u00f5es alinhadas \u00e0s demandas atuais do mercado. As vagas ser\u00e3o preenchidas conforme a ordem de inscri\u00e7\u00e3o.<\/p>\n\n\n\n<p>\u2014 Com o EaD, levamos forma\u00e7\u00e3o profissional a quem nunca teve acesso presencialmente, ampliando as chances de emprego, atualiza\u00e7\u00e3o e desenvolvimento. \u00c9 uma pol\u00edtica p\u00fablica que chega diretamente a quem mais precisa \u2014 ressaltou Anderson Moraes, secret\u00e1rio de Ci\u00eancia, Tecnologia e Inova\u00e7\u00e3o.<\/p>\n\n\n\n<p>Ser\u00e3o oferecidos cursos como: Assistente Administrativo, Assistente de Log\u00edstica, Assistente de Recursos Humanos, Intelig\u00eancia Artificial Aplicada, Introdu\u00e7\u00e3o \u00e0 Programa\u00e7\u00e3o em Python, Libras B\u00e1sico, Marketing Digital e Redes Sociais, Excel Avan\u00e7ado com VBA, Power BI para An\u00e1lise de Dados, Programa\u00e7\u00e3o Web, Produ\u00e7\u00e3o e Edi\u00e7\u00e3o de V\u00eddeos, Arduino e Seguran\u00e7a da Informa\u00e7\u00e3o e LGPD.<\/p>\n\n\n\n<p>\u2014 A combina\u00e7\u00e3o entre vagas presenciais no estado e a oferta in\u00e9dita de cursos EaD em n\u00edvel nacional amplia o alcance da qualifica\u00e7\u00e3o profissional gratuita e fortalece a empregabilidade, alinhando forma\u00e7\u00e3o t\u00e9cnica \u00e0s demandas atuais da economia \u2014 afirmou o presidente da Faetec, Alexandre Valle.<\/p>\n\n\n\n<p>As inscri\u00e7\u00f5es s\u00e3o exclusivamente online, pelo site da funda\u00e7\u00e3o:\u00a0<a rel=\"noreferrer noopener\" href=\"http:\/\/www.faetec.rj.gov.br\/\" target=\"_blank\">www.faetec.rj.gov.br<\/a>. Todas as informa\u00e7\u00f5es sobre cursos, prazos, crit\u00e9rios de participa\u00e7\u00e3o e documenta\u00e7\u00e3o necess\u00e1ria est\u00e3o dispon\u00edveis no edital publicado no site da Faetec.<\/p>\n\n\n\n<p><em>Fotos: GovRJ<\/em><\/p>\n\n\n\n<p><strong><em>S\u00e3o Gon\u00e7alo vai mudar: Not\u00edcias de S\u00e3o Gon\u00e7alo e toda regi\u00e3o.<\/em><\/strong><\/p>\n\n\n\n<figure class=\"wp-block-video\"><video height=\"1280\" style=\"aspect-ratio: 720 \/ 1280;\" width=\"720\" controls src=\"https:\/\/sgvaimudar.com.br\/wp-content\/uploads\/2026\/01\/NoticiaUrgete.logoSGVM.mp4\"><\/video><\/figure>\n","protected":false},"excerpt":{"rendered":"<p>Pela primeira vez, funda\u00e7\u00e3o lan\u00e7a cursos na modalidade a dist\u00e2ncia, com oportunidade de forma\u00e7\u00e3o em todo o pa\u00eds. Inscri\u00e7\u00f5es v\u00e3o&hellip;<\/p>\n","protected":false},"author":5,"featured_media":36335,"comment_status":"closed","ping_status":"open","sticky":false,"template":"","format":"standard","meta":{"fifu_image_url":"https:\/\/sgvaimudar.com.br\/wp-content\/uploads\/2026\/01\/2485a6ef-b887-40c4-949b-3df073e4dfb9.jpg","fifu_image_alt":"","footnotes":""},"categories":[4],"tags":[460,1237,1239,502,1238,47,503],"class_list":["post-36331","post","type-post","status-publish","format-standard","has-post-thumbnail","hentry","category-brasil","tag-cursos","tag-de-graca","tag-ead","tag-emprego","tag-qualificacao","tag-rj","tag-vagas"],"_links":{"self":[{"href":"https:\/\/sgvaimudar.com.br\/index.php\/wp-json\/wp\/v2\/posts\/36331","targetHints":{"allow":["GET"]}}],"collection":[{"href":"https:\/\/sgvaimudar.com.br\/index.php\/wp-json\/wp\/v2\/posts"}],"about":[{"href":"https:\/\/sgvaimudar.com.br\/index.php\/wp-json\/wp\/v2\/types\/post"}],"author":[{"embeddable":true,"href":"https:\/\/sgvaimudar.com.br\/index.php\/wp-json\/wp\/v2\/users\/5"}],"replies":[{"embeddable":true,"href":"https:\/\/sgvaimudar.com.br\/index.php\/wp-json\/wp\/v2\/comments?post=36331"}],"version-history":[{"count":1,"href":"https:\/\/sgvaimudar.com.br\/index.php\/wp-json\/wp\/v2\/posts\/36331\/revisions"}],"predecessor-version":[{"id":36334,"href":"https:\/\/sgvaimudar.com.br\/index.php\/wp-json\/wp\/v2\/posts\/36331\/revisions\/36334"}],"wp:featuredmedia":[{"embeddable":true,"href":"https:\/\/sgvaimudar.com.br\/index.php\/wp-json\/wp\/v2\/media\/36335"}],"wp:attachment":[{"href":"https:\/\/sgvaimudar.com.br\/index.php\/wp-json\/wp\/v2\/media?parent=36331"}],"wp:term":[{"taxonomy":"category","embeddable":true,"href":"https:\/\/sgvaimudar.com.br\/index.php\/wp-json\/wp\/v2\/categories?post=36331"},{"taxonomy":"post_tag","embeddable":true,"href":"https:\/\/sgvaimudar.com.br\/index.php\/wp-json\/wp\/v2\/tags?post=36331"}],"curies":[{"name":"wp","href":"https:\/\/api.w.org\/{rel}","templated":true}]}}