{"id":36326,"date":"2026-01-17T18:00:00","date_gmt":"2026-01-17T21:00:00","guid":{"rendered":"https:\/\/sgvaimudar.com.br\/?p=36326"},"modified":"2026-01-17T09:09:47","modified_gmt":"2026-01-17T12:09:47","slug":"novos-conselheiros-da-assistencia-social-de-sao-goncalo-tomam-posse","status":"publish","type":"post","link":"https:\/\/sgvaimudar.com.br\/index.php\/2026\/01\/17\/novos-conselheiros-da-assistencia-social-de-sao-goncalo-tomam-posse\/","title":{"rendered":"Novos conselheiros da Assist\u00eancia Social de S\u00e3o Gon\u00e7alo tomam posse"},"content":{"rendered":"\n<p><em>Representantes foram eleitos pela sociedade civil na 16\u00aa Confer\u00eancia de Assist\u00eancia Social&nbsp;<\/em><\/p>\n\n\n\n<p>A Mesa Diretora e os novos conselheiros do Conselho Municipal de Assist\u00eancia Social de S\u00e3o Gon\u00e7alo (CMAS) receberam posse para o mandato dos anos de 2026 e 2027, na manh\u00e3 desta sexta-feira (16). A cerim\u00f4nia de posse ocorreu nas depend\u00eancias do 1\u00ba Batalh\u00e3o de Pol\u00edcia Militar, na Venda da Cruz.<\/p>\n\n\n\n<p>O Conselho \u00e9 formado por membros indicados pelo governo municipal e por membros de institui\u00e7\u00f5es representantes da sociedade civil. As institui\u00e7\u00f5es eleitas para o novo mandato foram definidas no F\u00f3rum da sociedade civil, realizado na 16\u00aa Confer\u00eancia de Assist\u00eancia Social, que ocorreu na cidade em julho de 2025.\u00a0<\/p>\n\n\n\n<figure class=\"wp-block-image size-large\"><img fetchpriority=\"high\" decoding=\"async\" width=\"1024\" height=\"684\" src=\"https:\/\/sgvaimudar.com.br\/wp-content\/uploads\/2026\/01\/unnamed-6-6-1024x684.jpg\" alt=\"\" class=\"wp-image-36327\" srcset=\"https:\/\/sgvaimudar.com.br\/wp-content\/uploads\/2026\/01\/unnamed-6-6-1024x684.jpg 1024w, https:\/\/sgvaimudar.com.br\/wp-content\/uploads\/2026\/01\/unnamed-6-6-300x200.jpg 300w, https:\/\/sgvaimudar.com.br\/wp-content\/uploads\/2026\/01\/unnamed-6-6-768x513.jpg 768w, https:\/\/sgvaimudar.com.br\/wp-content\/uploads\/2026\/01\/unnamed-6-6-1536x1027.jpg 1536w, https:\/\/sgvaimudar.com.br\/wp-content\/uploads\/2026\/01\/unnamed-6-6.jpg 1616w\" sizes=\"(max-width: 1024px) 100vw, 1024px\" \/><\/figure>\n\n\n\n<p>Toda a mesa diretora do mandato anterior foi reeleita. A mesma \u00e9 formada pela presidente Roberta Fab\u00edola Teixeira Temtemples (eleita por indica\u00e7\u00e3o do governo municipal), pelo vice-presidente Carlos Augusto Guimar\u00e3es (eleito pela sociedade civil), pelo primeiro secret\u00e1rio Thiago dos Santos (tamb\u00e9m representante da sociedade civil) e pelo segundo secret\u00e1rio Diego Martins Nascimento (indicado pelo governo municipal).<\/p>\n\n\n\n<p>\u201cEspero que esse ano seja ainda melhor do que o que passou, que a nossa parceria siga firme, debatendo cada projeto minuciosamente. O nosso conselho \u00e9 bastante ativo e sempre conferimos o andamento de tudo o que est\u00e1 sendo feito na Assist\u00eancia Social do munic\u00edpio. Agrade\u00e7o a presen\u00e7a de todos e desejo boas-vindas para os novos conselheiros,\u201d destacou o secret\u00e1rio de Assist\u00eancia Social, Felippe Mattos.<\/p>\n\n\n\n<p>Tamb\u00e9m receberam posse 12 institui\u00e7\u00f5es, representadas por 24 conselheiros (indicados pela sociedade civil) e 12 secretarias municipais, representadas por 24 conselheiros (indicados pelo governo municipal). Durante a cerim\u00f4nia, tamb\u00e9m foram definidos os representantes das cinco comiss\u00f5es do Conselho, sendo 10 membros do governo e 10 da sociedade civil.&nbsp;<\/p>\n\n\n\n<p>Em breve, as novas composi\u00e7\u00f5es ser\u00e3o oficializadas em publica\u00e7\u00e3o no Di\u00e1rio Oficial do munic\u00edpio.<\/p>\n\n\n\n<p><em>Foto: Renan Otto<\/em><\/p>\n\n\n\n<p><strong><em>S\u00e3o Gon\u00e7alo vai mudar: Not\u00edcias de S\u00e3o Gon\u00e7alo e toda regi\u00e3o.<\/em><\/strong><\/p>\n\n\n\n<figure class=\"wp-block-video\"><video height=\"1280\" style=\"aspect-ratio: 720 \/ 1280;\" width=\"720\" controls src=\"https:\/\/sgvaimudar.com.br\/wp-content\/uploads\/2026\/01\/logo2026.mp4\"><\/video><\/figure>\n","protected":false},"excerpt":{"rendered":"<p>Representantes foram eleitos pela sociedade civil na 16\u00aa Confer\u00eancia de Assist\u00eancia Social&nbsp; A Mesa Diretora e os novos conselheiros do&hellip;<\/p>\n","protected":false},"author":5,"featured_media":36330,"comment_status":"closed","ping_status":"open","sticky":false,"template":"","format":"standard","meta":{"fifu_image_url":"https:\/\/sgvaimudar.com.br\/wp-content\/uploads\/2026\/01\/unnamed-5-7.jpg","fifu_image_alt":"","footnotes":""},"categories":[3],"tags":[549,1236,1235,614,47,75,110],"class_list":["post-36326","post","type-post","status-publish","format-standard","has-post-thumbnail","hentry","category-sao-goncalo","tag-assistencia","tag-conferencia","tag-conselheiros","tag-posse","tag-rj","tag-sao-goncalo","tag-social"],"_links":{"self":[{"href":"https:\/\/sgvaimudar.com.br\/index.php\/wp-json\/wp\/v2\/posts\/36326","targetHints":{"allow":["GET"]}}],"collection":[{"href":"https:\/\/sgvaimudar.com.br\/index.php\/wp-json\/wp\/v2\/posts"}],"about":[{"href":"https:\/\/sgvaimudar.com.br\/index.php\/wp-json\/wp\/v2\/types\/post"}],"author":[{"embeddable":true,"href":"https:\/\/sgvaimudar.com.br\/index.php\/wp-json\/wp\/v2\/users\/5"}],"replies":[{"embeddable":true,"href":"https:\/\/sgvaimudar.com.br\/index.php\/wp-json\/wp\/v2\/comments?post=36326"}],"version-history":[{"count":1,"href":"https:\/\/sgvaimudar.com.br\/index.php\/wp-json\/wp\/v2\/posts\/36326\/revisions"}],"predecessor-version":[{"id":36329,"href":"https:\/\/sgvaimudar.com.br\/index.php\/wp-json\/wp\/v2\/posts\/36326\/revisions\/36329"}],"wp:featuredmedia":[{"embeddable":true,"href":"https:\/\/sgvaimudar.com.br\/index.php\/wp-json\/wp\/v2\/media\/36330"}],"wp:attachment":[{"href":"https:\/\/sgvaimudar.com.br\/index.php\/wp-json\/wp\/v2\/media?parent=36326"}],"wp:term":[{"taxonomy":"category","embeddable":true,"href":"https:\/\/sgvaimudar.com.br\/index.php\/wp-json\/wp\/v2\/categories?post=36326"},{"taxonomy":"post_tag","embeddable":true,"href":"https:\/\/sgvaimudar.com.br\/index.php\/wp-json\/wp\/v2\/tags?post=36326"}],"curies":[{"name":"wp","href":"https:\/\/api.w.org\/{rel}","templated":true}]}}