{"id":36322,"date":"2026-01-17T14:00:00","date_gmt":"2026-01-17T17:00:00","guid":{"rendered":"https:\/\/sgvaimudar.com.br\/?p=36322"},"modified":"2026-01-17T09:05:22","modified_gmt":"2026-01-17T12:05:22","slug":"prefeitura-e-firjan-senai-oferecem-cursos-gratuitos-de-modelista-e-almoxarife-de-obras","status":"publish","type":"post","link":"https:\/\/sgvaimudar.com.br\/index.php\/2026\/01\/17\/prefeitura-e-firjan-senai-oferecem-cursos-gratuitos-de-modelista-e-almoxarife-de-obras\/","title":{"rendered":"Prefeitura e Firjan\/Senai oferecem cursos gratuitos de modelista e almoxarife de obras"},"content":{"rendered":"\n<p><em>Inscri\u00e7\u00f5es est\u00e3o abertas at\u00e9 o dia 30 de janeiro<\/em><\/p>\n\n\n\n<p>A Secretaria de Desenvolvimento Econ\u00f4mico da Prefeitura de S\u00e3o Gon\u00e7alo est\u00e1 com vagas abertas para os cursos profissionalizantes gratuitos de modelista e almoxarife de obras. As qualifica\u00e7\u00f5es est\u00e3o sendo oferecidas em parceria com a Firjan\/Senai. As inscri\u00e7\u00f5es para ambos os cursos podem ser feitas at\u00e9 o dia 30 de janeiro.<\/p>\n\n\n\n<p>Para se inscrever no curso de modelista, o candidato precisa ter a idade m\u00ednima de 18 anos e ter conclu\u00eddo o 7\u00b0 ano do ensino fundamental. O curso possui carga hor\u00e1ria de 280 horas.<\/p>\n\n\n\n<figure class=\"wp-block-image size-large\"><img fetchpriority=\"high\" decoding=\"async\" width=\"819\" height=\"1024\" src=\"https:\/\/sgvaimudar.com.br\/wp-content\/uploads\/2026\/01\/unnamed-4-10-819x1024.jpg\" alt=\"\" class=\"wp-image-36323\" srcset=\"https:\/\/sgvaimudar.com.br\/wp-content\/uploads\/2026\/01\/unnamed-4-10-819x1024.jpg 819w, https:\/\/sgvaimudar.com.br\/wp-content\/uploads\/2026\/01\/unnamed-4-10-240x300.jpg 240w, https:\/\/sgvaimudar.com.br\/wp-content\/uploads\/2026\/01\/unnamed-4-10-768x960.jpg 768w, https:\/\/sgvaimudar.com.br\/wp-content\/uploads\/2026\/01\/unnamed-4-10.jpg 1080w\" sizes=\"(max-width: 819px) 100vw, 819px\" \/><\/figure>\n\n\n\n<p>J\u00e1 para o curso de almoxarife de obras, o interessado precisa ter a idade m\u00ednima de 18 anos e ter conclu\u00eddo o 5\u00b0 ano do ensino fundamental. O curso possui carga hor\u00e1ria de 180 horas.<\/p>\n\n\n\n<p>Com a documenta\u00e7\u00e3o em m\u00e3os, o candidato de qualquer um dos cursos deve ir at\u00e9 a sede da Firjan\/Senai, no Centro, e efetuar sua inscri\u00e7\u00e3o. As aulas das qualifica\u00e7\u00f5es, que ter\u00e3o in\u00edcio no dia 3 de fevereiro, tamb\u00e9m ser\u00e3o realizadas no local.<\/p>\n\n\n\n<p>As aulas do curso de modelista ser\u00e3o no per\u00edodo da tarde, das 13h \u00e0s 17h; j\u00e1 as turmas do curso de almoxarife de obras haver\u00e1 turmas nos hor\u00e1rios da manh\u00e3 (de 8h \u00e0s 12h), da tarde (13h \u00e0s 17h), e da noite (18h \u00e0s 22h), de segunda a sexta-feira.<\/p>\n\n\n\n<p><strong>Servi\u00e7o:<\/strong><\/p>\n\n\n\n<p>A sede da Firjan\/Senai est\u00e1 localizada na Rua Doutor Nilo Pe\u00e7anha, n\u00famero 134, no Centro.<\/p>\n\n\n\n<p><strong><em>S\u00e3o Gon\u00e7alo vai mudar: Not\u00edcias de S\u00e3o Gon\u00e7alo e toda regi\u00e3o.<\/em><\/strong><\/p>\n\n\n\n<figure class=\"wp-block-video\"><video height=\"1280\" style=\"aspect-ratio: 720 \/ 1280;\" width=\"720\" controls src=\"https:\/\/sgvaimudar.com.br\/wp-content\/uploads\/2026\/01\/logo2026.mp4\"><\/video><\/figure>\n","protected":false},"excerpt":{"rendered":"<p>Inscri\u00e7\u00f5es est\u00e3o abertas at\u00e9 o dia 30 de janeiro A Secretaria de Desenvolvimento Econ\u00f4mico da Prefeitura de S\u00e3o Gon\u00e7alo est\u00e1&hellip;<\/p>\n","protected":false},"author":5,"featured_media":36325,"comment_status":"closed","ping_status":"open","sticky":false,"template":"","format":"standard","meta":{"fifu_image_url":"https:\/\/sgvaimudar.com.br\/wp-content\/uploads\/2025\/09\/Fachada-da-Firjan-Foto-Julio-Diniz-4.jpg","fifu_image_alt":"","footnotes":""},"categories":[3],"tags":[1234,460,1119,1233,111,47,75,1172],"class_list":["post-36322","post","type-post","status-publish","format-standard","has-post-thumbnail","hentry","category-sao-goncalo","tag-almoxarife","tag-cursos","tag-firjan","tag-modelistas","tag-prefeitura","tag-rj","tag-sao-goncalo","tag-senai"],"_links":{"self":[{"href":"https:\/\/sgvaimudar.com.br\/index.php\/wp-json\/wp\/v2\/posts\/36322","targetHints":{"allow":["GET"]}}],"collection":[{"href":"https:\/\/sgvaimudar.com.br\/index.php\/wp-json\/wp\/v2\/posts"}],"about":[{"href":"https:\/\/sgvaimudar.com.br\/index.php\/wp-json\/wp\/v2\/types\/post"}],"author":[{"embeddable":true,"href":"https:\/\/sgvaimudar.com.br\/index.php\/wp-json\/wp\/v2\/users\/5"}],"replies":[{"embeddable":true,"href":"https:\/\/sgvaimudar.com.br\/index.php\/wp-json\/wp\/v2\/comments?post=36322"}],"version-history":[{"count":1,"href":"https:\/\/sgvaimudar.com.br\/index.php\/wp-json\/wp\/v2\/posts\/36322\/revisions"}],"predecessor-version":[{"id":36324,"href":"https:\/\/sgvaimudar.com.br\/index.php\/wp-json\/wp\/v2\/posts\/36322\/revisions\/36324"}],"wp:featuredmedia":[{"embeddable":true,"href":"https:\/\/sgvaimudar.com.br\/index.php\/wp-json\/wp\/v2\/media\/36325"}],"wp:attachment":[{"href":"https:\/\/sgvaimudar.com.br\/index.php\/wp-json\/wp\/v2\/media?parent=36322"}],"wp:term":[{"taxonomy":"category","embeddable":true,"href":"https:\/\/sgvaimudar.com.br\/index.php\/wp-json\/wp\/v2\/categories?post=36322"},{"taxonomy":"post_tag","embeddable":true,"href":"https:\/\/sgvaimudar.com.br\/index.php\/wp-json\/wp\/v2\/tags?post=36322"}],"curies":[{"name":"wp","href":"https:\/\/api.w.org\/{rel}","templated":true}]}}