{"id":36317,"date":"2026-01-17T12:00:00","date_gmt":"2026-01-17T15:00:00","guid":{"rendered":"https:\/\/sgvaimudar.com.br\/?p=36317"},"modified":"2026-01-17T08:56:13","modified_gmt":"2026-01-17T11:56:13","slug":"goncalenses-utilizam-servicos-gratuitos-oferecidos-pelo-expresso-do-consumidor","status":"publish","type":"post","link":"https:\/\/sgvaimudar.com.br\/index.php\/2026\/01\/17\/goncalenses-utilizam-servicos-gratuitos-oferecidos-pelo-expresso-do-consumidor\/","title":{"rendered":"Gon\u00e7alenses utilizam servi\u00e7os gratuitos oferecidos pelo Expresso do Consumidor"},"content":{"rendered":"\n<p><em>Evento aconteceu nesta sexta-feira na Pra\u00e7a da Trindade<\/em><\/p>\n\n\n\n<p>Centenas de gon\u00e7alenses estiveram, na manh\u00e3 desta sexta-feira (16), na a\u00e7\u00e3o itinerante Expresso do Consumidor, realizada na Pra\u00e7a da Trindade. Durante o evento, foram fornecidos diversos servi\u00e7os gratuitos, como emiss\u00e3o de segunda via de documentos e outros atendimentos do Poupatempo.<\/p>\n\n\n\n<p>Durante a manh\u00e3, foi desenvolvida a a\u00e7\u00e3o itinerante que \u00e9 uma iniciativa da Secretaria de Estado de Defesa do Consumidor (Sedcon) e Procon-RJ, que usa um \u00f4nibus adaptado para garantir servi\u00e7os gratuitos \u00e0 popula\u00e7\u00e3o. <\/p>\n\n\n\n<figure class=\"wp-block-image size-full\"><img fetchpriority=\"high\" decoding=\"async\" width=\"1024\" height=\"683\" src=\"https:\/\/sgvaimudar.com.br\/wp-content\/uploads\/2026\/01\/unnamed-3-10.jpg\" alt=\"\" class=\"wp-image-36318\" srcset=\"https:\/\/sgvaimudar.com.br\/wp-content\/uploads\/2026\/01\/unnamed-3-10.jpg 1024w, https:\/\/sgvaimudar.com.br\/wp-content\/uploads\/2026\/01\/unnamed-3-10-300x200.jpg 300w, https:\/\/sgvaimudar.com.br\/wp-content\/uploads\/2026\/01\/unnamed-3-10-768x512.jpg 768w\" sizes=\"(max-width: 1024px) 100vw, 1024px\" \/><\/figure>\n\n\n\n<p>Al\u00e9m disso, a Prefeitura de S\u00e3o Gon\u00e7alo, atrav\u00e9s das secretarias de Assist\u00eancia Social, Desenvolvimento Econ\u00f4mico, Pol\u00edticas sobre \u00c1lcool e Drogas e Sa\u00fade, tamb\u00e9m estiveram presentes oferecendo atendimento dos CRAS, orienta\u00e7\u00e3o do Sistema Nacional de Emprego (Sine), conscientiza\u00e7\u00e3o e alerta sobre o uso de subst\u00e2ncias como \u00e1lcool e drogas e testes r\u00e1pidos de sa\u00fade, aferi\u00e7\u00f5es de glicose e press\u00e3o. O evento contou com o apoio da Guarda Municipal.<\/p>\n\n\n\n<p>As concession\u00e1rias \u00c1guas do Rio e Enel tamb\u00e9m estavam no local negociando d\u00edvidas e realizando a troca de l\u00e2mpadas antigas por novas. A \u00c1guas do Rio tamb\u00e9m forneceu \u00e1gua gratuitamente para as pessoas que estavam na a\u00e7\u00e3o.<\/p>\n\n\n\n<p>No hor\u00e1rio da tarde, foi o momento das crian\u00e7as fazerem a festa com a Caravana de Arte e Lazer da Funda\u00e7\u00e3o de Arte, Esporte e Lazer (Faelsg) de S\u00e3o Gon\u00e7alo, que levou brinquedos infl\u00e1veis, brincadeiras e lanches gratuitos para diversas fam\u00edlias.<\/p>\n\n\n\n<p>\u201cEsse tipo de evento \u00e9 muito importante para a popula\u00e7\u00e3o! Orientar e fornecer documenta\u00e7\u00e3o para os gon\u00e7alenses d\u00e1 dignidade \u00e0s pessoas, \u00e9 sin\u00f4nimo de carinho e cuidado. J\u00e1 realizamos servi\u00e7os como os oferecidos aqui nas nossas secretarias, mas ver essa uni\u00e3o com o Governo do Estado s\u00f3 mostra mais ainda como a uni\u00e3o faz a for\u00e7a! Agrade\u00e7o a todos os presentes e aos envolvidos em mais essa a\u00e7\u00e3o pela popula\u00e7\u00e3o\u201d, disse o prefeito Capit\u00e3o Nelson.<\/p>\n\n\n\n<p>\u201cEstamos com todos os servi\u00e7os do Poupatempo, 16 tipos de isen\u00e7\u00f5es, primeira e segunda via de cart\u00e3o do SUS, segunda via de t\u00edtulo, consultoria jur\u00eddica, al\u00e9m do apoio dos parceiros Enel e \u00c1guas do Rio. Tamb\u00e9m estamos realizando exames oftalmol\u00f3gicos gratuitos e a confec\u00e7\u00e3o de \u00f3culos a pre\u00e7o popular. A\u00e7\u00f5es como essa s\u00e3o importante porque vemos resultado, s\u00e3o centenas de pessoas buscando esse apoio. A Prefeitura de S\u00e3o Gon\u00e7alo tamb\u00e9m est\u00e1 nos dando aux\u00edlio com a presen\u00e7a de diversas secretarias\u201d, afirmou Orlando Hort\u00eancio, representante da Secretaria de Estado de Defesa do Consumidor (Sedcon).<\/p>\n\n\n\n<p>Ivanilde Ver\u00edssimo, de 65 anos, \u00e9 moradora da Trindade e participou da a\u00e7\u00e3o. Ela aproveitou os servi\u00e7os gratuitos que estavam sendo oferecidos e emitiu uma nova identidade e uma nova certid\u00e3o de nascimento.<\/p>\n\n\n\n<p>\u201cH\u00e1 um tempo atr\u00e1s, eu conversei com o prefeito Capit\u00e3o Nelson aqui mesmo e solicitei a\u00e7\u00f5es como essa e ele atendeu! Est\u00e1 \u00f3timo aqui! Super organizado, tem \u00e1gua para n\u00f3s bebermos, tem cobertura para n\u00e3o ficarmos no sol. Os servi\u00e7os s\u00e3o gratuitos. Minha certid\u00e3o de nascimento estava toda colada de t\u00e3o antiga, por isso, vim aqui e fiz uma nova, al\u00e9m de uma nova identidade, j\u00e1 que, no momento, eu n\u00e3o tenho condi\u00e7\u00f5es de pagar a taxa para fazer um novo documento. Tamb\u00e9m fui no oftamologista e fiz o cart\u00e3o da terceira idade. Resolvi tudo num lugar s\u00f3 e foi r\u00e1pido! N\u00e3o precisei andar no sol para resolver tudo e praticamente dentro de casa, al\u00e9m do atendimento maravilhoso dos atendentes\u201d, disse ela.<\/p>\n\n\n\n<p><em>Fotos: Fabio Guimar\u00e3es<\/em><\/p>\n\n\n\n<p><strong><em>S\u00e3o Gon\u00e7alo vai mudar: Not\u00edcias de S\u00e3o Gon\u00e7alo e toda regi\u00e3o.<\/em><\/strong><\/p>\n\n\n\n<figure class=\"wp-block-video\"><video height=\"1280\" style=\"aspect-ratio: 720 \/ 1280;\" width=\"720\" controls src=\"https:\/\/sgvaimudar.com.br\/wp-content\/uploads\/2026\/01\/logo2026.mp4\"><\/video><\/figure>\n","protected":false},"excerpt":{"rendered":"<p>Evento aconteceu nesta sexta-feira na Pra\u00e7a da Trindade Centenas de gon\u00e7alenses estiveram, na manh\u00e3 desta sexta-feira (16), na a\u00e7\u00e3o itinerante&hellip;<\/p>\n","protected":false},"author":5,"featured_media":36321,"comment_status":"closed","ping_status":"open","sticky":false,"template":"","format":"standard","meta":{"fifu_image_url":"https:\/\/sgvaimudar.com.br\/wp-content\/uploads\/2026\/01\/unnamed-2-10.jpg","fifu_image_alt":"","footnotes":""},"categories":[3],"tags":[1230,201,1232,47,75,1231,108,112],"class_list":["post-36317","post","type-post","status-publish","format-standard","has-post-thumbnail","hentry","category-sao-goncalo","tag-d-graca","tag-praca","tag-procon-rj","tag-rj","tag-sao-goncalo","tag-sedcon","tag-servicos","tag-trindade"],"_links":{"self":[{"href":"https:\/\/sgvaimudar.com.br\/index.php\/wp-json\/wp\/v2\/posts\/36317","targetHints":{"allow":["GET"]}}],"collection":[{"href":"https:\/\/sgvaimudar.com.br\/index.php\/wp-json\/wp\/v2\/posts"}],"about":[{"href":"https:\/\/sgvaimudar.com.br\/index.php\/wp-json\/wp\/v2\/types\/post"}],"author":[{"embeddable":true,"href":"https:\/\/sgvaimudar.com.br\/index.php\/wp-json\/wp\/v2\/users\/5"}],"replies":[{"embeddable":true,"href":"https:\/\/sgvaimudar.com.br\/index.php\/wp-json\/wp\/v2\/comments?post=36317"}],"version-history":[{"count":1,"href":"https:\/\/sgvaimudar.com.br\/index.php\/wp-json\/wp\/v2\/posts\/36317\/revisions"}],"predecessor-version":[{"id":36320,"href":"https:\/\/sgvaimudar.com.br\/index.php\/wp-json\/wp\/v2\/posts\/36317\/revisions\/36320"}],"wp:featuredmedia":[{"embeddable":true,"href":"https:\/\/sgvaimudar.com.br\/index.php\/wp-json\/wp\/v2\/media\/36321"}],"wp:attachment":[{"href":"https:\/\/sgvaimudar.com.br\/index.php\/wp-json\/wp\/v2\/media?parent=36317"}],"wp:term":[{"taxonomy":"category","embeddable":true,"href":"https:\/\/sgvaimudar.com.br\/index.php\/wp-json\/wp\/v2\/categories?post=36317"},{"taxonomy":"post_tag","embeddable":true,"href":"https:\/\/sgvaimudar.com.br\/index.php\/wp-json\/wp\/v2\/tags?post=36317"}],"curies":[{"name":"wp","href":"https:\/\/api.w.org\/{rel}","templated":true}]}}