{"id":36312,"date":"2026-01-17T10:00:00","date_gmt":"2026-01-17T13:00:00","guid":{"rendered":"https:\/\/sgvaimudar.com.br\/?p=36312"},"modified":"2026-01-17T08:42:14","modified_gmt":"2026-01-17T11:42:14","slug":"prefeitura-promove-orientacao-aos-pescadores-da-praia-das-pedrinhas-sobre-alteracoes-nas-rampas-de-acesso-aos-barcos","status":"publish","type":"post","link":"https:\/\/sgvaimudar.com.br\/index.php\/2026\/01\/17\/prefeitura-promove-orientacao-aos-pescadores-da-praia-das-pedrinhas-sobre-alteracoes-nas-rampas-de-acesso-aos-barcos\/","title":{"rendered":"Prefeitura promove orienta\u00e7\u00e3o aos pescadores da Praia das Pedrinhas sobre altera\u00e7\u00f5es nas rampas de acesso aos barcos"},"content":{"rendered":"\n<p><em>Medidas s\u00e3o parte do avan\u00e7o das obras de revitaliza\u00e7\u00e3o da orla<\/em><\/p>\n\n\n\n<p>A Secretaria Municipal de Gest\u00e3o Integrada e Projetos Especiais (Semgipe) realizou, nesta sexta-feira (16), uma a\u00e7\u00e3o informativa na Praia das Pedrinhas com o objetivo de comunicar e orientar pescadores e moradores da regi\u00e3o sobre as mudan\u00e7as nas rampas de acesso dos barcos, em fun\u00e7\u00e3o do avan\u00e7o das obras de reforma e revitaliza\u00e7\u00e3o da orla.<\/p>\n\n\n\n<p>Durante a a\u00e7\u00e3o, equipes estiveram presentes para esclarecer que, a partir da pr\u00f3xima segunda-feira (19), ser\u00e1 realizada a interdi\u00e7\u00e3o definitiva da rampa de acesso localizada pr\u00f3xima \u00e0s obras da arquibancada. A medida \u00e9 necess\u00e1ria para garantir a seguran\u00e7a de todos e permitir a continuidade adequada das interven\u00e7\u00f5es.<\/p>\n\n\n\n<figure class=\"wp-block-image size-full\"><img fetchpriority=\"high\" decoding=\"async\" width=\"1024\" height=\"683\" src=\"https:\/\/sgvaimudar.com.br\/wp-content\/uploads\/2026\/01\/unnamed-1-10.jpg\" alt=\"\" class=\"wp-image-36314\" srcset=\"https:\/\/sgvaimudar.com.br\/wp-content\/uploads\/2026\/01\/unnamed-1-10.jpg 1024w, https:\/\/sgvaimudar.com.br\/wp-content\/uploads\/2026\/01\/unnamed-1-10-300x200.jpg 300w, https:\/\/sgvaimudar.com.br\/wp-content\/uploads\/2026\/01\/unnamed-1-10-768x512.jpg 768w\" sizes=\"(max-width: 1024px) 100vw, 1024px\" \/><\/figure>\n\n\n\n<p>Com a interdi\u00e7\u00e3o, o acesso dos barcos passar\u00e1 a ser feito exclusivamente pela rampa localizada ap\u00f3s a Associa\u00e7\u00e3o de Pescadores, garantindo a organiza\u00e7\u00e3o das atividades e a seguran\u00e7a dos trabalhadores da pesca.<\/p>\n\n\n\n<p>\u201cSabemos da import\u00e2ncia da comunidade pesqueira para a economia local. Por isso, todas as a\u00e7\u00f5es est\u00e3o sendo planejadas, buscando minimizar impactos e assegurar condi\u00e7\u00e3o de trabalho digna. A interdi\u00e7\u00e3o da rampa de acesso utilizada tradicionalmente pelos pescadores \u00e9 uma medida necess\u00e1ria para a seguran\u00e7a de todos e para o bom andamento das obras\u201d, afirmou a secret\u00e1ria da Semgipe, Rafaela Santana.<\/p>\n\n\n\n<p>As obras na orla da Praia das Pedrinhas t\u00eam como objetivo melhorar a infraestrutura, valorizar o espa\u00e7o e oferecer melhores condi\u00e7\u00f5es de uso para a popula\u00e7\u00e3o e para os profissionais que utilizam diariamente a \u00e1rea.<\/p>\n\n\n\n<p><em>Foto: Fabio Guimar\u00e3es<\/em><\/p>\n\n\n\n<p><strong><em>Fa\u00e7a sua den\u00fancia pelo nosso WhatsApp: (21) <\/em><\/strong><strong><em>99744 5345<\/em><\/strong><strong><em><\/em><\/strong><\/p>\n\n\n\n<p><strong><em>S\u00e3o Gon\u00e7alo vai mudar: Not\u00edcias de S\u00e3o Gon\u00e7alo e toda regi\u00e3o.<\/em><\/strong><\/p>\n\n\n\n<figure class=\"wp-block-video\"><video height=\"1280\" style=\"aspect-ratio: 720 \/ 1280;\" width=\"720\" controls src=\"https:\/\/sgvaimudar.com.br\/wp-content\/uploads\/2026\/01\/logo2026.mp4\"><\/video><\/figure>\n","protected":false},"excerpt":{"rendered":"<p>Medidas s\u00e3o parte do avan\u00e7o das obras de revitaliza\u00e7\u00e3o da orla A Secretaria Municipal de Gest\u00e3o Integrada e Projetos Especiais&hellip;<\/p>\n","protected":false},"author":5,"featured_media":36316,"comment_status":"closed","ping_status":"open","sticky":false,"template":"","format":"standard","meta":{"fifu_image_url":"https:\/\/sgvaimudar.com.br\/wp-content\/uploads\/2026\/01\/unnamed-15.jpg","fifu_image_alt":"","footnotes":""},"categories":[3],"tags":[1228,1229,522,111,1227,47,75],"class_list":["post-36312","post","type-post","status-publish","format-standard","has-post-thumbnail","hentry","category-sao-goncalo","tag-acesso","tag-barcos","tag-orientacao","tag-prefeitura","tag-rampas","tag-rj","tag-sao-goncalo"],"_links":{"self":[{"href":"https:\/\/sgvaimudar.com.br\/index.php\/wp-json\/wp\/v2\/posts\/36312","targetHints":{"allow":["GET"]}}],"collection":[{"href":"https:\/\/sgvaimudar.com.br\/index.php\/wp-json\/wp\/v2\/posts"}],"about":[{"href":"https:\/\/sgvaimudar.com.br\/index.php\/wp-json\/wp\/v2\/types\/post"}],"author":[{"embeddable":true,"href":"https:\/\/sgvaimudar.com.br\/index.php\/wp-json\/wp\/v2\/users\/5"}],"replies":[{"embeddable":true,"href":"https:\/\/sgvaimudar.com.br\/index.php\/wp-json\/wp\/v2\/comments?post=36312"}],"version-history":[{"count":1,"href":"https:\/\/sgvaimudar.com.br\/index.php\/wp-json\/wp\/v2\/posts\/36312\/revisions"}],"predecessor-version":[{"id":36315,"href":"https:\/\/sgvaimudar.com.br\/index.php\/wp-json\/wp\/v2\/posts\/36312\/revisions\/36315"}],"wp:featuredmedia":[{"embeddable":true,"href":"https:\/\/sgvaimudar.com.br\/index.php\/wp-json\/wp\/v2\/media\/36316"}],"wp:attachment":[{"href":"https:\/\/sgvaimudar.com.br\/index.php\/wp-json\/wp\/v2\/media?parent=36312"}],"wp:term":[{"taxonomy":"category","embeddable":true,"href":"https:\/\/sgvaimudar.com.br\/index.php\/wp-json\/wp\/v2\/categories?post=36312"},{"taxonomy":"post_tag","embeddable":true,"href":"https:\/\/sgvaimudar.com.br\/index.php\/wp-json\/wp\/v2\/tags?post=36312"}],"curies":[{"name":"wp","href":"https:\/\/api.w.org\/{rel}","templated":true}]}}