{"id":36305,"date":"2026-01-17T08:25:01","date_gmt":"2026-01-17T11:25:01","guid":{"rendered":"https:\/\/sgvaimudar.com.br\/?p=36305"},"modified":"2026-01-17T08:25:01","modified_gmt":"2026-01-17T11:25:01","slug":"brasileiros-finalizam-a-cape-to-rio-e-tem-chances-de-subir-ao-podio-em-uma-das-regatas-mais-tradicionais-do-mundo","status":"publish","type":"post","link":"https:\/\/sgvaimudar.com.br\/index.php\/2026\/01\/17\/brasileiros-finalizam-a-cape-to-rio-e-tem-chances-de-subir-ao-podio-em-uma-das-regatas-mais-tradicionais-do-mundo\/","title":{"rendered":"Brasileiros finalizam a Cape to Rio e t\u00eam chances de subir ao p\u00f3dio em uma das regatas mais tradicionais do mundo"},"content":{"rendered":"\n<p>Regata come\u00e7ou na Cidade do Cabo, na \u00c1frica do Sul, no \u00faltimo dia 27 de dezembro e previs\u00e3o do \u00faltimo barco chegar \u00e9 no dia 26 de janeiro. Mulher brasileira obt\u00e9m feito in\u00e9dito por velejar em solit\u00e1rio na travessia de mais de 3 mil milhas n\u00e1uticas. Fotos: barco Esperan\u00e7a cruza a linha de chegada e tripulantes comemoram no P\u00eder no Iate Clube do Rio de Janeiro \/ Cr\u00e9dito: Divulga\u00e7\u00e3o\/ICRJ<\/p>\n\n\n\n<p>O Iate Clube do Rio de Janeiro recebe os primeiros barcos da disputa de uma das mais importantes e tradicionais Regatas de Vela de Oceano do mundo, a Cape to Rio, que teve largada no dia 27 de dezembro, no Royal Cape Yacht Club, na Cidade do Cabo, na \u00c1frica do Sul.<\/p>\n\n\n\n<p>A regata \u00e9 uma das mais tradicionais do mundo e data de 1971 acontecendo em m\u00e9dia a cada tr\u00eas anos e se encontra na 18\u00aa edi\u00e7\u00e3o com barcos da \u00c1frica do Sul, Brasil, Alemanha, Estados Unidos, Noruega e da Su\u00ed\u00e7a.<\/p>\n\n\n\n<p>O primeiro barco a cruzar a linha de chegada, na noite de segunda-feira, foi a equipe alem\u00e3 do Vineta ap\u00f3s mais de 3,6 mil milhas n\u00e1uticas percorridas em 16 dias, comandado por Felix Scheder-Bieschin. Os campe\u00f5es finais ainda ser\u00e3o definidos ao t\u00e9rmino do \u00faltimo barco a cruzar com expectativa para o pr\u00f3ximo dia 26 de janeiro.<\/p>\n\n\n\n<p>&#8220;Muito tocante avistar o P\u00e3o de A\u00e7\u00facar na aproxima\u00e7\u00e3o ao Rio pois est\u00e1vamos velejando h\u00e1 mais de duas semanas, achamos que nunca \u00edamos parar e da\u00ed nos demos conta que est\u00e1vamos aqui . Nunca tinha vindo aqui, \u00e9 minha primeira vez e poder ver essa costa \u00e9 algo lindo&#8221;, disse Felix.<\/p>\n\n\n\n<p>&#8220;A Cape to Rio \u00e9 uma regata desafiante, de travessia do Atl\u00e2ntico Sul, que para o ICRJ tem um grande significado, pois mant\u00e9m a &#8220;chama acesa&#8221; para as Regatas Oce\u00e2nicas, que est\u00e3o acabando, especialmente na Am\u00e9rica do Sul&#8221; ,destacou Ricardo Baggio, um dos organizadores e Diretor de Vela do Iate Clube do Rio de Janeiro: &#8220;As condi\u00e7\u00f5es de vento est\u00e3o sendo muito boas, com ventos de boa intensidade e favor\u00e1veis, vento em popa, durante todo o percurso&#8221;.<\/p>\n\n\n\n<p><strong>Brasileiros chegam fortes com chances de p\u00f3dio<\/strong><\/p>\n\n\n\n<p>Os brasileiros est\u00e3o com uma das maiores flotilhas da hist\u00f3ria com tr\u00eas barcos, dois deles com reais chances de p\u00f3dio no geral, como o Esperan\u00e7a, do Rio Grande do Sul, comandado por M\u00e1rcio Lima, e o Audaz 2, comandado por Gustavo Lis, com parte da tripula\u00e7\u00e3o de Paraty (RJ) e parte do Rio Grande do Sul. Os dois veleiros cruzaram a linha de chegada nesta quinta-feira em segundo e terceiro lugar respectivamente e resultados finais corrigidos. A briga dos brasileiros em especial est\u00e1 com o Vineta e com o Angel Wings.<\/p>\n\n\n\n<p>&#8220;Tive a felicidade de reunir bons amigos e velejadores \u00e0 bordo e trabalhamos o tempo inteiro, um dos tripulantes \u00e9 meu filho, fiquei muito feliz de t\u00ea-lo comigo. Fizemos uma m\u00e1 largada, mas conseguimos recuperar e lutamos muito para nos manter na frente. Viemos com o bal\u00e3o assim\u00e9trico e um barco pesado que n\u00e3o plana. Sab\u00edamos que ao longo da regata ir\u00edamos recuperar e foi fant\u00e1stico. Nunca vi t\u00e3o bom acolhimento como em Cape Town, impressionante a organiza\u00e7\u00e3o e tenho certeza que ser\u00e1 igual aqui no Rio de Janeiro dos meus amigos que j\u00e1 conhecemos. S\u00e3o fam\u00edlia, Brasil e \u00c1frica separados somente por um Oceano, s\u00e3o irm\u00e3os&#8221;, disse o comandante do Esperan\u00e7a, M\u00e1rcio Lima, ap\u00f3s sua chegada na capital carioca.<\/p>\n\n\n\n<p>Outro grande destaque brasileiro \u00e9 o Suidoos 2 de Livia Theodora do Prado que vem velejando sozinha pelo Oceano Atl\u00e2ntico no barco de nove metros, um feito in\u00e9dito para uma mulher brasileira na regata.<\/p>\n\n\n\n<p>&#8220;Podemos dizer que vai ficar registrado para a Vela Brasileira, essa participa\u00e7\u00e3o de tr\u00eas barcos, sendo que uma com uma mulher participando em solit\u00e1rio. N\u00e3o posso precisar, mas sem d\u00favida se n\u00e3o \u00e9 a com maior n\u00famero de barcos Brasileiros, mas \u00e9 uma das que j\u00e1 teve o maior n\u00famero, dentre todas as edi\u00e7\u00f5es&#8221;, destacou Baggio.<\/p>\n\n\n\n<p>Jos\u00e9 Roberto Braile, Comodoro do ICRJ, destacou: &#8220;\u00c9 uma regata tradicional, um desafio para os brasileiros. Para vela de oceano brasileira a maior regata do hemisf\u00e9rio sul.<br>Para a vela como um todo, uma meta para os velejadores que querem ter experi\u00eancia oce\u00e2nica. Essa regata ficar\u00e1 marcada na hist\u00f3ria pela forte presen\u00e7a brasileira&#8221;.<\/p>\n\n\n\n<p>A premia\u00e7\u00e3o acontecer\u00e1 no Iate Clube do Rio de Janeiro ao t\u00e9rmino do \u00faltimo barco.<\/p>\n\n\n\n<p><strong><em>S\u00e3o Gon\u00e7alo vai mudar: Not\u00edcias de S\u00e3o Gon\u00e7alo e toda regi\u00e3o.<\/em><\/strong><\/p>\n\n\n\n<figure class=\"wp-block-video\"><video height=\"1280\" style=\"aspect-ratio: 720 \/ 1280;\" width=\"720\" controls src=\"https:\/\/sgvaimudar.com.br\/wp-content\/uploads\/2026\/01\/logo2026.mp4\"><\/video><\/figure>\n","protected":false},"excerpt":{"rendered":"<p>Regata come\u00e7ou na Cidade do Cabo, na \u00c1frica do Sul, no \u00faltimo dia 27 de dezembro e previs\u00e3o do \u00faltimo&hellip;<\/p>\n","protected":false},"author":5,"featured_media":36308,"comment_status":"closed","ping_status":"open","sticky":false,"template":"","format":"standard","meta":{"fifu_image_url":"https:\/\/sgvaimudar.com.br\/wp-content\/uploads\/2026\/01\/WhatsApp-Image-2026-01-16-at-12.59.50.jpeg","fifu_image_alt":"","footnotes":""},"categories":[5],"tags":[1221,848,1224,1223,592,1220,116,47,1222],"class_list":["post-36305","post","type-post","status-publish","format-standard","has-post-thumbnail","hentry","category-esportes","tag-africa","tag-brasileira","tag-clube","tag-iate","tag-mulher","tag-regatas","tag-rio","tag-rj","tag-vela"],"_links":{"self":[{"href":"https:\/\/sgvaimudar.com.br\/index.php\/wp-json\/wp\/v2\/posts\/36305","targetHints":{"allow":["GET"]}}],"collection":[{"href":"https:\/\/sgvaimudar.com.br\/index.php\/wp-json\/wp\/v2\/posts"}],"about":[{"href":"https:\/\/sgvaimudar.com.br\/index.php\/wp-json\/wp\/v2\/types\/post"}],"author":[{"embeddable":true,"href":"https:\/\/sgvaimudar.com.br\/index.php\/wp-json\/wp\/v2\/users\/5"}],"replies":[{"embeddable":true,"href":"https:\/\/sgvaimudar.com.br\/index.php\/wp-json\/wp\/v2\/comments?post=36305"}],"version-history":[{"count":1,"href":"https:\/\/sgvaimudar.com.br\/index.php\/wp-json\/wp\/v2\/posts\/36305\/revisions"}],"predecessor-version":[{"id":36307,"href":"https:\/\/sgvaimudar.com.br\/index.php\/wp-json\/wp\/v2\/posts\/36305\/revisions\/36307"}],"wp:featuredmedia":[{"embeddable":true,"href":"https:\/\/sgvaimudar.com.br\/index.php\/wp-json\/wp\/v2\/media\/36308"}],"wp:attachment":[{"href":"https:\/\/sgvaimudar.com.br\/index.php\/wp-json\/wp\/v2\/media?parent=36305"}],"wp:term":[{"taxonomy":"category","embeddable":true,"href":"https:\/\/sgvaimudar.com.br\/index.php\/wp-json\/wp\/v2\/categories?post=36305"},{"taxonomy":"post_tag","embeddable":true,"href":"https:\/\/sgvaimudar.com.br\/index.php\/wp-json\/wp\/v2\/tags?post=36305"}],"curies":[{"name":"wp","href":"https:\/\/api.w.org\/{rel}","templated":true}]}}