{"id":36301,"date":"2026-01-16T19:00:00","date_gmt":"2026-01-16T22:00:00","guid":{"rendered":"https:\/\/sgvaimudar.com.br\/?p=36301"},"modified":"2026-01-16T11:31:40","modified_gmt":"2026-01-16T14:31:40","slug":"secretaria-de-saude-de-sao-goncalo-amplia-publico-para-vacina-contra-covid-19","status":"publish","type":"post","link":"https:\/\/sgvaimudar.com.br\/index.php\/2026\/01\/16\/secretaria-de-saude-de-sao-goncalo-amplia-publico-para-vacina-contra-covid-19\/","title":{"rendered":"Secretaria de Sa\u00fade de S\u00e3o Gon\u00e7alo amplia p\u00fablico para vacina contra covid-19"},"content":{"rendered":"\n<p><em>Moradores a partir de 12 anos podem receber o imunizante<\/em><\/p>\n\n\n\n<p>A Secretaria de Sa\u00fade da Prefeitura de S\u00e3o Gon\u00e7alo vai abrir a vacina\u00e7\u00e3o contra a covid-19 para o p\u00fablico com mais de 12 anos em geral, temporariamente, at\u00e9 o pr\u00f3ximo dia 20. <\/p>\n\n\n\n<p>O imunizante aplicado \u00e9 com a nova cepa atualizada conhecida como JN.1. Ao todo, 66 unidades de sa\u00fade realizam a vacina\u00e7\u00e3o. A maioria funciona de segunda a sexta, das 8h \u00e0s 17h. As cl\u00ednicas municipais gon\u00e7alense do Mutondo e da Fam\u00edlia Dr. Zerbini, no Arsenal, funcionam, durante a semana, das 8h \u00e0s 21h; e aos s\u00e1bados, das 8h \u00e0s 13h.\u00a0<\/p>\n\n\n\n<p>O impedimento para a vacina\u00e7\u00e3o \u00e9 apenas se o indiv\u00edduo estiver doente com covid-19. Nestes casos, ap\u00f3s a melhora cl\u00ednica, o intervalo indicado para a vacina\u00e7\u00e3o \u00e9 ap\u00f3s quatro semanas. Para a vacina\u00e7\u00e3o \u00e9 necess\u00e1rio apresentar o cart\u00e3o do SUS ou CPF e a caderneta de vacina\u00e7\u00e3o com as doses anteriores, se dispon\u00edvel.\u00a0<\/p>\n\n\n\n<p>Crian\u00e7as de 6 meses a 4 anos, 11 meses e 29 dias, idosos e gestantes fazem parte do calend\u00e1rio de rotina do Plano Nacional de Imuniza\u00e7\u00e3o (PNI). As crian\u00e7as devem tomar tr\u00eas doses aos 6, 7 e 9 meses de idade. O intervalo recomendado \u00e9 de 4 semanas entre a primeira e a segunda dose e 8 semanas entre a segunda e a terceira dose. Para os idosos e gestantes, o esquema recomendado \u00e9 uma dose a cada 6 meses.\u00a0<\/p>\n\n\n\n<p>Locais de vacina\u00e7\u00e3o<\/p>\n\n\n\n<p>1 \u2013 Polo Sanit\u00e1rio Paulo Marques Rangel, Porto do Rosa&nbsp;<\/p>\n\n\n\n<p>2 \u2013 USF Jardim Catarina I&nbsp;<\/p>\n\n\n\n<p>3 \u2013 USF Jos\u00e9 Avelino de Souza, Tribob\u00f3&nbsp;<\/p>\n\n\n\n<p>4 \u2013 USF Agenor Jos\u00e9 da Silva, Jardim Catarina&nbsp;<\/p>\n\n\n\n<p>5 \u2013 USF Louis Pasteur, Guaxindiba&nbsp;<\/p>\n\n\n\n<p>6 \u2013 USF Vista Alegre<\/p>\n\n\n\n<p>7 \u2013 PAM Coelho&nbsp;<\/p>\n\n\n\n<p>8 \u2013 Polo Sanit\u00e1rio Washington Luiz Lopes, Z\u00e9 Garoto&nbsp;<\/p>\n\n\n\n<p>9 \u2013 USF David Capistrano, Ita\u00fana&nbsp;<\/p>\n\n\n\n<p>10 \u2013 USF Barbosa Lima Sobrinho, Boa Vista&nbsp;<\/p>\n\n\n\n<p>11 \u2013 Cl\u00ednica Municipal Gon\u00e7alense do Mutondo&nbsp;<\/p>\n\n\n\n<p>12 \u2013 USF Jos\u00e9 Bruno Neto, Boa Vista&nbsp;<\/p>\n\n\n\n<p>13 \u2013 USF Josias Muniz, Arrast\u00e3o&nbsp;&nbsp;<\/p>\n\n\n\n<p>14 \u2013 Polo Sanit\u00e1rio H\u00e9lio Cruz, Alc\u00e2ntara&nbsp;<\/p>\n\n\n\n<p>15 \u2013 USF Jos\u00e9 Jorge Cortes Freitas, Itaitindiba&nbsp;<\/p>\n\n\n\n<p>16 \u2013 Polo Sanit\u00e1rio Augusto Sena, Rio do Ouro&nbsp;<\/p>\n\n\n\n<p>17 \u2013 USF Anaia&nbsp;<\/p>\n\n\n\n<p>18 \u2013 USF Ana Nery, Gradim&nbsp;<\/p>\n\n\n\n<p>19 \u2013 Polo Sanit\u00e1rio Jorge Teixeira de Lima, Jardim Catarina&nbsp;<\/p>\n\n\n\n<p>20 \u2013 USF Mahatma Gandhi, Jardim Calif\u00f3rnia&nbsp;<\/p>\n\n\n\n<p>21 \u2013 USF Manoel De Abreu, Ipi\u00edba&nbsp;<\/p>\n\n\n\n<p>22 \u2013 USF Altair da Silva, Mutu\u00e1&nbsp;<\/p>\n\n\n\n<p>23 \u2013 USF Madre Teresa de Calcut\u00e1, Estrela do Norte&nbsp;<\/p>\n\n\n\n<p>24 \u2013 USF Juvenil Francisco Ribeiro, Engenho Pequeno&nbsp;<\/p>\n\n\n\n<p>25 \u2013 USF Fl\u00e1vio Henrique de Brito, J\u00f3quei&nbsp;<\/p>\n\n\n\n<p>26 \u2013 USF Irm\u00e3 Dulce, Trindade&nbsp;<\/p>\n\n\n\n<p>27 \u2013 USF Luiz Paulo Guimar\u00e3es, Laranjal&nbsp;<\/p>\n\n\n\n<p>28 \u2013 USF Em\u00edlio Ribas, Barrac\u00e3o&nbsp;<\/p>\n\n\n\n<p>29 \u2013 USF Elza Borges, Santa Luzia&nbsp;<\/p>\n\n\n\n<p>30 \u2013 PAM Neves&nbsp;<\/p>\n\n\n\n<p>31 \u2013 USF Luiz Carlos Prestes, Santa Catarina&nbsp;<\/p>\n\n\n\n<p>32 \u2013 USF Neuza Goulart, Salgueiro&nbsp;<\/p>\n\n\n\n<p>33 \u2013 Cl\u00ednica Municipal da Fam\u00edlia Dr. Zerbini, Arsenal&nbsp;<\/p>\n\n\n\n<p>34 \u2013 USF Alexander Fleming, Boa\u00e7u&nbsp;<\/p>\n\n\n\n<p>35 \u2013 USF Bandeirantes&nbsp;<\/p>\n\n\n\n<p>36 \u2013 USF Tancredo Neves, Luiz Ca\u00e7ador&nbsp;<\/p>\n\n\n\n<p>37 \u2013 USF Geremias de Mattos Fontes, Jardim Bom Retiro&nbsp;<\/p>\n\n\n\n<p>38 \u2013 USF Quinta Dom Ricardo&nbsp;<\/p>\n\n\n\n<p>39 \u2013 USF Santa Luzia&nbsp;<\/p>\n\n\n\n<p>40 \u2013 USF Hiparco Ferreira, Engenho do Ro\u00e7ado<\/p>\n\n\n\n<p>41 \u2013 USF Almerinda&nbsp;<\/p>\n\n\n\n<p>42 \u2013 Cl\u00ednica Municipal Gon\u00e7alense do Coluband\u00ea&nbsp;<\/p>\n\n\n\n<p>43 \u2013 USF Presidente Get\u00falio Vargas, Boa Vista&nbsp;<\/p>\n\n\n\n<p>44 \u2013 USF Dr. Robert Koch, Porto da Madama<\/p>\n\n\n\n<p>45 \u2013 USF Doutel de Andrade, Maria Paula&nbsp;<\/p>\n\n\n\n<p>46 \u2013 USF \u00c1gua Mineral&nbsp;<\/p>\n\n\n\n<p>47 \u2013 USF Adolfo Lutz, Amendoeira&nbsp;<\/p>\n\n\n\n<p>48 \u2013 USF Port\u00e3o do Rosa&nbsp;<\/p>\n\n\n\n<p>49 \u2013 USF Albert Sabin, Fazenda dos Mineiros&nbsp;<\/p>\n\n\n\n<p>50 \u2013 USF Floriano Barbosa, Jardim Catarina&nbsp;<\/p>\n\n\n\n<p>51 \u2013 USF Juarez Antunes, Laranjal&nbsp;<\/p>\n\n\n\n<p>52\u2013 USF Victor Chimelly, Paiva&nbsp;<\/p>\n\n\n\n<p>53 \u2013 USF Jardel do Amaral, Venda da Cruz&nbsp;<\/p>\n\n\n\n<p>54 \u2013 USF Armando Le\u00e3o, Morro do Castro&nbsp;<\/p>\n\n\n\n<p>55 \u2013 Cl\u00ednica Municipal Gon\u00e7alense Lagoinha&nbsp;<\/p>\n\n\n\n<p>56 \u2013 USF Marambaia&nbsp;<\/p>\n\n\n\n<p>57 \u2013 USF Apolo III&nbsp;<\/p>\n\n\n\n<p>58 \u2013 Cl\u00ednica Gon\u00e7alense do Barro Vermelho&nbsp;<\/p>\n\n\n\n<p>59 \u2013 USF Oswaldo Cruz, Amendoeira&nbsp;<\/p>\n\n\n\n<p>60 \u2013 USF Mutuagua\u00e7u&nbsp;<\/p>\n\n\n\n<p>61 \u2013 USF Ita\u00fana&nbsp;<\/p>\n\n\n\n<p>62 \u2013 USF Badger da Silveira, Tribob\u00f3<\/p>\n\n\n\n<p>63 \u2013 USF Gladys Rodrigues Ramos Freitas, Santa Isabel&nbsp;&nbsp;<\/p>\n\n\n\n<p>64 \u2013 USF Bocayuva Cunha, Gradim&nbsp;<\/p>\n\n\n\n<p>65 \u2013 USF Bento da Cruz, Porto Novo&nbsp;<\/p>\n\n\n\n<p>66 \u2013 USF Alberto Constantino Farah, Mutu\u00e1<\/p>\n\n\n\n<p><em>Foto: Julio Diniz<\/em><\/p>\n\n\n\n<p><strong><em>S\u00e3o Gon\u00e7alo vai mudar: Not\u00edcias de S\u00e3o Gon\u00e7alo e toda regi\u00e3o.<\/em><\/strong><\/p>\n\n\n\n<figure class=\"wp-block-video\"><video height=\"1280\" style=\"aspect-ratio: 720 \/ 1280;\" width=\"720\" controls src=\"https:\/\/sgvaimudar.com.br\/wp-content\/uploads\/2026\/01\/NoticiaUrgete.logoSGVM.mp4\"><\/video><\/figure>\n","protected":false},"excerpt":{"rendered":"<p>Moradores a partir de 12 anos podem receber o imunizante A Secretaria de Sa\u00fade da Prefeitura de S\u00e3o Gon\u00e7alo vai&hellip;<\/p>\n","protected":false},"author":5,"featured_media":36303,"comment_status":"closed","ping_status":"open","sticky":false,"template":"","format":"standard","meta":{"fifu_image_url":"https:\/\/sgvaimudar.com.br\/wp-content\/uploads\/2025\/04\/Entrega-de-Obras-Reforma-Ampliacao-USF-Irma-Dulce-Trindade-24-01-2023-Foto-Luiz-Carvalho-15.jpg","fifu_image_alt":"","footnotes":""},"categories":[7],"tags":[1125,1219,1185,47,75,51,1049],"class_list":["post-36301","post","type-post","status-publish","format-standard","has-post-thumbnail","hentry","category-saude","tag-covid","tag-imunizante","tag-postos","tag-rj","tag-sao-goncalo","tag-saude","tag-vacinacao"],"_links":{"self":[{"href":"https:\/\/sgvaimudar.com.br\/index.php\/wp-json\/wp\/v2\/posts\/36301","targetHints":{"allow":["GET"]}}],"collection":[{"href":"https:\/\/sgvaimudar.com.br\/index.php\/wp-json\/wp\/v2\/posts"}],"about":[{"href":"https:\/\/sgvaimudar.com.br\/index.php\/wp-json\/wp\/v2\/types\/post"}],"author":[{"embeddable":true,"href":"https:\/\/sgvaimudar.com.br\/index.php\/wp-json\/wp\/v2\/users\/5"}],"replies":[{"embeddable":true,"href":"https:\/\/sgvaimudar.com.br\/index.php\/wp-json\/wp\/v2\/comments?post=36301"}],"version-history":[{"count":1,"href":"https:\/\/sgvaimudar.com.br\/index.php\/wp-json\/wp\/v2\/posts\/36301\/revisions"}],"predecessor-version":[{"id":36302,"href":"https:\/\/sgvaimudar.com.br\/index.php\/wp-json\/wp\/v2\/posts\/36301\/revisions\/36302"}],"wp:featuredmedia":[{"embeddable":true,"href":"https:\/\/sgvaimudar.com.br\/index.php\/wp-json\/wp\/v2\/media\/36303"}],"wp:attachment":[{"href":"https:\/\/sgvaimudar.com.br\/index.php\/wp-json\/wp\/v2\/media?parent=36301"}],"wp:term":[{"taxonomy":"category","embeddable":true,"href":"https:\/\/sgvaimudar.com.br\/index.php\/wp-json\/wp\/v2\/categories?post=36301"},{"taxonomy":"post_tag","embeddable":true,"href":"https:\/\/sgvaimudar.com.br\/index.php\/wp-json\/wp\/v2\/tags?post=36301"}],"curies":[{"name":"wp","href":"https:\/\/api.w.org\/{rel}","templated":true}]}}