{"id":36291,"date":"2026-01-16T17:00:00","date_gmt":"2026-01-16T20:00:00","guid":{"rendered":"https:\/\/sgvaimudar.com.br\/?p=36291"},"modified":"2026-01-16T11:09:02","modified_gmt":"2026-01-16T14:09:02","slug":"diretores-de-escolas-participam-de-dois-dias-de-capacitacao-e-cuidados-promovidos-pela-educacao","status":"publish","type":"post","link":"https:\/\/sgvaimudar.com.br\/index.php\/2026\/01\/16\/diretores-de-escolas-participam-de-dois-dias-de-capacitacao-e-cuidados-promovidos-pela-educacao\/","title":{"rendered":"Diretores de escolas participam de dois dias de capacita\u00e7\u00e3o e cuidados promovidos pela Educa\u00e7\u00e3o"},"content":{"rendered":"\n<p><em>Jornada de Gest\u00e3o Escolar incluiu oferta de servi\u00e7os de sa\u00fade<\/em><\/p>\n\n\n\n<p>A Subsecretaria de A\u00e7\u00f5es Pedag\u00f3gicas da Secretaria de Educa\u00e7\u00e3o da Prefeitura de S\u00e3o Gon\u00e7alo promoveu a \u201cI Jornada de Gest\u00e3o Escolar: Tecendo Saberes Cultivando Futuros\u201d, em dois dias de conte\u00fado e autocuidado com os diretores da rede municipal, no CIEP 438 Rubens Mauricio da Silva Abreu, no Galo Branco. Nesta quinta-feira (15), eles plantaram oito pitangueiras, simbolizando os oito polos da rede.<\/p>\n\n\n\n<p>Mais do que um momento t\u00e9cnico, o evento representou cuidado, escuta e investimento nas pessoas que fazem a educa\u00e7\u00e3o acontecer. A a\u00e7\u00e3o foi realizada pela Subsecretaria de A\u00e7\u00f5es Pedag\u00f3gicas, junto com o Centro Municipal de Forma\u00e7\u00e3o Continuada Prefeito Hairson Monteiro dos Santos (Crefcon), a Subsecretaria de Infraestrutura e a Subsecretaria de Alimenta\u00e7\u00e3o Escolar.<\/p>\n\n\n\n<figure class=\"wp-block-image size-full\"><img fetchpriority=\"high\" decoding=\"async\" width=\"1024\" height=\"683\" src=\"https:\/\/sgvaimudar.com.br\/wp-content\/uploads\/2026\/01\/unnamed-9-2.jpg\" alt=\"\" class=\"wp-image-36292\" srcset=\"https:\/\/sgvaimudar.com.br\/wp-content\/uploads\/2026\/01\/unnamed-9-2.jpg 1024w, https:\/\/sgvaimudar.com.br\/wp-content\/uploads\/2026\/01\/unnamed-9-2-300x200.jpg 300w, https:\/\/sgvaimudar.com.br\/wp-content\/uploads\/2026\/01\/unnamed-9-2-768x512.jpg 768w\" sizes=\"(max-width: 1024px) 100vw, 1024px\" \/><\/figure>\n\n\n\n<p>\u201cForam cinco col\u00f3quios por dia e tr\u00eas salas de autocuidado, em parceria com a Funda\u00e7\u00e3o de Assist\u00eancia \u00e0 Sa\u00fade dos Servidores de S\u00e3o Gon\u00e7alo (Funasg), a Secretaria de Sa\u00fade e Defesa Civil e a ONG&nbsp;Macadeski em A\u00e7\u00e3o. Precisamos fortalecer o compromisso com a educa\u00e7\u00e3o p\u00fablica, inspirar os diretores a fazer seus planejamentos com mais intencionalidade, objetivos, sempre pensando em impactar de forma positiva a vida dos alunos\u201d, afirmou a subsecret\u00e1ria de A\u00e7\u00f5es Pedag\u00f3gicas, Eliane Melo.<\/p>\n\n\n\n<p>Cada sala, um col\u00f3quio diferente. Assim, a diretora da Escola Municipal Professora Aurelina Dias Cavalcanti, que fica no bairro Amendoeira, B\u00e1rbara Rios, se sentiu inspirada com a forma\u00e7\u00e3o. Entre os temas, gest\u00e3o escolar na constru\u00e7\u00e3o de uma educa\u00e7\u00e3o, gest\u00e3o respons\u00e1vel, prote\u00e7\u00e3o escolar como compromisso \u00e9tico de gest\u00e3o, entre outros.<\/p>\n\n\n\n<p>\u201cA l Jornada de Gest\u00e3o Escolar me trouxe uma certeza renovada de que estamos juntos com uma equipe que acredita que a educa\u00e7\u00e3o \u00e9 fundamental para a transforma\u00e7\u00e3o social e pol\u00edtica de um pa\u00eds. Com toda excel\u00eancia, empatia e acolhimento esses dois dias de forma\u00e7\u00e3o me fortaleceram e me fizeram acreditar que estamos plantando com muita seriedade, todos os dias, uma educa\u00e7\u00e3o p\u00fablica de S\u00e3o Gon\u00e7alo com qualidade\u201d, disse.<\/p>\n\n\n\n<p><em>Foto: Fabio Guimar\u00e3es<\/em><\/p>\n\n\n\n<p><strong><em>S\u00e3o Gon\u00e7alo vai mudar: Not\u00edcias de S\u00e3o Gon\u00e7alo e toda regi\u00e3o.<\/em><\/strong><\/p>\n\n\n\n<figure class=\"wp-block-video\"><video height=\"1280\" style=\"aspect-ratio: 720 \/ 1280;\" width=\"720\" controls src=\"https:\/\/sgvaimudar.com.br\/wp-content\/uploads\/2026\/01\/logo2026.mp4\"><\/video><\/figure>\n","protected":false},"excerpt":{"rendered":"<p>Jornada de Gest\u00e3o Escolar incluiu oferta de servi\u00e7os de sa\u00fade A Subsecretaria de A\u00e7\u00f5es Pedag\u00f3gicas da Secretaria de Educa\u00e7\u00e3o da&hellip;<\/p>\n","protected":false},"author":5,"featured_media":36295,"comment_status":"closed","ping_status":"open","sticky":false,"template":"","format":"standard","meta":{"fifu_image_url":"https:\/\/sgvaimudar.com.br\/wp-content\/uploads\/2026\/01\/unnamed-8-2.jpg","fifu_image_alt":"","footnotes":""},"categories":[3],"tags":[251,1199,1216,250,47,75],"class_list":["post-36291","post","type-post","status-publish","format-standard","has-post-thumbnail","hentry","category-sao-goncalo","tag-capacitacao","tag-diretores","tag-dois-dias","tag-educacao","tag-rj","tag-sao-goncalo"],"_links":{"self":[{"href":"https:\/\/sgvaimudar.com.br\/index.php\/wp-json\/wp\/v2\/posts\/36291","targetHints":{"allow":["GET"]}}],"collection":[{"href":"https:\/\/sgvaimudar.com.br\/index.php\/wp-json\/wp\/v2\/posts"}],"about":[{"href":"https:\/\/sgvaimudar.com.br\/index.php\/wp-json\/wp\/v2\/types\/post"}],"author":[{"embeddable":true,"href":"https:\/\/sgvaimudar.com.br\/index.php\/wp-json\/wp\/v2\/users\/5"}],"replies":[{"embeddable":true,"href":"https:\/\/sgvaimudar.com.br\/index.php\/wp-json\/wp\/v2\/comments?post=36291"}],"version-history":[{"count":1,"href":"https:\/\/sgvaimudar.com.br\/index.php\/wp-json\/wp\/v2\/posts\/36291\/revisions"}],"predecessor-version":[{"id":36294,"href":"https:\/\/sgvaimudar.com.br\/index.php\/wp-json\/wp\/v2\/posts\/36291\/revisions\/36294"}],"wp:featuredmedia":[{"embeddable":true,"href":"https:\/\/sgvaimudar.com.br\/index.php\/wp-json\/wp\/v2\/media\/36295"}],"wp:attachment":[{"href":"https:\/\/sgvaimudar.com.br\/index.php\/wp-json\/wp\/v2\/media?parent=36291"}],"wp:term":[{"taxonomy":"category","embeddable":true,"href":"https:\/\/sgvaimudar.com.br\/index.php\/wp-json\/wp\/v2\/categories?post=36291"},{"taxonomy":"post_tag","embeddable":true,"href":"https:\/\/sgvaimudar.com.br\/index.php\/wp-json\/wp\/v2\/tags?post=36291"}],"curies":[{"name":"wp","href":"https:\/\/api.w.org\/{rel}","templated":true}]}}