{"id":36284,"date":"2026-01-16T13:00:00","date_gmt":"2026-01-16T16:00:00","guid":{"rendered":"https:\/\/sgvaimudar.com.br\/?p=36284"},"modified":"2026-01-16T10:49:18","modified_gmt":"2026-01-16T13:49:18","slug":"educacao-libera-resultado-da-pre-matricula-para-novos-alunos","status":"publish","type":"post","link":"https:\/\/sgvaimudar.com.br\/index.php\/2026\/01\/16\/educacao-libera-resultado-da-pre-matricula-para-novos-alunos\/","title":{"rendered":"Educa\u00e7\u00e3o libera resultado da pr\u00e9-matr\u00edcula para novos alunos"},"content":{"rendered":"\n<p><em>Efetiva\u00e7\u00e3o para garantir vaga acontece entre os dias 19 e 23 deste m\u00eas<\/em><\/p>\n\n\n\n<p>Para quem se inscreveu na pr\u00e9-matr\u00edcula das escolas municipais de S\u00e3o Gon\u00e7alo, o resultado j\u00e1 est\u00e1 dispon\u00edvel no site&nbsp;<a href=\"https:\/\/click.cse360.com.br\/Click\/AddCampaignEmailClick\/51282dbf-6355-444a-d6d0-08de327bb5df\/https%253a%252f%252fprematricula.saogoncalo.educacaomais.com.br%252f\/ac66966e-2b55-4484-fb2c-08dc491eed5f\/jornalistaws@gmail.com\/False\" rel=\"noreferrer noopener\" target=\"_blank\">https:\/\/prematricula.saogoncalo.educacaomais.com.br<\/a>. Os novos alunos, incluindo os da modalidade Educa\u00e7\u00e3o de Jovens e Adultos (EJA), devem efetivar a matr\u00edcula no per\u00edodo de 19 a 23 de janeiro, direto na unidade escolar. A partir de 30 de janeiro, a lista de espera estar\u00e1 dispon\u00edvel no site&nbsp;<a href=\"https:\/\/click.cse360.com.br\/Click\/AddCampaignEmailClick\/51282dbf-6355-444a-d6d0-08de327bb5df\/https%253a%252f%252fwww.saogoncalo.rj.gov.br%252f\/ac66966e-2b55-4484-fb2c-08dc491eed5f\/jornalistaws@gmail.com\/False\" rel=\"noreferrer noopener\" target=\"_blank\">https:\/\/www.saogoncalo.rj.gov.br\/<\/a>&nbsp;e as vagas ainda existentes ser\u00e3o disponibilizadas no site&nbsp;<a href=\"https:\/\/click.cse360.com.br\/Click\/AddCampaignEmailClick\/51282dbf-6355-444a-d6d0-08de327bb5df\/https%253a%252f%252fprematricula.saogoncalo.educacaomais.com.br%252f\/ac66966e-2b55-4484-fb2c-08dc491eed5f\/jornalistaws@gmail.com\/False\" rel=\"noreferrer noopener\" target=\"_blank\">https:\/\/prematricula.saogoncalo.educacaomais.com.br<\/a>.<\/p>\n\n\n\n<p>O candidato que n\u00e3o for contemplado entrar\u00e1, automaticamente, na lista de espera das tr\u00eas op\u00e7\u00f5es de escola escolhidas na pr\u00e9-matr\u00edcula. A posi\u00e7\u00e3o na fila ser\u00e1 definida pela data e hora da inscri\u00e7\u00e3o, assegurando a ordem cronol\u00f3gica das solicita\u00e7\u00f5es. Al\u00e9m disso, ser\u00e1 mantida a prioridade na convoca\u00e7\u00e3o dos alunos com defici\u00eancia (PCDs).<\/p>\n\n\n\n<p>No ato da matr\u00edcula, os contemplados dever\u00e3o apresentar original e c\u00f3pia dos seguintes documentos:<\/p>\n\n\n\n<p>&nbsp;I \u2013 Certid\u00e3o de Nascimento do estudante;<\/p>\n\n\n\n<p>II \u2013 2 fotos 3\u00d74;<\/p>\n\n\n\n<p>III \u2013 Hist\u00f3rico escolar ou protocolo de transfer\u00eancia, constando o ano escolar para qual o estudante est\u00e1 habilitado (quando se aplica);<\/p>\n\n\n\n<p>IV \u2013 Comprovante de resid\u00eancia com CEP;<\/p>\n\n\n\n<p>V \u2013 Carteira de vacina\u00e7\u00e3o com fator R.H. e grupo sangu\u00edneo;<\/p>\n\n\n\n<p>VI- Carteira de identidade (RG) e CPF do estudante;<\/p>\n\n\n\n<p>VII- Carteira de identidade (RG) e CPF do respons\u00e1vel;<\/p>\n\n\n\n<p>VIII- Cart\u00e3o Nacional de sa\u00fade (SUS) e NIS com numera\u00e7\u00e3o do estudante;<\/p>\n\n\n\n<p><em>Foto: Fabio Guimar\u00e3es<\/em><\/p>\n\n\n\n<p><strong><em>S\u00e3o Gon\u00e7alo vai mudar: Not\u00edcias de S\u00e3o Gon\u00e7alo e toda regi\u00e3o.<\/em><\/strong><\/p>\n\n\n\n<figure class=\"wp-block-video\"><video height=\"1280\" style=\"aspect-ratio: 720 \/ 1280;\" width=\"720\" controls src=\"https:\/\/sgvaimudar.com.br\/wp-content\/uploads\/2026\/01\/NoticiaUrgete.logoSGVM.mp4\"><\/video><\/figure>\n","protected":false},"excerpt":{"rendered":"<p>Efetiva\u00e7\u00e3o para garantir vaga acontece entre os dias 19 e 23 deste m\u00eas Para quem se inscreveu na pr\u00e9-matr\u00edcula das&hellip;<\/p>\n","protected":false},"author":5,"featured_media":36286,"comment_status":"closed","ping_status":"open","sticky":false,"template":"","format":"standard","meta":{"fifu_image_url":"https:\/\/sgvaimudar.com.br\/wp-content\/uploads\/2025\/12\/SecretariaMunicipalEducacao-DivulgacaoPMSG.jpg","fifu_image_alt":"","footnotes":""},"categories":[3],"tags":[278,250,568,616,47,75],"class_list":["post-36284","post","type-post","status-publish","format-standard","has-post-thumbnail","hentry","category-sao-goncalo","tag-alunos","tag-educacao","tag-novos","tag-pre-matricula","tag-rj","tag-sao-goncalo"],"_links":{"self":[{"href":"https:\/\/sgvaimudar.com.br\/index.php\/wp-json\/wp\/v2\/posts\/36284","targetHints":{"allow":["GET"]}}],"collection":[{"href":"https:\/\/sgvaimudar.com.br\/index.php\/wp-json\/wp\/v2\/posts"}],"about":[{"href":"https:\/\/sgvaimudar.com.br\/index.php\/wp-json\/wp\/v2\/types\/post"}],"author":[{"embeddable":true,"href":"https:\/\/sgvaimudar.com.br\/index.php\/wp-json\/wp\/v2\/users\/5"}],"replies":[{"embeddable":true,"href":"https:\/\/sgvaimudar.com.br\/index.php\/wp-json\/wp\/v2\/comments?post=36284"}],"version-history":[{"count":1,"href":"https:\/\/sgvaimudar.com.br\/index.php\/wp-json\/wp\/v2\/posts\/36284\/revisions"}],"predecessor-version":[{"id":36285,"href":"https:\/\/sgvaimudar.com.br\/index.php\/wp-json\/wp\/v2\/posts\/36284\/revisions\/36285"}],"wp:featuredmedia":[{"embeddable":true,"href":"https:\/\/sgvaimudar.com.br\/index.php\/wp-json\/wp\/v2\/media\/36286"}],"wp:attachment":[{"href":"https:\/\/sgvaimudar.com.br\/index.php\/wp-json\/wp\/v2\/media?parent=36284"}],"wp:term":[{"taxonomy":"category","embeddable":true,"href":"https:\/\/sgvaimudar.com.br\/index.php\/wp-json\/wp\/v2\/categories?post=36284"},{"taxonomy":"post_tag","embeddable":true,"href":"https:\/\/sgvaimudar.com.br\/index.php\/wp-json\/wp\/v2\/tags?post=36284"}],"curies":[{"name":"wp","href":"https:\/\/api.w.org\/{rel}","templated":true}]}}