{"id":36275,"date":"2026-01-16T10:40:39","date_gmt":"2026-01-16T13:40:39","guid":{"rendered":"https:\/\/sgvaimudar.com.br\/?p=36275"},"modified":"2026-01-16T10:40:39","modified_gmt":"2026-01-16T13:40:39","slug":"goncalenses-vao-se-encontrar-em-evento-de-combate-a-intolerancia-religiosa","status":"publish","type":"post","link":"https:\/\/sgvaimudar.com.br\/index.php\/2026\/01\/16\/goncalenses-vao-se-encontrar-em-evento-de-combate-a-intolerancia-religiosa\/","title":{"rendered":"Gon\u00e7alenses v\u00e3o se encontrar em  evento de combate \u00e0 intoler\u00e2ncia religiosa"},"content":{"rendered":"\n<p><em>Encontro, que acontece no pr\u00f3ximo dia 21, no audit\u00f3rio da OAB, est\u00e1 com inscri\u00e7\u00f5es abertas<\/em><\/p>\n\n\n\n<p>A Coordenadoria de Assuntos Religiosos da Secretaria de Assist\u00eancia Social da Prefeitura de S\u00e3o Gon\u00e7alo vai realizar a 4\u00aa edi\u00e7\u00e3o do evento S\u00e3o Gon\u00e7alo Segue em F\u00e9, contra o preconceito e a intoler\u00e2ncia religiosa, na pr\u00f3xima quarta-feira (21), no bairro Z\u00e9 Garoto.<\/p>\n\n\n\n<p>O encontro vai acontecer das 16h \u00e0s 19h, no audit\u00f3rio da OAB \u2013 S\u00e3o Gon\u00e7alo e vai promover a palestra \u201cOs desafios da rela\u00e7\u00e3o inter-religiosa no s\u00e9culo XXI\u201d.\u00a0<\/p>\n\n\n\n<figure class=\"wp-block-image size-large\"><img fetchpriority=\"high\" decoding=\"async\" width=\"819\" height=\"1024\" src=\"https:\/\/sgvaimudar.com.br\/wp-content\/uploads\/2026\/01\/unnamed-6-5-819x1024.jpg\" alt=\"\" class=\"wp-image-36276\" srcset=\"https:\/\/sgvaimudar.com.br\/wp-content\/uploads\/2026\/01\/unnamed-6-5-819x1024.jpg 819w, https:\/\/sgvaimudar.com.br\/wp-content\/uploads\/2026\/01\/unnamed-6-5-240x300.jpg 240w, https:\/\/sgvaimudar.com.br\/wp-content\/uploads\/2026\/01\/unnamed-6-5-768x960.jpg 768w, https:\/\/sgvaimudar.com.br\/wp-content\/uploads\/2026\/01\/unnamed-6-5.jpg 1081w\" sizes=\"(max-width: 819px) 100vw, 819px\" \/><\/figure>\n\n\n\n<p>O objetivo \u00e9 promover o di\u00e1logo inter-religioso e fortalecer a conviv\u00eancia pac\u00edfica no munic\u00edpio, reunindo lideran\u00e7as e representantes de diferentes tradi\u00e7\u00f5es de f\u00e9 para uma tarde de troca, reflex\u00e3o e constru\u00e7\u00e3o conjunta.<\/p>\n\n\n\n<p>Os interessados em participar do encontro devem realizar a inscri\u00e7\u00e3o atrav\u00e9s do link:\u00a0\u00a0<a rel=\"noreferrer noopener\" href=\"https:\/\/click.cse360.com.br\/Click\/AddCampaignEmailClick\/4a93ee7d-44f0-438b-3379-08de327acb91\/https%253a%252f%252fdocs.google.com%252fforms%252fd%252fe%252f1FAIpQLScCT6lioh0DFSXan7Loa_cMl0V4zFl3QkSAU64XtvlglZhqvQ%252fviewform%253fusp%253dheader\/ac66966e-2b55-4484-fb2c-08dc491eed5f\/jornalistaws@gmail.com\/False\" target=\"_blank\">https:\/\/docs.google.com\/forms\/d\/e\/1FAIpQLScCT6lioh0DFSXan7Loa_cMl0V4zFl3QkSAU64XtvlglZhqvQ\/viewform?usp=header<\/a>.<\/p>\n\n\n\n<p><strong><em>S\u00e3o Gon\u00e7alo vai mudar: Not\u00edcias de S\u00e3o Gon\u00e7alo e toda regi\u00e3o.<\/em><\/strong><\/p>\n\n\n\n<figure class=\"wp-block-video\"><video height=\"1280\" style=\"aspect-ratio: 720 \/ 1280;\" width=\"720\" controls src=\"https:\/\/sgvaimudar.com.br\/wp-content\/uploads\/2026\/01\/logo2026.mp4\"><\/video><\/figure>\n","protected":false},"excerpt":{"rendered":"<p>Encontro, que acontece no pr\u00f3ximo dia 21, no audit\u00f3rio da OAB, est\u00e1 com inscri\u00e7\u00f5es abertas A Coordenadoria de Assuntos Religiosos&hellip;<\/p>\n","protected":false},"author":5,"featured_media":36279,"comment_status":"closed","ping_status":"open","sticky":false,"template":"","format":"standard","meta":{"fifu_image_url":"https:\/\/sgvaimudar.com.br\/wp-content\/uploads\/2026\/01\/SnapInsta.to_601173611_18497096011073896_612670526300242866_n.jpg","fifu_image_alt":"","footnotes":""},"categories":[3],"tags":[1215,47,75],"class_list":["post-36275","post","type-post","status-publish","format-standard","has-post-thumbnail","hentry","category-sao-goncalo","tag-oab","tag-rj","tag-sao-goncalo"],"_links":{"self":[{"href":"https:\/\/sgvaimudar.com.br\/index.php\/wp-json\/wp\/v2\/posts\/36275","targetHints":{"allow":["GET"]}}],"collection":[{"href":"https:\/\/sgvaimudar.com.br\/index.php\/wp-json\/wp\/v2\/posts"}],"about":[{"href":"https:\/\/sgvaimudar.com.br\/index.php\/wp-json\/wp\/v2\/types\/post"}],"author":[{"embeddable":true,"href":"https:\/\/sgvaimudar.com.br\/index.php\/wp-json\/wp\/v2\/users\/5"}],"replies":[{"embeddable":true,"href":"https:\/\/sgvaimudar.com.br\/index.php\/wp-json\/wp\/v2\/comments?post=36275"}],"version-history":[{"count":1,"href":"https:\/\/sgvaimudar.com.br\/index.php\/wp-json\/wp\/v2\/posts\/36275\/revisions"}],"predecessor-version":[{"id":36278,"href":"https:\/\/sgvaimudar.com.br\/index.php\/wp-json\/wp\/v2\/posts\/36275\/revisions\/36278"}],"wp:featuredmedia":[{"embeddable":true,"href":"https:\/\/sgvaimudar.com.br\/index.php\/wp-json\/wp\/v2\/media\/36279"}],"wp:attachment":[{"href":"https:\/\/sgvaimudar.com.br\/index.php\/wp-json\/wp\/v2\/media?parent=36275"}],"wp:term":[{"taxonomy":"category","embeddable":true,"href":"https:\/\/sgvaimudar.com.br\/index.php\/wp-json\/wp\/v2\/categories?post=36275"},{"taxonomy":"post_tag","embeddable":true,"href":"https:\/\/sgvaimudar.com.br\/index.php\/wp-json\/wp\/v2\/tags?post=36275"}],"curies":[{"name":"wp","href":"https:\/\/api.w.org\/{rel}","templated":true}]}}