{"id":36271,"date":"2026-01-16T10:16:22","date_gmt":"2026-01-16T13:16:22","guid":{"rendered":"https:\/\/sgvaimudar.com.br\/?p=36271"},"modified":"2026-01-16T10:21:23","modified_gmt":"2026-01-16T13:21:23","slug":"rio-registra-em-2025-a-maior-apreensao-de-fuzis-da-historia-aponta-isp","status":"publish","type":"post","link":"https:\/\/sgvaimudar.com.br\/index.php\/2026\/01\/16\/rio-registra-em-2025-a-maior-apreensao-de-fuzis-da-historia-aponta-isp\/","title":{"rendered":"Rio registra em 2025 a maior apreens\u00e3o de fuzis da hist\u00f3ria, aponta ISP"},"content":{"rendered":"\n<p><em>Roubos de ve\u00edculos, rua e carga t\u00eam queda e refor\u00e7am avan\u00e7o da seguran\u00e7a<\/em><\/p>\n\n\n\n<p>Dados in\u00e9ditos divulgados pelo Instituto de Seguran\u00e7a P\u00fablica (ISP) mostram que as pol\u00edcias Civil e Militar apreenderam, em 2025, 920 fuzis &#8211; um aumento de 25,7% em rela\u00e7\u00e3o a 2024. Este \u00e9 o maior n\u00famero de apreens\u00f5es j\u00e1 registrado desde o in\u00edcio da s\u00e9rie hist\u00f3rica, em 2007. Em m\u00e9dia, 2 armas de longo alcance foram retiradas diariamente das m\u00e3os de criminosos.<\/p>\n\n\n\n<p>&#8211; &nbsp;Os investimentos em tecnologia e intelig\u00eancia, al\u00e9m das opera\u00e7\u00f5es integradas das pol\u00edcias Civil e Militar nos levaram a esse resultado. \u00c9 impressionante que em um estado que n\u00e3o produz fuzis sejam apreendidas tantas armas de guerra. Sigo reafirmando que precisamos da colabora\u00e7\u00e3o de outros entes na fiscaliza\u00e7\u00e3o das fronteiras e de uma legisla\u00e7\u00e3o mais r\u00edgida &#8211; ressaltou o governador Cl\u00e1udio Castro.<\/p>\n\n\n\n<p>O avan\u00e7o nas a\u00e7\u00f5es de seguran\u00e7a tamb\u00e9m resultou na redu\u00e7\u00e3o dos principais crimes contra o patrim\u00f4nio em 2025. O roubo de ve\u00edculos recuou 18,4% em compara\u00e7\u00e3o com o ano anterior, com 25.239 ocorr\u00eancias no estado, contra 30.930 em 2024. Os roubos de rua ca\u00edram 2,7%, enquanto os roubos de carga diminu\u00edram 9,4%, alcan\u00e7ando o melhor resultado desde 2011.<\/p>\n\n\n\n<p>O latroc\u00ednio, roubo seguido de morte, diminuiu 22% em 2025, quando comparado com 2024. \u00c9 importante destacar que, no \u00faltimo m\u00eas do ano, outros crimes contra a vida tamb\u00e9m apresentaram resultados positivos e importantes no estado. A letalidade violenta recuou 8,1% em dezembro de 2025 e os homic\u00eddios dolosos 11,7%, registrando o menor n\u00famero de v\u00edtimas para dezembro nos \u00faltimos tr\u00eas anos.<\/p>\n\n\n\n<p>As pol\u00edcias Civil e Militar encerraram 2025 com a produtividade policial em alta: foram apreendidas mais de 16 armas de fogo por dia, totalizando 6.113 no ano; 42.295 pessoas foram presas em flagrante, ou 116 por dia; 17.406 ve\u00edculos roubados foram recuperados; e 25.831 registros de apreens\u00f5es de drogas foram confeccionados, 70,8 por dia, o maior acumulado desde 2015.<\/p>\n\n\n\n<p>&#8211; &nbsp;O aumento da apreens\u00e3o de fuzis e a redu\u00e7\u00e3o dos crimes contra o patrim\u00f4nio confirma a efetividade das estrat\u00e9gias de enfrentamento \u00e0 criminalidade, com base em Intelig\u00eancia, an\u00e1lise de dados e evid\u00eancias, al\u00e9m da integra\u00e7\u00e3o entre as corpora\u00e7\u00f5es \u2014 destacou a diretora-presidente do ISP, Marcela Ortiz.<\/p>\n\n\n\n<p><strong>Resumo dos indicadores:<br><\/strong><br><strong>Letalidade violenta:<\/strong>&nbsp;340 mortes em dezembro de 2025, queda de 8,1% em rela\u00e7\u00e3o a dezembro de 2024, quando houve 370 v\u00edtimas. Este \u00e9 o menor dezembro desde 2023.<\/p>\n\n\n\n<p><strong>Homic\u00eddio doloso:&nbsp;<\/strong>271 mortes em dezembro de 2025. Queda de 11,7% em compara\u00e7\u00e3o ao mesmo per\u00edodo de 2024, que registrou 307 mortes. &nbsp;<\/p>\n\n\n\n<p><strong>Recupera\u00e7\u00e3o de ve\u00edculos:&nbsp;<\/strong>17.406 ve\u00edculos recuperados em 2025, m\u00e9dia de 47,7 por dia.<\/p>\n\n\n\n<p><strong>Armas apreendidas:&nbsp;<\/strong>6.113 apreens\u00f5es em 12 meses, m\u00e9dia de 16,7 por dia.<br><strong><br>Fuzis apreendidos:&nbsp;<\/strong>920 fuzis apreendidos de janeiro a dezembro de 2025, m\u00e9dia de 2,5 por dia. Aumento de 25,7% em rela\u00e7\u00e3o ao acumulado de 2024 (732).<\/p>\n\n\n\n<p><strong>Pris\u00f5es em flagrante:<\/strong>&nbsp;42.295 pris\u00f5es em flagrante em 2025, uma m\u00e9dia de 116 por dia.<br><strong><br>Apreens\u00e3o de drogas:<\/strong>&nbsp;25.831 registros de apreens\u00f5es no \u00faltimo ano, crescimento de 7,9% em rela\u00e7\u00e3o a 2024. Uma m\u00e9dia de 70,8 registros por dia.<\/p>\n\n\n\n<p><strong>Roubo de ve\u00edculo:<\/strong>&nbsp;25.239 registros em 2025. A queda foi de 18,4% em compara\u00e7\u00e3o ao mesmo per\u00edodo de 2024 (30.930).<\/p>\n\n\n\n<p><strong>Roubo de rua:<\/strong>&nbsp;56.937 registros em 2025. Queda de 2,7% em rela\u00e7\u00e3o a 2024 (58.521). Este \u00e9 o menor acumulado desde 2023. &nbsp;<\/p>\n\n\n\n<p><strong>Roubo de carga:&nbsp;<\/strong>3.114 registros em 2025, queda de 9,4% em compara\u00e7\u00e3o a 2024 (3.437). &nbsp;<\/p>\n\n\n\n<p>Os dados divulgados pelo Instituto de Seguran\u00e7a P\u00fablica s\u00e3o referentes aos Registros de Ocorr\u00eancia (RO) lavrados nas delegacias de Pol\u00edcia Civil do Estado do Rio de Janeiro durante o m\u00eas de dezembro.<\/p>\n\n\n\n<p><strong><em>Fa\u00e7a sua den\u00fancia pelo nosso WhatsApp: (21) <\/em><\/strong><strong><em>99744 5345<\/em><\/strong><strong><em><\/em><\/strong><\/p>\n\n\n\n<p><strong><em>S\u00e3o Gon\u00e7alo vai mudar: Not\u00edcias de S\u00e3o Gon\u00e7alo e toda regi\u00e3o.<\/em><\/strong><\/p>\n\n\n\n<figure class=\"wp-block-video\"><video height=\"1280\" style=\"aspect-ratio: 720 \/ 1280;\" width=\"720\" controls src=\"https:\/\/sgvaimudar.com.br\/wp-content\/uploads\/2026\/01\/logo2026.mp4\"><\/video><\/figure>\n","protected":false},"excerpt":{"rendered":"<p>Roubos de ve\u00edculos, rua e carga t\u00eam queda e refor\u00e7am avan\u00e7o da seguran\u00e7a Dados in\u00e9ditos divulgados pelo Instituto de Seguran\u00e7a&hellip;<\/p>\n","protected":false},"author":5,"featured_media":36273,"comment_status":"closed","ping_status":"open","sticky":false,"template":"","format":"standard","meta":{"fifu_image_url":"https:\/\/sgvaimudar.com.br\/wp-content\/uploads\/2024\/08\/Premiacao-apreensao-fuzis_Fotos-Rafael-Campos-53-scaled.jpg","fifu_image_alt":"","footnotes":""},"categories":[32],"tags":[841,206,39,41,337,767,40,1214,47],"class_list":["post-36271","post","type-post","status-publish","format-standard","has-post-thumbnail","hentry","category-casos-de-policia","tag-841","tag-apreensao","tag-ataque","tag-conflito","tag-dados","tag-fuzis","tag-guerra","tag-isp","tag-rj"],"_links":{"self":[{"href":"https:\/\/sgvaimudar.com.br\/index.php\/wp-json\/wp\/v2\/posts\/36271","targetHints":{"allow":["GET"]}}],"collection":[{"href":"https:\/\/sgvaimudar.com.br\/index.php\/wp-json\/wp\/v2\/posts"}],"about":[{"href":"https:\/\/sgvaimudar.com.br\/index.php\/wp-json\/wp\/v2\/types\/post"}],"author":[{"embeddable":true,"href":"https:\/\/sgvaimudar.com.br\/index.php\/wp-json\/wp\/v2\/users\/5"}],"replies":[{"embeddable":true,"href":"https:\/\/sgvaimudar.com.br\/index.php\/wp-json\/wp\/v2\/comments?post=36271"}],"version-history":[{"count":1,"href":"https:\/\/sgvaimudar.com.br\/index.php\/wp-json\/wp\/v2\/posts\/36271\/revisions"}],"predecessor-version":[{"id":36272,"href":"https:\/\/sgvaimudar.com.br\/index.php\/wp-json\/wp\/v2\/posts\/36271\/revisions\/36272"}],"wp:featuredmedia":[{"embeddable":true,"href":"https:\/\/sgvaimudar.com.br\/index.php\/wp-json\/wp\/v2\/media\/36273"}],"wp:attachment":[{"href":"https:\/\/sgvaimudar.com.br\/index.php\/wp-json\/wp\/v2\/media?parent=36271"}],"wp:term":[{"taxonomy":"category","embeddable":true,"href":"https:\/\/sgvaimudar.com.br\/index.php\/wp-json\/wp\/v2\/categories?post=36271"},{"taxonomy":"post_tag","embeddable":true,"href":"https:\/\/sgvaimudar.com.br\/index.php\/wp-json\/wp\/v2\/tags?post=36271"}],"curies":[{"name":"wp","href":"https:\/\/api.w.org\/{rel}","templated":true}]}}