{"id":36264,"date":"2026-01-16T10:06:40","date_gmt":"2026-01-16T13:06:40","guid":{"rendered":"https:\/\/sgvaimudar.com.br\/?p=36264"},"modified":"2026-01-16T10:11:59","modified_gmt":"2026-01-16T13:11:59","slug":"ministro-dos-transportes-visita-obras-da-br-493-rj-ao-lado-do-prefeito-de-itaborai","status":"publish","type":"post","link":"https:\/\/sgvaimudar.com.br\/index.php\/2026\/01\/16\/ministro-dos-transportes-visita-obras-da-br-493-rj-ao-lado-do-prefeito-de-itaborai\/","title":{"rendered":"Ministro dos Transportes inspeciona obras da BR-493\/RJ acompanhado pelo prefeito de Itabora\u00ed"},"content":{"rendered":"\n<p><em>Maior obra de infraestrutura da hist\u00f3ria do Rio de Janeiro avan\u00e7a e transforma seguran\u00e7a vi\u00e1ria na regi\u00e3o de Itabora\u00ed e Mag\u00e9-Manilha<\/em><\/p>\n\n\n\n<figure class=\"wp-block-image size-large\"><img fetchpriority=\"high\" decoding=\"async\" width=\"1024\" height=\"797\" src=\"https:\/\/sgvaimudar.com.br\/wp-content\/uploads\/2026\/01\/Ministro-dos-Transportes-visita-obras-da-BR-493-ao-lado-do-prefeito-de-Itaborai-4-1024x797.jpeg\" alt=\"\" class=\"wp-image-36269\" srcset=\"https:\/\/sgvaimudar.com.br\/wp-content\/uploads\/2026\/01\/Ministro-dos-Transportes-visita-obras-da-BR-493-ao-lado-do-prefeito-de-Itaborai-4-1024x797.jpeg 1024w, https:\/\/sgvaimudar.com.br\/wp-content\/uploads\/2026\/01\/Ministro-dos-Transportes-visita-obras-da-BR-493-ao-lado-do-prefeito-de-Itaborai-4-300x233.jpeg 300w, https:\/\/sgvaimudar.com.br\/wp-content\/uploads\/2026\/01\/Ministro-dos-Transportes-visita-obras-da-BR-493-ao-lado-do-prefeito-de-Itaborai-4-768x598.jpeg 768w, https:\/\/sgvaimudar.com.br\/wp-content\/uploads\/2026\/01\/Ministro-dos-Transportes-visita-obras-da-BR-493-ao-lado-do-prefeito-de-Itaborai-4.jpeg 1280w\" sizes=\"(max-width: 1024px) 100vw, 1024px\" \/><\/figure>\n\n\n\n<p>O ministro dos Transportes, Renan Filho, visitou, nesta quinta-feira (15\/01), as obras de duplica\u00e7\u00e3o e amplia\u00e7\u00e3o da BR-493\/RJ, no trecho Mag\u00e9\u2013Manilha. A agenda foi acompanhada pelo prefeito de Itabora\u00ed, Marcelo Delaroli, al\u00e9m de representantes dos governos federal e estadual, parlamentares e diversas lideran\u00e7as municipais.<\/p>\n\n\n\n<p>A interven\u00e7\u00e3o, executada pela concession\u00e1ria Ecovias Rio Minas, integra o Novo PAC e \u00e9 considerada a maior obra de infraestrutura da hist\u00f3ria do estado do Rio de Janeiro. O projeto est\u00e1 promovendo uma transforma\u00e7\u00e3o profunda em um dos trechos mais perigosos da malha rodovi\u00e1ria fluminense, historicamente marcado por graves acidentes e registros de fatalidades.<\/p>\n\n\n\n<p>Durante a visita, o prefeito Marcelo Delaroli destacou a import\u00e2ncia da obra para o desenvolvimento econ\u00f4mico e para a seguran\u00e7a da popula\u00e7\u00e3o de Itabora\u00ed e de toda a regi\u00e3o.<\/p>\n\n\n\n<p>\u201cQuero agradecer em nome n\u00e3o s\u00f3 do povo de Itabora\u00ed, mas de toda a regi\u00e3o. Estamos vivendo novamente um momento de desenvolvimento, com a retomada do Comperj, em Boa Ventura, e essa obra \u00e9 fundamental para que esse crescimento aconte\u00e7a. Todos conhecem os problemas que enfrent\u00e1vamos aqui, principalmente em rela\u00e7\u00e3o aos acidentes. A duplica\u00e7\u00e3o da BR-493 vai trazer mais fluidez e, acima de tudo, mais seguran\u00e7a para nossa regi\u00e3o. Estamos acompanhando a execu\u00e7\u00e3o da al\u00e7a do Trevo de Manilha e, posteriormente, de todo o trevo, que ser\u00e1 uma grande interven\u00e7\u00e3o. Nossa regi\u00e3o s\u00f3 tem a agradecer ao Governo Federal por esse investimento t\u00e3o importante\u201d, destacou Marcelo Delaroli.<\/p>\n\n\n\n<p>O ministro dos Transportes, Renan Filho, ressaltou que a obra da BR-493 faz parte de um amplo conjunto de investimentos federais que reposicionam o Rio de Janeiro como prioridade nacional em infraestrutura rodovi\u00e1ria.<\/p>\n\n\n\n<p>\u201cO que estamos vendo aqui no Rio de Janeiro \u00e9 hist\u00f3rico. S\u00e3o quatro grandes obras estruturantes: a subida da Serra de Petr\u00f3polis, a Serra das Araras, a otimiza\u00e7\u00e3o da BR-101 Fluminense e o Arco Metropolitano do Rio de Janeiro, que \u00e9 essa BR-493 que estamos visitando hoje. S\u00e3o cerca de R$ 40 bilh\u00f5es em investimentos nos pr\u00f3ximos quatro anos, o maior volume da hist\u00f3ria do estado. Essa rodovia passou muito tempo andando devagar e agora avan\u00e7a rapidamente. Cada viaduto entregue significa mais seguran\u00e7a, preserva\u00e7\u00e3o de vidas e melhoria na vida das pessoas. Obra n\u00e3o \u00e9 apenas asfalto e concreto; obra \u00e9 redu\u00e7\u00e3o de tempo, mais qualidade de vida e desenvolvimento para toda essa regi\u00e3o\u201d, ressaltou o ministro.<\/p>\n\n\n\n<p>A duplica\u00e7\u00e3o da BR-493 vai eliminar cruzamentos em n\u00edvel, melhorar a fluidez do tr\u00e1fego, integrar munic\u00edpios e garantir mais seguran\u00e7a para motoristas e pedestres, impactando diretamente Itabora\u00ed e toda a Regi\u00e3o Metropolitana Leste Fluminense.<\/p>\n\n\n\n<p><strong><em>S\u00e3o Gon\u00e7alo vai mudar: Not\u00edcias de S\u00e3o Gon\u00e7alo e toda regi\u00e3o.<\/em><\/strong><\/p>\n\n\n\n<figure class=\"wp-block-video\"><video height=\"1280\" style=\"aspect-ratio: 720 \/ 1280;\" width=\"720\" controls src=\"https:\/\/sgvaimudar.com.br\/wp-content\/uploads\/2026\/01\/logo2026.mp4\"><\/video><\/figure>\n","protected":false},"excerpt":{"rendered":"<p>Maior obra de infraestrutura da hist\u00f3ria do Rio de Janeiro avan\u00e7a e transforma seguran\u00e7a vi\u00e1ria na regi\u00e3o de Itabora\u00ed e&hellip;<\/p>\n","protected":false},"author":5,"featured_media":36267,"comment_status":"closed","ping_status":"open","sticky":false,"template":"","format":"standard","meta":{"fifu_image_url":"https:\/\/sgvaimudar.com.br\/wp-content\/uploads\/2026\/01\/Ministro-dos-Transportes-visita-obras-da-BR-493-ao-lado-do-prefeito-de-Itaborai-3.jpeg","fifu_image_alt":"","footnotes":""},"categories":[4],"tags":[1212,1211,150,1210,1213,47,323],"class_list":["post-36264","post","type-post","status-publish","format-standard","has-post-thumbnail","hentry","category-brasil","tag-br","tag-duplicacao","tag-itaborai","tag-ministro","tag-pac","tag-rj","tag-transportes"],"_links":{"self":[{"href":"https:\/\/sgvaimudar.com.br\/index.php\/wp-json\/wp\/v2\/posts\/36264","targetHints":{"allow":["GET"]}}],"collection":[{"href":"https:\/\/sgvaimudar.com.br\/index.php\/wp-json\/wp\/v2\/posts"}],"about":[{"href":"https:\/\/sgvaimudar.com.br\/index.php\/wp-json\/wp\/v2\/types\/post"}],"author":[{"embeddable":true,"href":"https:\/\/sgvaimudar.com.br\/index.php\/wp-json\/wp\/v2\/users\/5"}],"replies":[{"embeddable":true,"href":"https:\/\/sgvaimudar.com.br\/index.php\/wp-json\/wp\/v2\/comments?post=36264"}],"version-history":[{"count":2,"href":"https:\/\/sgvaimudar.com.br\/index.php\/wp-json\/wp\/v2\/posts\/36264\/revisions"}],"predecessor-version":[{"id":36270,"href":"https:\/\/sgvaimudar.com.br\/index.php\/wp-json\/wp\/v2\/posts\/36264\/revisions\/36270"}],"wp:featuredmedia":[{"embeddable":true,"href":"https:\/\/sgvaimudar.com.br\/index.php\/wp-json\/wp\/v2\/media\/36267"}],"wp:attachment":[{"href":"https:\/\/sgvaimudar.com.br\/index.php\/wp-json\/wp\/v2\/media?parent=36264"}],"wp:term":[{"taxonomy":"category","embeddable":true,"href":"https:\/\/sgvaimudar.com.br\/index.php\/wp-json\/wp\/v2\/categories?post=36264"},{"taxonomy":"post_tag","embeddable":true,"href":"https:\/\/sgvaimudar.com.br\/index.php\/wp-json\/wp\/v2\/tags?post=36264"}],"curies":[{"name":"wp","href":"https:\/\/api.w.org\/{rel}","templated":true}]}}