{"id":36260,"date":"2026-01-16T09:58:11","date_gmt":"2026-01-16T12:58:11","guid":{"rendered":"https:\/\/sgvaimudar.com.br\/?p=36260"},"modified":"2026-01-16T09:58:11","modified_gmt":"2026-01-16T12:58:11","slug":"governador-claudio-castro-lanca-o-disque-barricada-para-denuncias-de-bloqueios-em-ruas","status":"publish","type":"post","link":"https:\/\/sgvaimudar.com.br\/index.php\/2026\/01\/16\/governador-claudio-castro-lanca-o-disque-barricada-para-denuncias-de-bloqueios-em-ruas\/","title":{"rendered":"Governador Cl\u00e1udio Castro lan\u00e7a o \u2018Disque-Barricada\u2019 para den\u00fancias de bloqueios em ruas"},"content":{"rendered":"\n<p><em>Canal oficial ter\u00e1 WhatsApp, telefone, site e aplicativo, com anonimato; nova lei foi publicada no Di\u00e1rio Oficial, refor\u00e7a a\u00e7\u00f5es como a Opera\u00e7\u00e3o Barricada Zero e amplia parceria com a Alerj<\/em><\/p>\n\n\n\n<p>O Governo do Estado do Rio de Janeiro instituiu o Disque-Barricada, canal oficial para receber den\u00fancias sobre bloqueios e obst\u00e1culos irregulares em vias p\u00fablicas. A lei foi sancionada pelo governador Cl\u00e1udio Castro e publicada no Di\u00e1rio Oficial desta sexta-feira (16\/01). O servi\u00e7o ainda ser\u00e1 regulamentado para definir o fluxo de atendimento, armazenamento das informa\u00e7\u00f5es e integra\u00e7\u00e3o com os \u00f3rg\u00e3os de seguran\u00e7a.<\/p>\n\n\n\n<p>-O Disque-Barricada \u00e9 mais um mecanismo para proteger o direito de ir e vir. A iniciativa da Alerj mostra que o Legislativo est\u00e1 atento e se soma ao trabalho do Governo do Estado no enfrentamento \u00e0s barricadas e na retomada dos espa\u00e7os p\u00fablicos. \u00c9 uma parceria institucional em favor da popula\u00e7\u00e3o &#8211; afirma o governador Cl\u00e1udio Castro.<\/p>\n\n\n\n<figure class=\"wp-block-image size-large\"><img fetchpriority=\"high\" decoding=\"async\" width=\"1024\" height=\"683\" src=\"https:\/\/sgvaimudar.com.br\/wp-content\/uploads\/2026\/01\/Operacao-Barricada-Zero-CDD_Foto-Rafael-Campos-39-1024x683.jpg\" alt=\"\" class=\"wp-image-36261\" srcset=\"https:\/\/sgvaimudar.com.br\/wp-content\/uploads\/2026\/01\/Operacao-Barricada-Zero-CDD_Foto-Rafael-Campos-39-1024x683.jpg 1024w, https:\/\/sgvaimudar.com.br\/wp-content\/uploads\/2026\/01\/Operacao-Barricada-Zero-CDD_Foto-Rafael-Campos-39-300x200.jpg 300w, https:\/\/sgvaimudar.com.br\/wp-content\/uploads\/2026\/01\/Operacao-Barricada-Zero-CDD_Foto-Rafael-Campos-39-768x512.jpg 768w, https:\/\/sgvaimudar.com.br\/wp-content\/uploads\/2026\/01\/Operacao-Barricada-Zero-CDD_Foto-Rafael-Campos-39-1536x1024.jpg 1536w, https:\/\/sgvaimudar.com.br\/wp-content\/uploads\/2026\/01\/Operacao-Barricada-Zero-CDD_Foto-Rafael-Campos-39-2048x1365.jpg 2048w\" sizes=\"(max-width: 1024px) 100vw, 1024px\" \/><figcaption class=\"wp-element-caption\">25\/11\/2025 &#8211; Opera\u00e7\u00e3o Barricada Zero Cidade de Deus &#8211; 18\u00ba Batalh\u00e3o de Pol\u00edcia Militar &#8211; Fotos: Rafael Campos<\/figcaption><\/figure>\n\n\n\n<p>O Disque-Barricada vai funcionar por telefone, aplicativo, site, WhatsApp e outras plataformas digitais, com garantia de anonimato e prote\u00e7\u00e3o das informa\u00e7\u00f5es do denunciante. As ocorr\u00eancias ser\u00e3o encaminhadas aos \u00f3rg\u00e3os competentes conforme protocolos definidos em regulamento. O documento afirma ainda que o Governo poder\u00e1 firmar parcerias com munic\u00edpios para ampliar o alcance do canal e a integra\u00e7\u00e3o das a\u00e7\u00f5es de desobstru\u00e7\u00e3o.<\/p>\n\n\n\n<p>-O enfrentamento ao crime organizado precisa ser firme, como estamos fazendo. J\u00e1 disse algumas vezes e repito, quem estiver para somar, como a Alerj, \u00f3timo. Quem n\u00e3o estiver, suma &#8211; completou Castro.<\/p>\n\n\n\n<p><br><strong>Disque-Barricada refor\u00e7a a Opera\u00e7\u00e3o Barricada Zero<br><\/strong>A cria\u00e7\u00e3o do Disque-Barricada fortalece a estrat\u00e9gia permanente do Governo do Estado contra bloqueios criminosos e se soma a opera\u00e7\u00f5es cont\u00ednuas como a Barricada Zero, coordenada pelo Gabinete de Seguran\u00e7a Institucional (GSI-RJ) com participa\u00e7\u00e3o das for\u00e7as de seguran\u00e7a, secretarias estaduais e prefeituras.<br>Em pouco mais de um m\u00eas, a Barricada Zero retirou mais de 7 mil toneladas de barricadas f\u00edsicas, liberou quase duas mil vias e devolveu a circula\u00e7\u00e3o em cerca de 810 km de ruas e acessos, com monitoramento para evitar a reinstala\u00e7\u00e3o de estruturas e garantir a presen\u00e7a do poder p\u00fablico.<\/p>\n\n\n\n<p><em>Fotos: GovRJ<\/em><\/p>\n\n\n\n<p><strong><em>Fa\u00e7a sua den\u00fancia pelo nosso WhatsApp: (21) <\/em><\/strong><strong><em>99744 5345<\/em><\/strong><strong><em><\/em><\/strong><\/p>\n\n\n\n<p><strong><em>S\u00e3o Gon\u00e7alo vai mudar: Not\u00edcias de S\u00e3o Gon\u00e7alo e toda regi\u00e3o.<\/em><\/strong><\/p>\n\n\n\n<figure class=\"wp-block-video\"><video height=\"1280\" style=\"aspect-ratio: 720 \/ 1280;\" width=\"720\" controls src=\"https:\/\/sgvaimudar.com.br\/wp-content\/uploads\/2026\/01\/logo2026.mp4\"><\/video><\/figure>\n","protected":false},"excerpt":{"rendered":"<p>Canal oficial ter\u00e1 WhatsApp, telefone, site e aplicativo, com anonimato; nova lei foi publicada no Di\u00e1rio Oficial, refor\u00e7a a\u00e7\u00f5es como&hellip;<\/p>\n","protected":false},"author":5,"featured_media":36263,"comment_status":"closed","ping_status":"open","sticky":false,"template":"","format":"standard","meta":{"fifu_image_url":"https:\/\/sgvaimudar.com.br\/wp-content\/uploads\/2025\/12\/Operacao-Barricada-Zero-SG_01.jpg","fifu_image_alt":"","footnotes":""},"categories":[32],"tags":[281,41,1209,40,299,47,75,229],"class_list":["post-36260","post","type-post","status-publish","format-standard","has-post-thumbnail","hentry","category-casos-de-policia","tag-barricada","tag-conflito","tag-gov","tag-guerra","tag-policia","tag-rj","tag-sao-goncalo","tag-zero"],"_links":{"self":[{"href":"https:\/\/sgvaimudar.com.br\/index.php\/wp-json\/wp\/v2\/posts\/36260","targetHints":{"allow":["GET"]}}],"collection":[{"href":"https:\/\/sgvaimudar.com.br\/index.php\/wp-json\/wp\/v2\/posts"}],"about":[{"href":"https:\/\/sgvaimudar.com.br\/index.php\/wp-json\/wp\/v2\/types\/post"}],"author":[{"embeddable":true,"href":"https:\/\/sgvaimudar.com.br\/index.php\/wp-json\/wp\/v2\/users\/5"}],"replies":[{"embeddable":true,"href":"https:\/\/sgvaimudar.com.br\/index.php\/wp-json\/wp\/v2\/comments?post=36260"}],"version-history":[{"count":1,"href":"https:\/\/sgvaimudar.com.br\/index.php\/wp-json\/wp\/v2\/posts\/36260\/revisions"}],"predecessor-version":[{"id":36262,"href":"https:\/\/sgvaimudar.com.br\/index.php\/wp-json\/wp\/v2\/posts\/36260\/revisions\/36262"}],"wp:featuredmedia":[{"embeddable":true,"href":"https:\/\/sgvaimudar.com.br\/index.php\/wp-json\/wp\/v2\/media\/36263"}],"wp:attachment":[{"href":"https:\/\/sgvaimudar.com.br\/index.php\/wp-json\/wp\/v2\/media?parent=36260"}],"wp:term":[{"taxonomy":"category","embeddable":true,"href":"https:\/\/sgvaimudar.com.br\/index.php\/wp-json\/wp\/v2\/categories?post=36260"},{"taxonomy":"post_tag","embeddable":true,"href":"https:\/\/sgvaimudar.com.br\/index.php\/wp-json\/wp\/v2\/tags?post=36260"}],"curies":[{"name":"wp","href":"https:\/\/api.w.org\/{rel}","templated":true}]}}