{"id":36255,"date":"2026-01-16T09:35:44","date_gmt":"2026-01-16T12:35:44","guid":{"rendered":"https:\/\/sgvaimudar.com.br\/?p=36255"},"modified":"2026-01-16T09:40:17","modified_gmt":"2026-01-16T12:40:17","slug":"homem-flagrado-com-pistola-disse-para-a-pm-que-estava-defendendo-o-territorio-para-conter-avanco-do-cv","status":"publish","type":"post","link":"https:\/\/sgvaimudar.com.br\/index.php\/2026\/01\/16\/homem-flagrado-com-pistola-disse-para-a-pm-que-estava-defendendo-o-territorio-para-conter-avanco-do-cv\/","title":{"rendered":"Homem detido com pistola afirma \u00e0 PM que estava protegendo territ\u00f3rio contra avan\u00e7o do CV"},"content":{"rendered":"\n<p><em>Caso aconteceu em Cabo Frio; Acusado foi preso por porte ilegal de arma de fogo<\/em><\/p>\n\n\n\n<p>Um homem identificado como Pedro de Andrade Costa, de 21 anos, foi preso por policiais militares do 25\u00ba BPM, acusado de porte ilegal de arma de fogo de uso permitido, no in\u00edcio da noite desta quinta-feira, 15, no bairro Jardim Per\u00f3, em Cabo Frio.<\/p>\n\n\n\n<p>Segundo informa\u00e7\u00f5es da Pol\u00edcia Militar, uma equipe do Grupo de A\u00e7\u00f5es T\u00e1ticas (GAT I), da 1\u00aa Cia, estavam em patrulhamento de rotina na Rua Rio de Janeiro quando a viatura parou para realizar a abordagem de dois indiv\u00edduos.<\/p>\n\n\n\n<p>Enquanto isso, outra equipe policial realizou a observa\u00e7\u00e3o do per\u00edmetro e durante a a\u00e7\u00e3o, em um terreno baldio nas proximidades, Pedro de Andrade foi capturado portando uma pistola na cintura. <\/p>\n\n\n\n<p>De acordo com a Corpora\u00e7\u00e3o, em uma breve entrevista, ele confessou fazer parte do tr\u00e1fico de drogas, informando que estava realizando a conten\u00e7\u00e3o da boca de fumo. Ainda disse para a pol\u00edcia que se encontrava no local para defender o territ\u00f3rio, tendo em vista que a fac\u00e7\u00e3o Comando Vermelho estaria promovendo ataques na regi\u00e3o.<\/p>\n\n\n\n<p>Na a\u00e7\u00e3o, os agentes deram voz de pris\u00e3o ao indiv\u00edduo, que foi encaminhado \u00e0 Delegacia de Pol\u00edcia, onde permanece preso \u00e0 disposi\u00e7\u00e3o da Justi\u00e7a.<\/p>\n\n\n\n<p><strong><em>Fa\u00e7a sua den\u00fancia pelo nosso WhatsApp: (21) <\/em><\/strong><strong><em>99744 5345<\/em><\/strong><strong><em><\/em><\/strong><\/p>\n\n\n\n<p><strong><em>S\u00e3o Gon\u00e7alo vai mudar: Not\u00edcias de S\u00e3o Gon\u00e7alo e toda regi\u00e3o.<\/em><\/strong><\/p>\n\n\n\n<figure class=\"wp-block-video\"><video height=\"1280\" style=\"aspect-ratio: 720 \/ 1280;\" width=\"720\" controls src=\"https:\/\/sgvaimudar.com.br\/wp-content\/uploads\/2026\/01\/logo2026.mp4\"><\/video><\/figure>\n","protected":false},"excerpt":{"rendered":"<p>Caso aconteceu em Cabo Frio; Acusado foi preso por porte ilegal de arma de fogo Um homem identificado como Pedro&hellip;<\/p>\n","protected":false},"author":5,"featured_media":36258,"comment_status":"closed","ping_status":"open","sticky":false,"template":"","format":"standard","meta":{"fifu_image_url":"https:\/\/sgvaimudar.com.br\/wp-content\/uploads\/2026\/01\/WhatsApp-Image-2026-01-16-at-09.15.08.jpeg","fifu_image_alt":"","footnotes":""},"categories":[32],"tags":[207,39,208,1163,40,1164,501,1162,47,119],"class_list":["post-36255","post","type-post","status-publish","format-standard","has-post-thumbnail","hentry","category-casos-de-policia","tag-25o-bpm","tag-ataque","tag-cabo-frio","tag-dos","tag-guerra","tag-lagos","tag-pm","tag-regiao","tag-rj","tag-trafico"],"_links":{"self":[{"href":"https:\/\/sgvaimudar.com.br\/index.php\/wp-json\/wp\/v2\/posts\/36255","targetHints":{"allow":["GET"]}}],"collection":[{"href":"https:\/\/sgvaimudar.com.br\/index.php\/wp-json\/wp\/v2\/posts"}],"about":[{"href":"https:\/\/sgvaimudar.com.br\/index.php\/wp-json\/wp\/v2\/types\/post"}],"author":[{"embeddable":true,"href":"https:\/\/sgvaimudar.com.br\/index.php\/wp-json\/wp\/v2\/users\/5"}],"replies":[{"embeddable":true,"href":"https:\/\/sgvaimudar.com.br\/index.php\/wp-json\/wp\/v2\/comments?post=36255"}],"version-history":[{"count":2,"href":"https:\/\/sgvaimudar.com.br\/index.php\/wp-json\/wp\/v2\/posts\/36255\/revisions"}],"predecessor-version":[{"id":36259,"href":"https:\/\/sgvaimudar.com.br\/index.php\/wp-json\/wp\/v2\/posts\/36255\/revisions\/36259"}],"wp:featuredmedia":[{"embeddable":true,"href":"https:\/\/sgvaimudar.com.br\/index.php\/wp-json\/wp\/v2\/media\/36258"}],"wp:attachment":[{"href":"https:\/\/sgvaimudar.com.br\/index.php\/wp-json\/wp\/v2\/media?parent=36255"}],"wp:term":[{"taxonomy":"category","embeddable":true,"href":"https:\/\/sgvaimudar.com.br\/index.php\/wp-json\/wp\/v2\/categories?post=36255"},{"taxonomy":"post_tag","embeddable":true,"href":"https:\/\/sgvaimudar.com.br\/index.php\/wp-json\/wp\/v2\/tags?post=36255"}],"curies":[{"name":"wp","href":"https:\/\/api.w.org\/{rel}","templated":true}]}}