{"id":36071,"date":"2026-01-13T14:00:00","date_gmt":"2026-01-13T17:00:00","guid":{"rendered":"https:\/\/sgvaimudar.com.br\/?p=36071"},"modified":"2026-01-13T10:22:09","modified_gmt":"2026-01-13T13:22:09","slug":"em-sao-goncalo-terminal-rodoviario-de-alcantara-vira-ponto-itinerante-de-hidratacao-de-agua","status":"publish","type":"post","link":"https:\/\/sgvaimudar.com.br\/index.php\/2026\/01\/13\/em-sao-goncalo-terminal-rodoviario-de-alcantara-vira-ponto-itinerante-de-hidratacao-de-agua\/","title":{"rendered":"Em S\u00e3o Gon\u00e7alo, Terminal Rodovi\u00e1rio de Alc\u00e2ntara vira ponto itinerante de hidrata\u00e7\u00e3o de \u00e1gua"},"content":{"rendered":"\n<p><em>Com cerca de 10 mil litros de \u00e1gua distribu\u00eddos, a\u00e7\u00e3o da Cedae atendeu trabalhadores e pessoas em vulnerabilidade social em esta\u00e7\u00f5es de trem e \u00e1reas de grande circula\u00e7\u00e3o. A\u00e7\u00e3o segue nesta ter\u00e7a-feira<\/em><\/p>\n\n\n\n<p>No dia mais quente deste in\u00edcio de ano, com temperaturas que ultrapassam 40\u00b0C no Rio de Janeiro, segundo o Climatempo, o Governo do Estado manteve a\u00e7\u00f5es emergenciais de hidrata\u00e7\u00e3o para reduzir os impactos da onda de calor sobre a popula\u00e7\u00e3o. <\/p>\n\n\n\n<p>Nesta segunda-feira (12\/01), por meio da Cedae, foram distribu\u00eddos cerca de 10 mil litros de \u00e1gua gelada em pontos estrat\u00e9gicos da Regi\u00e3o Metropolitana, com foco nos trabalhadores em deslocamento, pessoas em situa\u00e7\u00e3o de vulnerabilidade social e popula\u00e7\u00e3o em situa\u00e7\u00e3o de rua.<\/p>\n\n\n\n\n\n<p>&#8211; &nbsp;Diante do forte calor, seguimos mobilizados para proteger a popula\u00e7\u00e3o e minimizar os riscos \u00e0 sa\u00fade. A hidrata\u00e7\u00e3o \u00e9 uma medida simples, mas fundamental, especialmente para quem passa o dia nas ruas trabalhando ou se deslocando. O Estado continua atuando de forma integrada para enfrentar os efeitos dessa onda de calor &#8211; afirmou o governador Cl\u00e1udio Castro.<\/p>\n\n\n\n<p>As a\u00e7\u00f5es de hidrata\u00e7\u00e3o seguem hoje, das 9h \u00e0s 16h, em pontos espalhados pela Regi\u00e3o Metropolitana (veja a lista mais abaixo). A expectativa \u00e9 de que sejam distribu\u00eddos mais 10 mil litros de \u00e1gua por equipes em estandes fixos e pela frota da hidrata\u00e7\u00e3o, composta por bicicletas e kombi com reservat\u00f3rios. A prioridade \u00e9 atender trabalhadores em deslocamento, pessoas em vulnerabilidade social e em situa\u00e7\u00e3o de rua, al\u00e9m de crian\u00e7as em col\u00f4nias de f\u00e9rias em parques p\u00fablicos.<\/p>\n\n\n\n<p>Nesta segunda-feira, as equipes da Cedae estiveram presentes com pontos itinerantes em S\u00e3o Gon\u00e7alo, ao lado do Terminal Rodovi\u00e1rio de Alc\u00e2ntara, em Duque de Caxias, na regi\u00e3o do Mergulh\u00e3o, em Nova Igua\u00e7u, na esta\u00e7\u00e3o ferrovi\u00e1ria.<\/p>\n\n\n\n<p>Teve a\u00e7\u00e3o nas esta\u00e7\u00f5es de trem da Central do Brasil, Bangu, Campo Grande e Madureira, al\u00e9m de pontos de grande circula\u00e7\u00e3o no Centro do Rio. <\/p>\n\n\n\n<p>A opera\u00e7\u00e3o contou com a Frota da Hidrata\u00e7\u00e3o, formada por bicicletas, kombi e estandes fixos, al\u00e9m de aguadeiros. Toda a \u00e1gua distribu\u00edda \u00e9 pot\u00e1vel, captada diretamente da Esta\u00e7\u00e3o de Tratamento de \u00c1gua (ETA) Guandu, em Nova Igua\u00e7u. A entrega foi feita em copos biodegrad\u00e1veis, mas tamb\u00e9m foi permitido o abastecimento de garrafas pessoais e recipientes para animais.<\/p>\n\n\n\n<p>Para garantir a qualidade da \u00e1gua, o Laborat\u00f3rio M\u00f3vel da Cedae acompanhou a opera\u00e7\u00e3o com an\u00e1lises realizadas de hora em hora, avaliando par\u00e2metros como turbidez, cor e pH, conforme os protocolos sanit\u00e1rios.<\/p>\n\n\n\n<p><strong>Al\u00edvio em meio ao calor<\/strong><\/p>\n\n\n\n<p>Entre uma loja e outra no Cal\u00e7ad\u00e3o de Madureira, a copeira Vera L\u00facia Gomes aproveitou a pausa para se refrescar.<\/p>\n\n\n\n<p>&#8211; &nbsp;A sede \u00e9 grande e a gente precisa se hidratar o tempo todo com esse calor. Essa a\u00e7\u00e3o ajuda muito, principalmente para quem passa o dia na rua. \u00c9 importante pra quem passa o dia na rua, seja trabalhando ou aproveitando &#8211; &nbsp;contou.<\/p>\n\n\n\n<p>Assim como Vera, o bombeiro hidr\u00e1ulico Dailson Santos tamb\u00e9m precisou de alguns copos de \u00e1gua gelada para enfrentar as altas temperaturas desta segunda-feira.<\/p>\n\n\n\n<p>&#8211; &nbsp;O calor est\u00e1 brabo demais. \u00c9 dif\u00edcil at\u00e9 trabalhar tranquilo com um sol t\u00e3o forte em cima da gente. Espero que a Cedae fa\u00e7a mais desse trabalho pelo Rio. \u00c9 importante para o cidad\u00e3o enfrentar bem a semana &#8211; disse.<\/p>\n\n\n\n<p><strong>Atua\u00e7\u00e3o no fim de semana<\/strong><\/p>\n\n\n\n<p>No s\u00e1bado (10\/1) e no domingo (11\/1), quando a cidade registrou praias cheias e sensa\u00e7\u00e3o t\u00e9rmica elevada, as a\u00e7\u00f5es se concentraram na orla de Copacabana e no Aterro do Flamengo. Ao todo, 12 bicicletas-pipa foram posicionadas entre os postos 1 e 6, do Leme ao Forte de Copacabana. No Aterro, a kombi da hidrata\u00e7\u00e3o e bicicletas atenderam o p\u00fablico que circulou pela regi\u00e3o. Cerca de 20 mil litros de \u00e1gua foram distribu\u00eddos ao longo dos dois dias.<\/p>\n\n\n\n<p><strong>Balan\u00e7o da Opera\u00e7\u00e3o Ver\u00e3o<\/strong><\/p>\n\n\n\n<p>Desde a \u00faltima semana de 2025, durante per\u00edodos de onda de calor, a Cedae j\u00e1 forneceu mais de 70 mil litros de \u00e1gua em \u00e1reas de grande circula\u00e7\u00e3o. Em dias \u00fateis, as a\u00e7\u00f5es se concentram em esta\u00e7\u00f5es de trem e regi\u00f5es centrais da Regi\u00e3o Metropolitana. Nos fins de semana e em datas de grande p\u00fablico, como a v\u00e9spera de Ano-Novo, o foco s\u00e3o praias e parques.<\/p>\n\n\n\n<p>As a\u00e7\u00f5es seguem o protocolo do Governo do Estado, por meio da Secretaria de Estado de Sa\u00fade, que prev\u00ea a mobiliza\u00e7\u00e3o de medidas preventivas a partir do Est\u00e1gio 3 de calor, priorizando a prote\u00e7\u00e3o da sa\u00fade da popula\u00e7\u00e3o.<\/p>\n\n\n\n<p><strong>Pontos de hidrata\u00e7\u00e3o desta ter\u00e7a-feira (13\/1), das 9h \u00e0s 16h:<\/strong><\/p>\n\n\n\n<p>&#8211; &nbsp;Esta\u00e7\u00f5es de trem:<br>Central do Brasil<br>Bangu<br>Campo Grande<br>Madureira<br>Nova Igua\u00e7u<\/p>\n\n\n\n<p>&#8211; &nbsp;Parques p\u00fablicos<br>Parque Madureira (\u00e1rea molhada)<br>Parque Oeste (pergolados)<br>Parque Pavuna (\u00e1rea molhada)<br>Parque Realengo Susana Naspolini (ao lado da pra\u00e7a de alimenta\u00e7\u00e3o)<br>Parque Rita Lee (pr\u00f3ximo ao t\u00fanel)<\/p>\n\n\n\n<p>&#8211; \u00a0Duque de Caxias (Mergulh\u00e3o)<br>&#8211; \u00a0S\u00e3o Gon\u00e7alo (ao lado do Terminal Rodovi\u00e1rio de Alc\u00e2ntara).<\/p>\n\n\n\n<p><strong><em>S\u00e3o Gon\u00e7alo vai mudar: Not\u00edcias de S\u00e3o Gon\u00e7alo e toda regi\u00e3o.<\/em><\/strong><\/p>\n\n\n\n<figure class=\"wp-block-image size-large\"><img decoding=\"async\" width=\"1024\" height=\"46\" src=\"https:\/\/sgvaimudar.com.br\/wp-content\/uploads\/2023\/08\/Anuncie-Aqui-Sao-Goncalo-vai-mudar-1024x46.png\" alt=\"\" class=\"wp-image-2740\" srcset=\"https:\/\/sgvaimudar.com.br\/wp-content\/uploads\/2023\/08\/Anuncie-Aqui-Sao-Goncalo-vai-mudar-1024x46.png 1024w, https:\/\/sgvaimudar.com.br\/wp-content\/uploads\/2023\/08\/Anuncie-Aqui-Sao-Goncalo-vai-mudar-300x13.png 300w, https:\/\/sgvaimudar.com.br\/wp-content\/uploads\/2023\/08\/Anuncie-Aqui-Sao-Goncalo-vai-mudar-768x35.png 768w, https:\/\/sgvaimudar.com.br\/wp-content\/uploads\/2023\/08\/Anuncie-Aqui-Sao-Goncalo-vai-mudar-1536x69.png 1536w, https:\/\/sgvaimudar.com.br\/wp-content\/uploads\/2023\/08\/Anuncie-Aqui-Sao-Goncalo-vai-mudar.png 2002w\" sizes=\"(max-width: 1024px) 100vw, 1024px\" \/><\/figure>\n\n\n\n<p><\/p>\n\n\n\n<p><\/p>\n","protected":false},"excerpt":{"rendered":"<p>Com cerca de 10 mil litros de \u00e1gua distribu\u00eddos, a\u00e7\u00e3o da Cedae atendeu trabalhadores e pessoas em vulnerabilidade social em&hellip;<\/p>\n","protected":false},"author":5,"featured_media":36075,"comment_status":"closed","ping_status":"open","sticky":false,"template":"","format":"standard","meta":{"fifu_image_url":"https:\/\/sgvaimudar.com.br\/wp-content\/uploads\/2026\/01\/imagem-533.png","fifu_image_alt":"","footnotes":""},"categories":[36],"tags":[888,632,47,75],"class_list":["post-36071","post","type-post","status-publish","format-standard","has-post-thumbnail","hentry","category-bem-estar","tag-hidratacao","tag-ponto","tag-rj","tag-sao-goncalo"],"_links":{"self":[{"href":"https:\/\/sgvaimudar.com.br\/index.php\/wp-json\/wp\/v2\/posts\/36071","targetHints":{"allow":["GET"]}}],"collection":[{"href":"https:\/\/sgvaimudar.com.br\/index.php\/wp-json\/wp\/v2\/posts"}],"about":[{"href":"https:\/\/sgvaimudar.com.br\/index.php\/wp-json\/wp\/v2\/types\/post"}],"author":[{"embeddable":true,"href":"https:\/\/sgvaimudar.com.br\/index.php\/wp-json\/wp\/v2\/users\/5"}],"replies":[{"embeddable":true,"href":"https:\/\/sgvaimudar.com.br\/index.php\/wp-json\/wp\/v2\/comments?post=36071"}],"version-history":[{"count":2,"href":"https:\/\/sgvaimudar.com.br\/index.php\/wp-json\/wp\/v2\/posts\/36071\/revisions"}],"predecessor-version":[{"id":36076,"href":"https:\/\/sgvaimudar.com.br\/index.php\/wp-json\/wp\/v2\/posts\/36071\/revisions\/36076"}],"wp:featuredmedia":[{"embeddable":true,"href":"https:\/\/sgvaimudar.com.br\/index.php\/wp-json\/wp\/v2\/media\/36075"}],"wp:attachment":[{"href":"https:\/\/sgvaimudar.com.br\/index.php\/wp-json\/wp\/v2\/media?parent=36071"}],"wp:term":[{"taxonomy":"category","embeddable":true,"href":"https:\/\/sgvaimudar.com.br\/index.php\/wp-json\/wp\/v2\/categories?post=36071"},{"taxonomy":"post_tag","embeddable":true,"href":"https:\/\/sgvaimudar.com.br\/index.php\/wp-json\/wp\/v2\/tags?post=36071"}],"curies":[{"name":"wp","href":"https:\/\/api.w.org\/{rel}","templated":true}]}}