{"id":36058,"date":"2026-01-13T09:46:14","date_gmt":"2026-01-13T12:46:14","guid":{"rendered":"https:\/\/sgvaimudar.com.br\/?p=36058"},"modified":"2026-01-13T09:46:14","modified_gmt":"2026-01-13T12:46:14","slug":"25o-bpm-desmonta-esquema-e-prende-homem-com-espingarda-escondida-em-residencia","status":"publish","type":"post","link":"https:\/\/sgvaimudar.com.br\/index.php\/2026\/01\/13\/25o-bpm-desmonta-esquema-e-prende-homem-com-espingarda-escondida-em-residencia\/","title":{"rendered":"25\u00ba BPM desmonta esquema e prende homem com espingarda escondida em resid\u00eancia"},"content":{"rendered":"\n<p><em>Caso aconteceu na Reserva Per\u00f3, em Cabo Frio, e equipes do GAT e P2,\u00a0estiveram em atua\u00e7\u00e3o <\/em><\/p>\n\n\n\n<p>Uma a\u00e7\u00e3o estrat\u00e9gica do Grupo de A\u00e7\u00f5es T\u00e1ticas (GAT 1) e do Servi\u00e7o Reservado, (P2 ala D) do 25\u00ba BPM resultou na pris\u00e3o de um homem e na apreens\u00e3o de uma espingarda calibre 12, na noite desta segunda-feira (12), na Reserva Per\u00f3, em Cabo Frio.<\/p>\n\n\n\n<p>Segundo informa\u00e7\u00f5es de uma fonte policial do <strong>S\u00e3o Gon\u00e7alo Vai Mudar<\/strong>, ao dar  continuidade nas a\u00e7\u00f5es estrat\u00e9gicas na \u00e1rea do Jardim Esperan\u00e7a, equipes da Corpora\u00e7\u00e3o, ap\u00f3s trabalho de intelig\u00eancia, cercou em uma resid\u00eancia um criminoso identificado Yuri Monteiro Freitas, de 29 anos, em posse de uma Espingarda calibre 12 e material entorpecente. <\/p>\n\n\n\n<p>O alvo foi abordado, capturado e conduzido preso a 126 DP (Cabo Frio) para lavratura do flagrante, no local foi apreendido uma arma longa calibre 12, drogas e muni\u00e7\u00f5es. Na delegacia, Yuri foi autuado e permaneceu preso.<\/p>\n\n\n\n<p><strong><em>Fa\u00e7a sua den\u00fancia pelo nosso WhatsApp: (21) <\/em><\/strong><strong><em>99744 5345<\/em><\/strong><strong><em><\/em><\/strong><\/p>\n\n\n\n<p><strong><em>S\u00e3o Gon\u00e7alo vai mudar: Not\u00edcias de S\u00e3o Gon\u00e7alo e toda regi\u00e3o.<\/em><\/strong><\/p>\n\n\n\n<figure class=\"wp-block-video\"><video height=\"1280\" style=\"aspect-ratio: 720 \/ 1280;\" width=\"720\" controls src=\"https:\/\/sgvaimudar.com.br\/wp-content\/uploads\/2026\/01\/logo2026.mp4\"><\/video><\/figure>\n\n\n\n<p><\/p>\n","protected":false},"excerpt":{"rendered":"<p>Caso aconteceu na Reserva Per\u00f3, em Cabo Frio, e equipes do GAT e P2,\u00a0estiveram em atua\u00e7\u00e3o Uma a\u00e7\u00e3o estrat\u00e9gica do&hellip;<\/p>\n","protected":false},"author":5,"featured_media":36061,"comment_status":"closed","ping_status":"open","sticky":false,"template":"","format":"standard","meta":{"fifu_image_url":"https:\/\/sgvaimudar.com.br\/wp-content\/uploads\/2026\/01\/WhatsApp-Image-2026-01-13-at-08.43.35.jpeg","fifu_image_alt":"","footnotes":""},"categories":[32],"tags":[1155,39,208,41,40,299,47],"class_list":["post-36058","post","type-post","status-publish","format-standard","has-post-thumbnail","hentry","category-casos-de-policia","tag-arma","tag-ataque","tag-cabo-frio","tag-conflito","tag-guerra","tag-policia","tag-rj"],"_links":{"self":[{"href":"https:\/\/sgvaimudar.com.br\/index.php\/wp-json\/wp\/v2\/posts\/36058","targetHints":{"allow":["GET"]}}],"collection":[{"href":"https:\/\/sgvaimudar.com.br\/index.php\/wp-json\/wp\/v2\/posts"}],"about":[{"href":"https:\/\/sgvaimudar.com.br\/index.php\/wp-json\/wp\/v2\/types\/post"}],"author":[{"embeddable":true,"href":"https:\/\/sgvaimudar.com.br\/index.php\/wp-json\/wp\/v2\/users\/5"}],"replies":[{"embeddable":true,"href":"https:\/\/sgvaimudar.com.br\/index.php\/wp-json\/wp\/v2\/comments?post=36058"}],"version-history":[{"count":1,"href":"https:\/\/sgvaimudar.com.br\/index.php\/wp-json\/wp\/v2\/posts\/36058\/revisions"}],"predecessor-version":[{"id":36060,"href":"https:\/\/sgvaimudar.com.br\/index.php\/wp-json\/wp\/v2\/posts\/36058\/revisions\/36060"}],"wp:featuredmedia":[{"embeddable":true,"href":"https:\/\/sgvaimudar.com.br\/index.php\/wp-json\/wp\/v2\/media\/36061"}],"wp:attachment":[{"href":"https:\/\/sgvaimudar.com.br\/index.php\/wp-json\/wp\/v2\/media?parent=36058"}],"wp:term":[{"taxonomy":"category","embeddable":true,"href":"https:\/\/sgvaimudar.com.br\/index.php\/wp-json\/wp\/v2\/categories?post=36058"},{"taxonomy":"post_tag","embeddable":true,"href":"https:\/\/sgvaimudar.com.br\/index.php\/wp-json\/wp\/v2\/tags?post=36058"}],"curies":[{"name":"wp","href":"https:\/\/api.w.org\/{rel}","templated":true}]}}