{"id":36053,"date":"2026-01-13T09:49:00","date_gmt":"2026-01-13T12:49:00","guid":{"rendered":"https:\/\/sgvaimudar.com.br\/?p=36053"},"modified":"2026-01-13T09:49:11","modified_gmt":"2026-01-13T12:49:11","slug":"jardim-miriambi-vai-receber-da-prefeitura-creche-e-nova-praca-para-a-comunidade","status":"publish","type":"post","link":"https:\/\/sgvaimudar.com.br\/index.php\/2026\/01\/13\/jardim-miriambi-vai-receber-da-prefeitura-creche-e-nova-praca-para-a-comunidade\/","title":{"rendered":"Jardim Miriambi vai receber da Prefeitura creche e nova pra\u00e7a para a comunidade"},"content":{"rendered":"\n<p><em>Interven\u00e7\u00f5es na nova \u00e1rea de lazer est\u00e3o 90% conclu\u00eddas<\/em><\/p>\n\n\n\n<p>As obras do programa Pra\u00e7a Renovada no bairro Jardim Miriambi seguem revitalizando o espa\u00e7o de lazer. Localizada ao lado da nova creche municipal, o espa\u00e7o est\u00e1 sendo transformado pelas interven\u00e7\u00f5es da Secretaria de Conserva\u00e7\u00e3o da Prefeitura de S\u00e3o Gon\u00e7alo. As obras est\u00e3o 90% conclu\u00eddas. Esta ser\u00e1 a 21\u00aa \u00e1rea de lazer revitalizada pelo programa.<\/p>\n\n\n\n<p>A nova \u00e1rea de lazer contar\u00e1 com duas quadras novas (v\u00f4lei e basquete), uma \u00e1rea de conviv\u00eancia com bancos e cadeiras de concreto, grama, arquibancada, novos canteiros e papeleira. Ser\u00e1 feita uma nova pintura e a cal\u00e7ada ao redor ser\u00e1 revitalizada. A nova pra\u00e7a ser\u00e1 um espa\u00e7o revitalizado, gratuito e integrado ao bairro. O projeto foi elaborado pela Secretaria Municipal de Gest\u00e3o Integrada e Projetos Especiais (Semgipe).<\/p>\n\n\n\n<figure class=\"wp-block-image size-large\"><img fetchpriority=\"high\" decoding=\"async\" width=\"1024\" height=\"683\" src=\"https:\/\/sgvaimudar.com.br\/wp-content\/uploads\/2026\/01\/unnamed-2-5-1024x683.jpg\" alt=\"\" class=\"wp-image-36055\" srcset=\"https:\/\/sgvaimudar.com.br\/wp-content\/uploads\/2026\/01\/unnamed-2-5-1024x683.jpg 1024w, https:\/\/sgvaimudar.com.br\/wp-content\/uploads\/2026\/01\/unnamed-2-5-300x200.jpg 300w, https:\/\/sgvaimudar.com.br\/wp-content\/uploads\/2026\/01\/unnamed-2-5-768x512.jpg 768w, https:\/\/sgvaimudar.com.br\/wp-content\/uploads\/2026\/01\/unnamed-2-5.jpg 1500w\" sizes=\"(max-width: 1024px) 100vw, 1024px\" \/><\/figure>\n\n\n\n<p>Atualmente, est\u00e3o sendo feitos acabamentos na rampa de acessibilidade para pessoas com defici\u00eancia (PcDs) que quiserem acessar a quadra de basquete. As equipes tamb\u00e9m preparam as muretas das quadras para pintura e est\u00e3o finalizando os acabamentos na \u00e1rea da tela de alambrado.<\/p>\n\n\n\n<p>&#8220;O bairro do Jardim Miriambi estava merecendo essa aten\u00e7\u00e3o. Essa \u00e9 a 21\u00aa \u00e1rea de lazer que estamos revitalizando com o programa Pra\u00e7a Renovada e, al\u00e9m disso, uma nova creche municipal est\u00e1 sendo feita ao lado da nova pra\u00e7a. As crian\u00e7as do bairro agora ter\u00e3o um local mais pr\u00f3ximo para estudar e uma nova pra\u00e7a. Seguiremos transformando a cidade de S\u00e3o Gon\u00e7alo e dando mais dignidade aos seus moradores&#8221;, disse o prefeito Capit\u00e3o Nelson.<\/p>\n\n\n\n<p><strong>Pra\u00e7a Renovada<\/strong>&nbsp;\u2013 O projeto j\u00e1 foi conclu\u00eddo tamb\u00e9m em outros 20 espa\u00e7os: Pra\u00e7a Jardim Catarina II (ou Pra\u00e7a da Rua I), no Jardim Catarina; Pra\u00e7a Jornalista Valfrido Rocha, no Jardim Catarina; Pra\u00e7a do Barenco, no Boa\u00e7u; Pra\u00e7a do Coroado; Pra\u00e7a da Lagoa Seca, no Laranjal; Pra\u00e7a do Vila Tr\u00eas; Pra\u00e7a do Gradim; Pra\u00e7a Chico Mendes, no bairro Raul Veiga; Pra\u00e7a do Rocha; Pra\u00e7a Lucacio Te\u00f3filo de Campos, no J\u00f3quei; Pra\u00e7a do Largo de Ita\u00fana; Pra\u00e7a Vereador Josias dos Santos Muniz, na Lagoinha; Pra\u00e7a Governador Leonel Brizola, no Coluband\u00ea; Pra\u00e7a Expedicion\u00e1rio Ant\u00f4nio Vieira, mais conhecida como Pra\u00e7a do Mineirinho, localizada no bairro de Santa Catarina; a Arena Zaga Silva, localizada no Porto Velho; a Pra\u00e7a Thiago Evangelista de Vasconcellos, do bairro Almerinda; Pra\u00e7a do Pontal; Pra\u00e7a do Porto do Rosa; a Pra\u00e7a do Jardim Alc\u00e2ntara; e a Pra\u00e7a do Vila Lage.<\/p>\n\n\n\n<p><em>Foto: Fabio Guimar\u00e3es<\/em><\/p>\n\n\n\n<p><strong><em>S\u00e3o Gon\u00e7alo vai mudar: Not\u00edcias de S\u00e3o Gon\u00e7alo e toda regi\u00e3o.<\/em><\/strong><\/p>\n\n\n\n<figure class=\"wp-block-video\"><video height=\"1280\" style=\"aspect-ratio: 720 \/ 1280;\" width=\"720\" controls src=\"https:\/\/sgvaimudar.com.br\/wp-content\/uploads\/2026\/01\/logo2026.mp4\"><\/video><\/figure>\n","protected":false},"excerpt":{"rendered":"<p>Interven\u00e7\u00f5es na nova \u00e1rea de lazer est\u00e3o 90% conclu\u00eddas As obras do programa Pra\u00e7a Renovada no bairro Jardim Miriambi seguem&hellip;<\/p>\n","protected":false},"author":5,"featured_media":36057,"comment_status":"closed","ping_status":"open","sticky":false,"template":"","format":"standard","meta":{"fifu_image_url":"https:\/\/sgvaimudar.com.br\/wp-content\/uploads\/2026\/01\/unnamed-1-6.jpg","fifu_image_alt":"","footnotes":""},"categories":[3],"tags":[1154,1153,161,200,58,862,373,47,75,318],"class_list":["post-36053","post","type-post","status-publish","format-standard","has-post-thumbnail","hentry","category-sao-goncalo","tag-agradece","tag-bairro","tag-lazer","tag-miriambi","tag-obras","tag-populacao","tag-quadras","tag-rj","tag-sao-goncalo","tag-vulto"],"_links":{"self":[{"href":"https:\/\/sgvaimudar.com.br\/index.php\/wp-json\/wp\/v2\/posts\/36053","targetHints":{"allow":["GET"]}}],"collection":[{"href":"https:\/\/sgvaimudar.com.br\/index.php\/wp-json\/wp\/v2\/posts"}],"about":[{"href":"https:\/\/sgvaimudar.com.br\/index.php\/wp-json\/wp\/v2\/types\/post"}],"author":[{"embeddable":true,"href":"https:\/\/sgvaimudar.com.br\/index.php\/wp-json\/wp\/v2\/users\/5"}],"replies":[{"embeddable":true,"href":"https:\/\/sgvaimudar.com.br\/index.php\/wp-json\/wp\/v2\/comments?post=36053"}],"version-history":[{"count":1,"href":"https:\/\/sgvaimudar.com.br\/index.php\/wp-json\/wp\/v2\/posts\/36053\/revisions"}],"predecessor-version":[{"id":36056,"href":"https:\/\/sgvaimudar.com.br\/index.php\/wp-json\/wp\/v2\/posts\/36053\/revisions\/36056"}],"wp:featuredmedia":[{"embeddable":true,"href":"https:\/\/sgvaimudar.com.br\/index.php\/wp-json\/wp\/v2\/media\/36057"}],"wp:attachment":[{"href":"https:\/\/sgvaimudar.com.br\/index.php\/wp-json\/wp\/v2\/media?parent=36053"}],"wp:term":[{"taxonomy":"category","embeddable":true,"href":"https:\/\/sgvaimudar.com.br\/index.php\/wp-json\/wp\/v2\/categories?post=36053"},{"taxonomy":"post_tag","embeddable":true,"href":"https:\/\/sgvaimudar.com.br\/index.php\/wp-json\/wp\/v2\/tags?post=36053"}],"curies":[{"name":"wp","href":"https:\/\/api.w.org\/{rel}","templated":true}]}}