{"id":3596,"date":"2023-10-11T16:06:43","date_gmt":"2023-10-11T19:06:43","guid":{"rendered":"https:\/\/sgvaimudar.com.br\/?p=3596"},"modified":"2023-10-11T16:06:43","modified_gmt":"2023-10-11T19:06:43","slug":"cariocas-resgatados-de-israel-ajoelham-na-pista-do-galeao-na-chegada-ao-rio","status":"publish","type":"post","link":"https:\/\/sgvaimudar.com.br\/index.php\/2023\/10\/11\/cariocas-resgatados-de-israel-ajoelham-na-pista-do-galeao-na-chegada-ao-rio\/","title":{"rendered":"Cariocas resgatados de Israel ajoelham na pista do Gale\u00e3o na chegada ao Rio"},"content":{"rendered":"\n<p>Os primeiros 40 passageiros vindos em um jato da For\u00e7a A\u00e9rea Brasileira de Israel chegaram ao Rio de Janeiro \u00e0s 8h40 desta quarta-feira (11). T\u00e3o logo desembarcaram em um C-99 Condor na Base A\u00e9rea do Gale\u00e3o, ajoelharam-se na pista ao lado de uma bandeira do Brasil.<\/p>\n\n\n\n<p>\u00c0s 9h20, um segundo voo aterrissou. Os repatriados desembarcaram estenderam bandeiras do Brasil e de Israel.<\/p>\n\n\n\n<p>A advogada e farmac\u00eautica Fernanda Martins Damasceno estava em Jerusal\u00e9m fazendo turismo pela Terra Santa. A guerra estourou no 3\u00ba dia de viagem. Definiu o voo de retorno como \u201co maior al\u00edvio que j\u00e1 sentiu\u201d.<\/p>\n\n\n\n<p>\u201cEu passei um dia no bunker, e a minha fam\u00edlia perdeu o contato. Ficaram desesperados e procuraram a embaixada\u201d, disse.<\/p>\n\n\n\n<p>O bunker ficava no subsolo do hotel, onde o sinal de celular era fraco.<\/p>\n\n\n\n<p>\u201cEu achava que eu tinha f\u00e9, mas eu descobri que tenho mais f\u00e9 do que eu imaginava\u201d, destacou.<\/p>\n\n\n\n<p>Jerusal\u00e9m-Bras\u00edlia<br>O avi\u00e3o da For\u00e7a A\u00e9rea Brasileira (FAB), que resgatou o primeiro grupo de brasileiros que estava em Israel, pousou em Bras\u00edlia durante a madrugada desta quarta-feira (11). O voo, que partiu de Tel Aviv na ter\u00e7a-feira (10), durou cerca de 14 horas.<\/p>\n\n\n\n<p>A aeronave KC-30 deixou Israel com 211 passageiros. At\u00e9 domingo (15), outros cinco voos devem sair do pa\u00eds para o resgate de brasileiros que est\u00e3o na regi\u00e3o, segundo o Itamaraty.<\/p>\n\n\n\n<p>A GloboNews apurou que o governo deu prioridade a fam\u00edlias com crian\u00e7as, idosos, pessoas com defici\u00eancia ou enfermos.<\/p>\n\n\n\n<p>Os brasileiros que desejam deixar Israel precisam preencher um formul\u00e1rio de inscri\u00e7\u00e3o disponibilizado pela Embaixada do Brasil em Tel Aviv.<\/p>\n\n\n\n<h1 class=\"wp-block-heading\">sgvaimudar<\/h1>\n","protected":false},"excerpt":{"rendered":"<p>Os primeiros 40 passageiros vindos em um jato da For\u00e7a A\u00e9rea Brasileira de Israel chegaram ao Rio de Janeiro \u00e0s&hellip;<\/p>\n","protected":false},"author":2,"featured_media":3597,"comment_status":"open","ping_status":"open","sticky":false,"template":"","format":"standard","meta":{"fifu_image_url":"","fifu_image_alt":"","footnotes":""},"categories":[1],"tags":[],"class_list":["post-3596","post","type-post","status-publish","format-standard","has-post-thumbnail","hentry","category-mundo"],"_links":{"self":[{"href":"https:\/\/sgvaimudar.com.br\/index.php\/wp-json\/wp\/v2\/posts\/3596","targetHints":{"allow":["GET"]}}],"collection":[{"href":"https:\/\/sgvaimudar.com.br\/index.php\/wp-json\/wp\/v2\/posts"}],"about":[{"href":"https:\/\/sgvaimudar.com.br\/index.php\/wp-json\/wp\/v2\/types\/post"}],"author":[{"embeddable":true,"href":"https:\/\/sgvaimudar.com.br\/index.php\/wp-json\/wp\/v2\/users\/2"}],"replies":[{"embeddable":true,"href":"https:\/\/sgvaimudar.com.br\/index.php\/wp-json\/wp\/v2\/comments?post=3596"}],"version-history":[{"count":1,"href":"https:\/\/sgvaimudar.com.br\/index.php\/wp-json\/wp\/v2\/posts\/3596\/revisions"}],"predecessor-version":[{"id":3598,"href":"https:\/\/sgvaimudar.com.br\/index.php\/wp-json\/wp\/v2\/posts\/3596\/revisions\/3598"}],"wp:featuredmedia":[{"embeddable":true,"href":"https:\/\/sgvaimudar.com.br\/index.php\/wp-json\/wp\/v2\/media\/3597"}],"wp:attachment":[{"href":"https:\/\/sgvaimudar.com.br\/index.php\/wp-json\/wp\/v2\/media?parent=3596"}],"wp:term":[{"taxonomy":"category","embeddable":true,"href":"https:\/\/sgvaimudar.com.br\/index.php\/wp-json\/wp\/v2\/categories?post=3596"},{"taxonomy":"post_tag","embeddable":true,"href":"https:\/\/sgvaimudar.com.br\/index.php\/wp-json\/wp\/v2\/tags?post=3596"}],"curies":[{"name":"wp","href":"https:\/\/api.w.org\/{rel}","templated":true}]}}