{"id":3572,"date":"2023-10-09T19:33:43","date_gmt":"2023-10-09T22:33:43","guid":{"rendered":"https:\/\/sgvaimudar.com.br\/?p=3572"},"modified":"2023-10-09T19:33:44","modified_gmt":"2023-10-09T22:33:44","slug":"o-que-faremos-com-os-inimigos-ecoara-por-geracoes-diz-netanyahu","status":"publish","type":"post","link":"https:\/\/sgvaimudar.com.br\/index.php\/2023\/10\/09\/o-que-faremos-com-os-inimigos-ecoara-por-geracoes-diz-netanyahu\/","title":{"rendered":"&#8216;O que faremos com os inimigos ecoar\u00e1 por gera\u00e7\u00f5es&#8217;, diz Netanyahu"},"content":{"rendered":"\n<p>TERCEIRO DIA DE COMBATES | Em um pronunciamento \u00e0 na\u00e7\u00e3o na tarde desta segunda-feira (9), o primeiro-ministro de Israel, Benjamin Netanyahu, disse que o que far\u00e3o com os &#8220;inimigos&#8221; ecoar\u00e1 &#8220;por gera\u00e7\u00f5es&#8221; e que Israel est\u00e1 &#8220;apenas come\u00e7ando&#8221; a contra-atacar. Ele acrescentou que, at\u00e9 o fim do conflito, &#8220;todos os inimigos saber\u00e3o que foi um erro terr\u00edvel atacar Israel&#8221;.<\/p>\n\n\n\n<p>O n\u00famero de mortos em Gaza aumentou para 687, segundo novo balan\u00e7o do Minist\u00e9rio da Sa\u00fade palestino, com mais de 3,7 mil ficaram feridos. Em Israel, s\u00e3o cerca de 900 mortos e 2,4 mil feridos.<\/p>\n\n\n\n<p>Ao todo, o n\u00famero v\u00edtimas fatais \u00e9 de cerca de 1.580, com mais de 6,1 mil feridos.<\/p>\n\n\n\n<p>Foto: AFP<\/p>\n\n\n\n<h1 class=\"wp-block-heading\">sgvaimudar<\/h1>\n","protected":false},"excerpt":{"rendered":"<p>TERCEIRO DIA DE COMBATES | Em um pronunciamento \u00e0 na\u00e7\u00e3o na tarde desta segunda-feira (9), o primeiro-ministro de Israel, Benjamin&hellip;<\/p>\n","protected":false},"author":2,"featured_media":3573,"comment_status":"open","ping_status":"open","sticky":false,"template":"","format":"standard","meta":{"fifu_image_url":"","fifu_image_alt":"","footnotes":""},"categories":[1],"tags":[],"class_list":["post-3572","post","type-post","status-publish","format-standard","has-post-thumbnail","hentry","category-mundo"],"_links":{"self":[{"href":"https:\/\/sgvaimudar.com.br\/index.php\/wp-json\/wp\/v2\/posts\/3572","targetHints":{"allow":["GET"]}}],"collection":[{"href":"https:\/\/sgvaimudar.com.br\/index.php\/wp-json\/wp\/v2\/posts"}],"about":[{"href":"https:\/\/sgvaimudar.com.br\/index.php\/wp-json\/wp\/v2\/types\/post"}],"author":[{"embeddable":true,"href":"https:\/\/sgvaimudar.com.br\/index.php\/wp-json\/wp\/v2\/users\/2"}],"replies":[{"embeddable":true,"href":"https:\/\/sgvaimudar.com.br\/index.php\/wp-json\/wp\/v2\/comments?post=3572"}],"version-history":[{"count":1,"href":"https:\/\/sgvaimudar.com.br\/index.php\/wp-json\/wp\/v2\/posts\/3572\/revisions"}],"predecessor-version":[{"id":3574,"href":"https:\/\/sgvaimudar.com.br\/index.php\/wp-json\/wp\/v2\/posts\/3572\/revisions\/3574"}],"wp:featuredmedia":[{"embeddable":true,"href":"https:\/\/sgvaimudar.com.br\/index.php\/wp-json\/wp\/v2\/media\/3573"}],"wp:attachment":[{"href":"https:\/\/sgvaimudar.com.br\/index.php\/wp-json\/wp\/v2\/media?parent=3572"}],"wp:term":[{"taxonomy":"category","embeddable":true,"href":"https:\/\/sgvaimudar.com.br\/index.php\/wp-json\/wp\/v2\/categories?post=3572"},{"taxonomy":"post_tag","embeddable":true,"href":"https:\/\/sgvaimudar.com.br\/index.php\/wp-json\/wp\/v2\/tags?post=3572"}],"curies":[{"name":"wp","href":"https:\/\/api.w.org\/{rel}","templated":true}]}}