{"id":3561,"date":"2023-10-09T14:29:04","date_gmt":"2023-10-09T17:29:04","guid":{"rendered":"https:\/\/sgvaimudar.com.br\/?p=3561"},"modified":"2023-10-09T14:29:04","modified_gmt":"2023-10-09T17:29:04","slug":"helicopteros-da-policia-sao-atingidos-por-tiros-durante-operacao","status":"publish","type":"post","link":"https:\/\/sgvaimudar.com.br\/index.php\/2023\/10\/09\/helicopteros-da-policia-sao-atingidos-por-tiros-durante-operacao\/","title":{"rendered":"Helic\u00f3pteros da pol\u00edcia s\u00e3o atingidos por tiros durante opera\u00e7\u00e3o"},"content":{"rendered":"\n<p>Dois helic\u00f3pteros das pol\u00edcias Civil e Militar foram atingidos por tiros durante uma opera\u00e7\u00e3o conjunta realizada, na manh\u00e3 desta segunda-feira (9), pelas for\u00e7as de seguran\u00e7a do Rio de Janeiro. O objetivo da a\u00e7\u00e3o seria tentar prender os principais chefes da maior fac\u00e7\u00e3o do tr\u00e1fico de drogas do estado, o Comando Vermelho (CV).<\/p>\n\n\n\n<p>As aeronaves viraram alvos dos disparos quando sobrevoavam a Vila Cruzeiro, no Complexo da Penha, e precisaram pousar em seguida. A da Pol\u00edcia Civil \u00e9 blindada e foi atingida no tanque de combust\u00edvel. O piloto precisou fazer um pouso de emerg\u00eancia no Centro de Educa\u00e7\u00e3o F\u00edsica Almirante Adalberto Nunes (Cefan), na Penha. J\u00e1 o helic\u00f3ptero da PM teria sido atingido no para-brisa. Nenhum agente ficou ferido.<\/p>\n\n\n\n<p>A opera\u00e7\u00e3o policial realizada nesta manh\u00e3 (9) mira tr\u00eas conjuntos de favelas do Rio e busca cumprir 100 mandados de pris\u00e3o. As a\u00e7\u00f5es fazem parte da Opera\u00e7\u00e3o Mar\u00e9, anunciada no fim de setembro pelo governo fluminense. Os policiais est\u00e3o atuando nas comunidades da Cidade de Deus, Vila Cruzeiro (no Complexo da Penha), de Nova Holanda e do Parque Uni\u00e3o (ambas no Complexo da Mar\u00e9).<\/p>\n\n\n\n<p>Cerca de 1 mil homens foram mobilizados na opera\u00e7\u00e3o que seria uma resposta ao assassinato dos tr\u00eas m\u00e9dicos na Barra da Tijuca, na \u00faltima semana. Eles teriam sido mortos por engano por um deles ter sido confundido com um miliciano. Criminosos do Comando Vermelho seriam os respons\u00e1veis pelas mortes.<\/p>\n\n\n\n<p>Fonte: O S\u00e3o Gon\u00e7alo<\/p>\n\n\n\n<h1 class=\"wp-block-heading\">sgvaimudar<\/h1>\n","protected":false},"excerpt":{"rendered":"<p>Dois helic\u00f3pteros das pol\u00edcias Civil e Militar foram atingidos por tiros durante uma opera\u00e7\u00e3o conjunta realizada, na manh\u00e3 desta segunda-feira&hellip;<\/p>\n","protected":false},"author":2,"featured_media":3562,"comment_status":"open","ping_status":"open","sticky":false,"template":"","format":"standard","meta":{"fifu_image_url":"","fifu_image_alt":"","footnotes":""},"categories":[32],"tags":[],"class_list":["post-3561","post","type-post","status-publish","format-standard","has-post-thumbnail","hentry","category-casos-de-policia"],"_links":{"self":[{"href":"https:\/\/sgvaimudar.com.br\/index.php\/wp-json\/wp\/v2\/posts\/3561","targetHints":{"allow":["GET"]}}],"collection":[{"href":"https:\/\/sgvaimudar.com.br\/index.php\/wp-json\/wp\/v2\/posts"}],"about":[{"href":"https:\/\/sgvaimudar.com.br\/index.php\/wp-json\/wp\/v2\/types\/post"}],"author":[{"embeddable":true,"href":"https:\/\/sgvaimudar.com.br\/index.php\/wp-json\/wp\/v2\/users\/2"}],"replies":[{"embeddable":true,"href":"https:\/\/sgvaimudar.com.br\/index.php\/wp-json\/wp\/v2\/comments?post=3561"}],"version-history":[{"count":1,"href":"https:\/\/sgvaimudar.com.br\/index.php\/wp-json\/wp\/v2\/posts\/3561\/revisions"}],"predecessor-version":[{"id":3563,"href":"https:\/\/sgvaimudar.com.br\/index.php\/wp-json\/wp\/v2\/posts\/3561\/revisions\/3563"}],"wp:featuredmedia":[{"embeddable":true,"href":"https:\/\/sgvaimudar.com.br\/index.php\/wp-json\/wp\/v2\/media\/3562"}],"wp:attachment":[{"href":"https:\/\/sgvaimudar.com.br\/index.php\/wp-json\/wp\/v2\/media?parent=3561"}],"wp:term":[{"taxonomy":"category","embeddable":true,"href":"https:\/\/sgvaimudar.com.br\/index.php\/wp-json\/wp\/v2\/categories?post=3561"},{"taxonomy":"post_tag","embeddable":true,"href":"https:\/\/sgvaimudar.com.br\/index.php\/wp-json\/wp\/v2\/tags?post=3561"}],"curies":[{"name":"wp","href":"https:\/\/api.w.org\/{rel}","templated":true}]}}