{"id":35497,"date":"2025-12-30T15:00:00","date_gmt":"2025-12-30T18:00:00","guid":{"rendered":"https:\/\/sgvaimudar.com.br\/?p=35497"},"modified":"2025-12-30T11:32:39","modified_gmt":"2025-12-30T14:32:39","slug":"governo-do-estado-apresenta-balanco-e-reforca-acoes-integradas-contra-o-calor-extremo","status":"publish","type":"post","link":"https:\/\/sgvaimudar.com.br\/index.php\/2025\/12\/30\/governo-do-estado-apresenta-balanco-e-reforca-acoes-integradas-contra-o-calor-extremo\/","title":{"rendered":"Governo do Estado apresenta balan\u00e7o e refor\u00e7a a\u00e7\u00f5es integradas contra o calor extremo"},"content":{"rendered":"\n<p><em>Megaopera\u00e7\u00e3o de hidrata\u00e7\u00e3o garantiu a distribui\u00e7\u00e3o de 15 mil litros de \u00e1gua para a popula\u00e7\u00e3o<\/em><\/p>\n\n\n\n<p>O Governo do Estado apresentou, nesta segunda-feira (29\/12), o balan\u00e7o do fim de semana da for\u00e7a-tarefa para atenuar os efeitos do calor extremo no Rio de Janeiro. O conjunto de medidas foi determinado pelo governador para minimizar os riscos \u00e0 sa\u00fade da popula\u00e7\u00e3o. A coletiva de imprensa, realizada na sede da Cedae, teve a participa\u00e7\u00e3o dos representantes das secretarias de Defesa Civil\/ Corpo de Bombeiros, Sa\u00fade, Ambiente e da Cedae.<\/p>\n\n\n\n<p>&#8211; Desde o in\u00edcio dessa onda de calor extremo, determinei uma atua\u00e7\u00e3o integrada para proteger a popula\u00e7\u00e3o. Estamos usando toda a estrutura do Governo do Estado para enfrentar os efeitos do calor, com planejamento, tecnologia e presen\u00e7a nas ruas. Nossa prioridade \u00e9 garantir bem-estar, preven\u00e7\u00e3o e resposta r\u00e1pida \u2013 afirmou o governador Cl\u00e1udio Castro.<\/p>\n\n\n\n<figure class=\"wp-block-image size-large\"><img fetchpriority=\"high\" decoding=\"async\" width=\"1024\" height=\"683\" src=\"https:\/\/sgvaimudar.com.br\/wp-content\/uploads\/2025\/12\/IMGL8245-1024x683.jpg\" alt=\"\" class=\"wp-image-35499\" srcset=\"https:\/\/sgvaimudar.com.br\/wp-content\/uploads\/2025\/12\/IMGL8245-1024x683.jpg 1024w, https:\/\/sgvaimudar.com.br\/wp-content\/uploads\/2025\/12\/IMGL8245-300x200.jpg 300w, https:\/\/sgvaimudar.com.br\/wp-content\/uploads\/2025\/12\/IMGL8245-768x512.jpg 768w, https:\/\/sgvaimudar.com.br\/wp-content\/uploads\/2025\/12\/IMGL8245-1536x1024.jpg 1536w, https:\/\/sgvaimudar.com.br\/wp-content\/uploads\/2025\/12\/IMGL8245-2048x1365.jpg 2048w\" sizes=\"(max-width: 1024px) 100vw, 1024px\" \/><\/figure>\n\n\n\n<p>A atua\u00e7\u00e3o integrada do Governo do Estado para garantir o bem-estar da popula\u00e7\u00e3o une frentes de atua\u00e7\u00e3o para fornecer hidrata\u00e7\u00e3o gratuita em locais estrat\u00e9gicos, refor\u00e7o da assist\u00eancia em sa\u00fade, seguran\u00e7a nas praias, al\u00e9m do monitoramento e alertas meteorol\u00f3gicos e vigil\u00e2ncia ambiental.<\/p>\n\n\n\n<p>No primeiro dia da megaopera\u00e7\u00e3o de hidrata\u00e7\u00e3o promovida pela Cedae, no domingo (28\/12), foram distribu\u00eddos 15 mil litros de \u00e1gua pot\u00e1vel nas praias de Copacabana, Leme e Ipanema, na Zona Sul, al\u00e9m do Parque Madureira, na Zona Norte, e Duque de Caxias, na Baixada Fluminense. Para manter a \u00e1gua gelada, foram utilizadas 3,4 toneladas de gelo.<\/p>\n\n\n\n<p>&#8211; Mais uma vez a popula\u00e7\u00e3o pode contar com a Cedae para minimizar os efeitos do calor extremo. Assim como j\u00e1 fizemos em outras situa\u00e7\u00f5es, como em grandes shows e no Carnaval, mobilizamos equipes em pontos estrat\u00e9gicos para garantir hidrata\u00e7\u00e3o e bem-estar de todos\u201d, disse o Presidente da Cedae, Aguinaldo Ballon.<\/p>\n\n\n\n<p>A opera\u00e7\u00e3o da Cedae conta com a chamada \u201cFrota da Hidrata\u00e7\u00e3o\u201d, que inclui uma Kombi e 14 bicicletas posicionadas em postos de salva-vidas. Nos pontos tamb\u00e9m s\u00e3o disponibilizados bebedouros para pets. Toda a \u00e1gua \u00e9 proveniente da ETA (Esta\u00e7\u00e3o de Tratamento de \u00c1gua) Guandu, com monitoramento cont\u00ednuo por laborat\u00f3rio m\u00f3vel, garantindo a qualidade do abastecimento.<\/p>\n\n\n\n<p>Nesta segunda-feira (29\/12), a a\u00e7\u00e3o tem como foco os passageiros do transporte p\u00fablico. Os pontos de hidrata\u00e7\u00e3o est\u00e3o localizados nas esta\u00e7\u00f5es de trem da Central do Brasil, Bangu, Campo Grande e Madureira. No centro do Rio, o atendimento tamb\u00e9m ser\u00e1 realizado \u00e0 popula\u00e7\u00e3o em situa\u00e7\u00e3o de rua.<\/p>\n\n\n\n<p><strong>Aten\u00e7\u00e3o \u00e0 sa\u00fade<\/strong><br>A Secretaria de Sa\u00fade tamb\u00e9m vem adotando uma s\u00e9rie de medidas para o enfrentamento das ondas de calor. Durante o fim de semana, a Secretaria de Estado de Sa\u00fade registrou 300 atendimentos relacionados \u00e0 sintomas de calor nas UPAs estaduais, onde tamb\u00e9m foram montadas salas de hidrata\u00e7\u00e3o. Estes pontos ficam instalados em \u00e1reas externas para atender, tamb\u00e9m, a popula\u00e7\u00e3o em situa\u00e7\u00e3o de vulnerabilidade nos dias mais quentes.<\/p>\n\n\n\n<p>&#8211; Na \u00faltima quinzena foram atendidas mais de 2.000 pessoas nas UPAs estaduais com sintomas relacionados ao calor. As unidades est\u00e3o seguindo protocolos de classifica\u00e7\u00e3o de risco para garantir atendimento \u00e1gil e seguro aos pacientes. Estamos refor\u00e7ando, ainda, as a\u00e7\u00f5es de preven\u00e7\u00e3o e cuidado, especialmente para idosos e crian\u00e7as. Nas Unidades de Pronto Atendimento, os pacientes que necessitam de hidrata\u00e7\u00e3o extra recebem os sais de hidrata\u00e7\u00e3o, seja para uso imediato ou para levar para casa, para seguir com os cuidados necess\u00e1rios \u2013 afirmou a Secret\u00e1ria de Estado de Sa\u00fade, Claudia Melo.<\/p>\n\n\n\n<p>Como refor\u00e7o operacional do SAMU, cinco duplas de motol\u00e2ncias ficam estrategicamente posicionadas nas diferentes \u00e1reas geogr\u00e1ficas da cidade, al\u00e9m de tr\u00eas ve\u00edculos de interven\u00e7\u00e3o r\u00e1pida. As equipes assistenciais s\u00e3o compostas por m\u00e9dicos, enfermeiros e t\u00e9cnicos de enfermagem, devidamente capacitados e equipados com os insumos necess\u00e1rios.<\/p>\n\n\n\n<p>A secretaria tamb\u00e9m realiza emiss\u00e3o di\u00e1ria de alertas e orienta\u00e7\u00f5es aos munic\u00edpios, com monitoramento pelo painel Vigidesastres, garantindo respostas r\u00e1pidas e coordenadas. H\u00e1 ainda o Painel Monitora \u2013 Excesso de Calor, que re\u00fane informa\u00e7\u00f5es t\u00e9cnicas para gestores e conte\u00fados simplificados para a popula\u00e7\u00e3o em geral.<\/p>\n\n\n\n<p><strong>Bombeiros<\/strong>A Defesa Civil e o Corpo de Bombeiros atuam com o refor\u00e7o do efetivo para a Opera\u00e7\u00e3o Ver\u00e3o. Mais de 1 mil bombeiros est\u00e3o atuando diretamente nas praias, que receberam 38 postos-m\u00f3veis de guarda-vidas. Somente neste fim de semana, foram registradas 19.482 a\u00e7\u00f5es de preven\u00e7\u00e3o a afogamentos, 104 crian\u00e7as perdidas e 87 resgates a banhistas.<\/p>\n\n\n\n<p>Com investimento superior a R$ 23 milh\u00f5es em equipamentos, tecnologia e valoriza\u00e7\u00e3o da tropa, a Opera\u00e7\u00e3o Ver\u00e3o conta agora com drones que emitem alertas sonoros sobre os riscos do banho de mar noturno. O equipamento \u00e9 mais um aliado na preven\u00e7\u00e3o a afogamentos. Em 2025, o Corpo de Bombeiros contabilizou mais de 19 mil salvamentos realizados, sendo 13 mil somente no munic\u00edpio do Rio de Janeiro. Ao todo, 52 vidas foram protegidas e mais de 3.100 crian\u00e7as foram localizadas.<\/p>\n\n\n\n<p>&#8211; O refor\u00e7o do efetivo, aliado ao investimento em tecnologia e equipamentos modernos, como o uso de drones com alertas sonoros, fortalece a preven\u00e7\u00e3o e salva vidas. Nosso foco \u00e9 antecipar riscos, orientar os banhistas e agir com rapidez para reduzir acidentes e proteger fam\u00edlias &#8211; declarou o Subsecret\u00e1rio de Estado de Defesa Civil, coronel Charbio Guijarro.<\/p>\n\n\n\n<p>A Secretaria do Ambiente e Sustentabilidade e o Inea tamb\u00e9m acompanham os efeitos do calor intenso. Entre as medidas adotadas, est\u00e1 a amplia\u00e7\u00e3o das \u00e1reas de hidrata\u00e7\u00e3o em 19 unidades de conserva\u00e7\u00e3o abertas ao p\u00fablico com \u00e1reas de lazer.<\/p>\n\n\n\n<p>&#8211; Estamos com nossas equipes de guarda-parques em alerta m\u00e1ximo para dar apoio aos visitantes e promover o atendimento \u00e0 fauna. Al\u00e9m disso, seguimos acompanhando de perto os impactos do calor na vegeta\u00e7\u00e3o e nos recursos h\u00eddricos, principalmente os rios que servem de capta\u00e7\u00e3o de \u00e1gua para o abastecimento \u2013 disse o Secret\u00e1rio do Ambiente e Sustentabilidade, Bernardo Rossi.<\/p>\n\n\n\n<p><strong>Lan\u00e7amento de sala de monitoramento e sensa\u00e7\u00e3o t\u00e9rmica<\/strong><br>A Secretaria do Ambiente e Sustentabilidade e o Inea tamb\u00e9m acompanham os efeitos do calor intenso sobre recursos h\u00eddricos, vegeta\u00e7\u00e3o e fauna. O refor\u00e7o veio com a cria\u00e7\u00e3o de uma sala de monitoramento de temperatura e sensa\u00e7\u00e3o t\u00e9rmica, que ir\u00e1 acompanhar a onda de calor e emitir alertas em tempo real a partir de 30 esta\u00e7\u00f5es localizadas em 10 munic\u00edpios do estado. S\u00e3o eles: Barra Mansa, Cantagalo, Duque de Caxias, Itabora\u00ed, Itatiaia, Porto Real, Quatis, Rio de Janeiro, S\u00e3o Jo\u00e3o da Barra e Volta Redonda. Os dados coletados s\u00e3o diretamente compartilhados com as prefeituras, integrando informa\u00e7\u00f5es meteorol\u00f3gicas.<\/p>\n","protected":false},"excerpt":{"rendered":"<p>Megaopera\u00e7\u00e3o de hidrata\u00e7\u00e3o garantiu a distribui\u00e7\u00e3o de 15 mil litros de \u00e1gua para a popula\u00e7\u00e3o O Governo do Estado apresentou,&hellip;<\/p>\n","protected":false},"author":5,"featured_media":35501,"comment_status":"closed","ping_status":"open","sticky":false,"template":"","format":"standard","meta":{"fifu_image_url":"https:\/\/sgvaimudar.com.br\/wp-content\/uploads\/2025\/12\/Acao-de-hidratacao-29.12-Bangu-Foto-Arthur-Lima-scaled.jpg","fifu_image_alt":"","footnotes":""},"categories":[36],"tags":[490,911,888,912,862,47],"class_list":["post-35497","post","type-post","status-publish","format-standard","has-post-thumbnail","hentry","category-bem-estar","tag-estado","tag-governo","tag-hidratacao","tag-megaoperacao","tag-populacao","tag-rj"],"_links":{"self":[{"href":"https:\/\/sgvaimudar.com.br\/index.php\/wp-json\/wp\/v2\/posts\/35497","targetHints":{"allow":["GET"]}}],"collection":[{"href":"https:\/\/sgvaimudar.com.br\/index.php\/wp-json\/wp\/v2\/posts"}],"about":[{"href":"https:\/\/sgvaimudar.com.br\/index.php\/wp-json\/wp\/v2\/types\/post"}],"author":[{"embeddable":true,"href":"https:\/\/sgvaimudar.com.br\/index.php\/wp-json\/wp\/v2\/users\/5"}],"replies":[{"embeddable":true,"href":"https:\/\/sgvaimudar.com.br\/index.php\/wp-json\/wp\/v2\/comments?post=35497"}],"version-history":[{"count":2,"href":"https:\/\/sgvaimudar.com.br\/index.php\/wp-json\/wp\/v2\/posts\/35497\/revisions"}],"predecessor-version":[{"id":35503,"href":"https:\/\/sgvaimudar.com.br\/index.php\/wp-json\/wp\/v2\/posts\/35497\/revisions\/35503"}],"wp:featuredmedia":[{"embeddable":true,"href":"https:\/\/sgvaimudar.com.br\/index.php\/wp-json\/wp\/v2\/media\/35501"}],"wp:attachment":[{"href":"https:\/\/sgvaimudar.com.br\/index.php\/wp-json\/wp\/v2\/media?parent=35497"}],"wp:term":[{"taxonomy":"category","embeddable":true,"href":"https:\/\/sgvaimudar.com.br\/index.php\/wp-json\/wp\/v2\/categories?post=35497"},{"taxonomy":"post_tag","embeddable":true,"href":"https:\/\/sgvaimudar.com.br\/index.php\/wp-json\/wp\/v2\/tags?post=35497"}],"curies":[{"name":"wp","href":"https:\/\/api.w.org\/{rel}","templated":true}]}}