{"id":3472,"date":"2023-10-03T16:17:07","date_gmt":"2023-10-03T19:17:07","guid":{"rendered":"https:\/\/sgvaimudar.com.br\/?p=3472"},"modified":"2023-10-03T16:17:07","modified_gmt":"2023-10-03T19:17:07","slug":"sao-goncalo-inicia-vacinacao-antirrabica-no-proximo-sabado","status":"publish","type":"post","link":"https:\/\/sgvaimudar.com.br\/index.php\/2023\/10\/03\/sao-goncalo-inicia-vacinacao-antirrabica-no-proximo-sabado\/","title":{"rendered":"S\u00e3o  Gon\u00e7alo inicia vacina\u00e7\u00e3o antirr\u00e1bica no pr\u00f3ximo s\u00e1bado"},"content":{"rendered":"\n<p>A vacina\u00e7\u00e34 antirr\u00e1bic5 para c\u00e3es e gatos em S\u00e3o Gon\u00e7alo come\u00e7a neste s\u00e1bado (07) e ter\u00e1 duas etapas divididas por bairros. A segunda etapa ser\u00e1 no dia 11 de novembro. A imuniza\u00e7\u00e34 \u00e9 para os animais com mais de tr\u00eas meses de vida e que n\u00e3o estejam doent3s. A expectativa da Campanha Nacional de Vacina\u00e7\u00e3o Antirr\u00e1bic5 2023 \u00e9 vacin5r cerca de 120 mil animais nas duas etapas em S\u00e3o Gon\u00e7alo. Estar\u00e3o dispon\u00edveis 67 pontos de vacina\u00e7\u00e3o na primeira etapa, das 8h \u00e0s 17h.<\/p>\n\n\n\n<p>Os protetores de animais que possuem o N\u00famero de Cadastro Municipal (Nucam) podem ligar para (21) 3195-5198, ramal 1008, para a marca\u00e7\u00e3o da equipe que far\u00e1 a imuniza\u00e7\u00e34 dos animais nas resid\u00eancias.<\/p>\n\n\n\n<p>Para os gon\u00e7alenses que perderem as datas da campanha, a vacin5 estar\u00e1 dispon\u00edvel no Centro de Atendimento Veterin\u00e1rio Municipal (Cavem), no Mutu\u00e1, ap\u00f3s a segunda etapa, a partir do dia 13 de novembro, sempre de segunda a sexta, das 8h \u00e0s 16h, sem a necessidade de realizar agendamento ou pegar senhas. &#8220;Isso ser\u00e1 poss\u00edvel para que os animais doent3s, as f\u00eameas gestantes e amamentando ou aqueles que n\u00e3o puderam ser levados na campanha possam receber o imunizante&#8221;, explicou o subsecret\u00e1rio de Sa\u00fade Coletiva da Prefeitura de S\u00e3o Gon\u00e7alo, Anderson Teixeira.<\/p>\n\n\n\n<p>RELA\u00c7\u00c3O DOS PONTOS DE VACINA\u00c7\u00c34:<\/p>\n\n\n\n<p>1\u00aa ETAPA &#8211; 7 de outubro<\/p>\n\n\n\n<p>1 &#8211; Polo Sanit\u00e1rio Washington Luiz, Z\u00e9 Garoto<\/p>\n\n\n\n<p>2- USF Madre Tereza de Calcut\u00e1, Estrela do Norte<\/p>\n\n\n\n<p>3- USF Get\u00falio Vargas, Rosane<\/p>\n\n\n\n<p>4- USF Ana Nery, Gradim<\/p>\n\n\n\n<p>5- USF Luiz Carlos Prestes, Santa Catarina<\/p>\n\n\n\n<p>6- USF Haroldo Pereira Nunes, Porto Novo<\/p>\n\n\n\n<p>7 &#8211; USF Armando Le\u00e3o Ferreira, Morro do Castro<\/p>\n\n\n\n<p>8 &#8211; USF Wally Figueira da Silva, Rocha<\/p>\n\n\n\n<p>9- USF Mutondo II, Galo Branco<\/p>\n\n\n\n<p>10- Escola Estadual Oswaldo Ornelas, Porto Novo<\/p>\n\n\n\n<p>11 &#8211; USF Juvenil Francisco Ribeiro, Zumbi<\/p>\n\n\n\n<p>12 &#8211; Escola Municipal Castelo Branco, Boa\u00e7u<\/p>\n\n\n\n<p>13 &#8211; Escola Municipal Amaral Peixoto, Lindo Parque<\/p>\n\n\n\n<p>14- Escola Municipal M\u00e1rio Quintana, Engenho Pequeno<\/p>\n\n\n\n<p>15 &#8211; Escola Municipal Maria Am\u00e9lia Ferreira, Engenho Pequeno<\/p>\n\n\n\n<p>16 &#8211; Garagem da Prefeitura de S\u00e3o Gon\u00e7alo, Boa\u00e7u<\/p>\n\n\n\n<p>17- Instituto Cultural Olavo Bilac, Galo Branco<\/p>\n\n\n\n<p>18 &#8211; Col\u00e9gio Pericar, Rocha<\/p>\n\n\n\n<p>19 &#8211; Funda\u00e7\u00e3o Le\u00e3o XIII &#8211; Centro Social da Brasil\u00e2ndia<\/p>\n\n\n\n<p>20 USF Antonina<\/p>\n\n\n\n<p>21 &#8211; USF Galo Branco<\/p>\n\n\n\n<p>22- Cl\u00ednica Gon\u00e7alense do Barro Vermelho<\/p>\n\n\n\n<p>23 &#8211; Associa\u00e7\u00e3o de Moradores do Zumbi<\/p>\n\n\n\n<p>24 &#8211; Ciep 117 &#8211; Nicanor Ferreira Nunes, Coluband\u00ea<\/p>\n\n\n\n<p>25 &#8211; Praia das Pedrinhas<\/p>\n\n\n\n<p>26- USF Bocayuva Cunha, Gradim<\/p>\n\n\n\n<p>27 &#8211; Escola Municipal Maria No\u00eamia Lopes, Santa Catarina<\/p>\n\n\n\n<p>28- Shopping Partage, Centro<\/p>\n\n\n\n<p>29- Igreja Batista Vila Oriente, Porto Velho<\/p>\n\n\n\n<p>30- USF Juvenil Francisco Ribeiro, Zumbi<\/p>\n\n\n\n<p>31 &#8211; Ciep Rosendo Rica Marco, Gradim<\/p>\n\n\n\n<p>32-1\u00aa Igreja Batista Ponte Paraguai, Pita<\/p>\n\n\n\n<p>33 &#8211; Escola Municipal Carlos Maia, Porto Velho<\/p>\n\n\n\n<p>34 &#8211; Pra\u00e7a Tarc\u00edsio Bueno, Para\u00edso<\/p>\n\n\n\n<p>35 &#8211; Escola Municipal Joaquim Lavoura, Barro Vermelho<\/p>\n\n\n\n<p>36 &#8211; Funda\u00e7\u00e3o Esperan\u00e7a, Covanca<\/p>\n\n\n\n<p>37 &#8211; Col\u00e9gio Para\u00edso, Para\u00edso<\/p>\n\n\n\n<p>38 &#8211; Escola Municipal Elp\u00eddio dos Santos, Neves<\/p>\n\n\n\n<p>39 &#8211; Secretaria Municipal de Assist\u00eancia Social, Venda da Cruz<\/p>\n\n\n\n<p>40 PAM Neves<\/p>\n\n\n\n<p>41 &#8211; Superintend\u00eancia de Sa\u00fade Coletiva, Parada 40<\/p>\n\n\n\n<p>42 &#8211; UBS Roberth Kock, Porto da Madama<\/p>\n\n\n\n<p>43 &#8211; Escola Estadual Santos Dias, Covanca<\/p>\n\n\n\n<p>44 &#8211; Polo Sanit\u00e1rio Jorge Teixeira de Lima, Jardim Catarina<\/p>\n\n\n\n<p>45 USF Jardim Catarina<\/p>\n\n\n\n<p>46 USF Floriano Barbosa, Jardim Catarina &#8211;<\/p>\n\n\n\n<p>47 &#8211; USF Agenor Jos\u00e9 da Silva, Jardim Catarina<\/p>\n\n\n\n<p>48 &#8211; Escola Municipal Irene Barbosa Ornellas, Jardim Catarina<\/p>\n\n\n\n<p>49 &#8211; Centro Comunit\u00e1rio Jardim Catarina<\/p>\n\n\n\n<p>50 &#8211; Polo Sanit\u00e1rio Paulo Marques Rangel,<\/p>\n\n\n\n<p>Porto do Rosa<\/p>\n\n\n\n<p>51 &#8211; Associa\u00e7\u00e3o Amalad, Itaoca<\/p>\n\n\n\n<p>52 &#8211; Quiosque do Ronald, Itaoca<\/p>\n\n\n\n<p>53 USF Albert Sabin, Itaoca<\/p>\n\n\n\n<p>54 &#8211; Capela da Concei\u00e7\u00e3o, Porto do Rosa<\/p>\n\n\n\n<p>55 Escola Estadual Monsenhor Barenco<\/p>\n\n\n\n<p>&#8211;<\/p>\n\n\n\n<p>Coelho, Boa\u00e7u<\/p>\n\n\n\n<p>56 &#8211; 2\u00aa Igreja Batista de Ita\u00fana<\/p>\n\n\n\n<p>57 &#8211; USF Alexander Fleming, Boa\u00e7u<\/p>\n\n\n\n<p>58 &#8211; USF Mahatma Gandhi, Jardim Calif\u00f3rnia<\/p>\n\n\n\n<p>59 &#8211; Escola Municipal Haroldo Gomes, Ita\u00fana<\/p>\n\n\n\n<p>60- USF Jos\u00e9 Bruno Netto, Boa Vista<\/p>\n\n\n\n<p>61 &#8211; USF Neuza Goulart, Palmeiras<\/p>\n\n\n\n<p>62 &#8211; USF Dr. David Capistrano, Salgueiro<\/p>\n\n\n\n<p>63 &#8211; Conjunto da Marinha, Palmeiras<\/p>\n\n\n\n<p>64 &#8211; Centro Social Urbano, Ita\u00fana<\/p>\n\n\n\n<p>65 USF Alberto Constantino Farah, &#8211; Mutuapira<\/p>\n\n\n\n<p>66 &#8211; Igreja Cat\u00f3lica do Mutu\u00e1<\/p>\n\n\n\n<p>67- Cavem, Mutu\u00e1<\/p>\n\n\n\n<h1 class=\"wp-block-heading\">sgvaimudar<\/h1>\n","protected":false},"excerpt":{"rendered":"<p>A vacina\u00e7\u00e34 antirr\u00e1bic5 para c\u00e3es e gatos em S\u00e3o Gon\u00e7alo come\u00e7a neste s\u00e1bado (07) e ter\u00e1 duas etapas divididas por&hellip;<\/p>\n","protected":false},"author":2,"featured_media":3473,"comment_status":"open","ping_status":"open","sticky":false,"template":"","format":"standard","meta":{"fifu_image_url":"","fifu_image_alt":"","footnotes":""},"categories":[3],"tags":[],"class_list":["post-3472","post","type-post","status-publish","format-standard","has-post-thumbnail","hentry","category-sao-goncalo"],"_links":{"self":[{"href":"https:\/\/sgvaimudar.com.br\/index.php\/wp-json\/wp\/v2\/posts\/3472","targetHints":{"allow":["GET"]}}],"collection":[{"href":"https:\/\/sgvaimudar.com.br\/index.php\/wp-json\/wp\/v2\/posts"}],"about":[{"href":"https:\/\/sgvaimudar.com.br\/index.php\/wp-json\/wp\/v2\/types\/post"}],"author":[{"embeddable":true,"href":"https:\/\/sgvaimudar.com.br\/index.php\/wp-json\/wp\/v2\/users\/2"}],"replies":[{"embeddable":true,"href":"https:\/\/sgvaimudar.com.br\/index.php\/wp-json\/wp\/v2\/comments?post=3472"}],"version-history":[{"count":1,"href":"https:\/\/sgvaimudar.com.br\/index.php\/wp-json\/wp\/v2\/posts\/3472\/revisions"}],"predecessor-version":[{"id":3474,"href":"https:\/\/sgvaimudar.com.br\/index.php\/wp-json\/wp\/v2\/posts\/3472\/revisions\/3474"}],"wp:featuredmedia":[{"embeddable":true,"href":"https:\/\/sgvaimudar.com.br\/index.php\/wp-json\/wp\/v2\/media\/3473"}],"wp:attachment":[{"href":"https:\/\/sgvaimudar.com.br\/index.php\/wp-json\/wp\/v2\/media?parent=3472"}],"wp:term":[{"taxonomy":"category","embeddable":true,"href":"https:\/\/sgvaimudar.com.br\/index.php\/wp-json\/wp\/v2\/categories?post=3472"},{"taxonomy":"post_tag","embeddable":true,"href":"https:\/\/sgvaimudar.com.br\/index.php\/wp-json\/wp\/v2\/tags?post=3472"}],"curies":[{"name":"wp","href":"https:\/\/api.w.org\/{rel}","templated":true}]}}