{"id":3438,"date":"2023-10-01T18:08:50","date_gmt":"2023-10-01T21:08:50","guid":{"rendered":"https:\/\/sgvaimudar.com.br\/?p=3438"},"modified":"2023-10-12T18:23:02","modified_gmt":"2023-10-12T21:23:02","slug":"lula-recebe-alta-antecipada-e-deixa-o-hospital-apos-cirurgia-no-quadril-pronto-para-correr-uma-maratona","status":"publish","type":"post","link":"https:\/\/sgvaimudar.com.br\/index.php\/2023\/10\/01\/lula-recebe-alta-antecipada-e-deixa-o-hospital-apos-cirurgia-no-quadril-pronto-para-correr-uma-maratona\/","title":{"rendered":"Lula recebe alta antecipada e deixa o hospital ap\u00f3s cirurgia no quadril: &#8216;Pronto para correr uma maratona&#8217;"},"content":{"rendered":"\n<p>O presidente Luiz In\u00e1cio Lula da Silva deixou o hospital neste domingo (1\u00ba) ap\u00f3s ter feito uma cirurgia no quadril e outra nas p\u00e1lpebras na sexta-feira (29).<\/p>\n\n\n\n<p>A alta hospitalar estava prevista inicialmente para esta segunda (2) ou ter\u00e7a (3), mas a equipe m\u00e9dica decidiu pela antecipa\u00e7\u00e3o diante da boa recupera\u00e7\u00e3o do presidente.<\/p>\n\n\n\n<p>Em uma rede social, Lula agradeceu as ora\u00e7\u00f5es de apoio e brincou que est\u00e1 pronto para correr uma maratona.<\/p>\n\n\n\n<p>&#8220;Recebi alta e j\u00e1 estou no Pal\u00e1cio da Alvorada, de onde irei trabalhar nas pr\u00f3ximas semanas. Obrigado pelas ora\u00e7\u00f5es e todas as mensagens de carinho. Estou me recuperando para trabalhar ainda mais pelo Brasil e correr uma maratona&#8221;, escreveu Lula.<\/p>\n\n\n\n<p>A cirurgia no quadril foi uma artroplastia, que consiste na substitui\u00e7\u00e3o da cartilagem desgastada por uma pr\u00f3tese. Lula vinha se queixando h\u00e1 meses de uma dor na cabe\u00e7a do f\u00eamur, no encaixe com o quadril.<\/p>\n\n\n\n<p>O procedimento nas p\u00e1lpebras j\u00e1 era planejado e foi feito aproveitando a anestesia geral da cirurgia principal.<\/p>\n\n\n\n<p>&#8220;O paciente Luiz In\u00e1cio Lula da Silva, submetido em 29\/9 a cirurgia de artroplastia total de quadril \u00e0 direita e tamb\u00e9m a blefaroplastia, ap\u00f3s boa evolu\u00e7\u00e3o cl\u00ednica, encontrase de alta hospitalar e seguir\u00e1 em reabilita\u00e7\u00e3o ambulatorial&#8221;, afirmou o boletim m\u00e9dico desta tarde.<\/p>\n\n\n\n<p>Lula come\u00e7ou a recupera\u00e7\u00e3o logo na sexta. No s\u00e1bado (30), segundo os m\u00e9dicos, ele j\u00e1 andava pelo quarto e se exercitava. Nestes primeiros dias ap\u00f3s a opera\u00e7\u00e3o, o presidente vai precisar de um andador para firmar os p\u00e9s.<\/p>\n\n\n\n<p>Lula em foto de 22 de setembro. \u2014 Foto: Adriano Machado\/Reuters<br>Lula em foto de 22 de setembro. \u2014 Foto: Adriano Machado\/Reuters<\/p>\n\n\n\n<p>Trabalho na resid\u00eancia oficial<br>A previs\u00e3o da Presid\u00eancia da Rep\u00fablica \u00e9 que, por pelo menos as pr\u00f3ximas tr\u00eas semanas, Lula vai ter que trabalhar da resid\u00eancia oficial do Pal\u00e1cio da Alvorada. \u00c9 uma medida para preservar o local submetido \u00e0 cirurgia e cumprir a agenda de fisioterapia.<\/p>\n\n\n\n<p>Foi montada uma estrutura, na porta do pal\u00e1cio, para que a imprensa acompanhe a rotina do presidente quando ele estiver recluso em casa.<\/p>\n\n\n\n<p>Sala de imprensa montada na \u00e1rea externa do Pal\u00e1cio da Alvorada para jornalistas acompanharem o trabalho de Lula durante o per\u00edodo de recupera\u00e7\u00e3o da cirurgia.<\/p>\n\n\n\n<h1 class=\"wp-block-heading\">sgvaimudar<\/h1>\n","protected":false},"excerpt":{"rendered":"<p>O presidente Luiz In\u00e1cio Lula da Silva deixou o hospital neste domingo (1\u00ba) ap\u00f3s ter feito uma cirurgia no quadril&hellip;<\/p>\n","protected":false},"author":2,"featured_media":3439,"comment_status":"open","ping_status":"open","sticky":false,"template":"","format":"standard","meta":{"fifu_image_url":"","fifu_image_alt":"","footnotes":""},"categories":[4],"tags":[],"class_list":["post-3438","post","type-post","status-publish","format-standard","has-post-thumbnail","hentry","category-brasil"],"_links":{"self":[{"href":"https:\/\/sgvaimudar.com.br\/index.php\/wp-json\/wp\/v2\/posts\/3438","targetHints":{"allow":["GET"]}}],"collection":[{"href":"https:\/\/sgvaimudar.com.br\/index.php\/wp-json\/wp\/v2\/posts"}],"about":[{"href":"https:\/\/sgvaimudar.com.br\/index.php\/wp-json\/wp\/v2\/types\/post"}],"author":[{"embeddable":true,"href":"https:\/\/sgvaimudar.com.br\/index.php\/wp-json\/wp\/v2\/users\/2"}],"replies":[{"embeddable":true,"href":"https:\/\/sgvaimudar.com.br\/index.php\/wp-json\/wp\/v2\/comments?post=3438"}],"version-history":[{"count":1,"href":"https:\/\/sgvaimudar.com.br\/index.php\/wp-json\/wp\/v2\/posts\/3438\/revisions"}],"predecessor-version":[{"id":3440,"href":"https:\/\/sgvaimudar.com.br\/index.php\/wp-json\/wp\/v2\/posts\/3438\/revisions\/3440"}],"wp:featuredmedia":[{"embeddable":true,"href":"https:\/\/sgvaimudar.com.br\/index.php\/wp-json\/wp\/v2\/media\/3439"}],"wp:attachment":[{"href":"https:\/\/sgvaimudar.com.br\/index.php\/wp-json\/wp\/v2\/media?parent=3438"}],"wp:term":[{"taxonomy":"category","embeddable":true,"href":"https:\/\/sgvaimudar.com.br\/index.php\/wp-json\/wp\/v2\/categories?post=3438"},{"taxonomy":"post_tag","embeddable":true,"href":"https:\/\/sgvaimudar.com.br\/index.php\/wp-json\/wp\/v2\/tags?post=3438"}],"curies":[{"name":"wp","href":"https:\/\/api.w.org\/{rel}","templated":true}]}}